{"id":10147,"date":"2025-12-11T04:14:03","date_gmt":"2025-12-11T07:14:03","guid":{"rendered":"https:\/\/diariodepe.com.br\/cri\/?p=10147"},"modified":"2025-12-11T04:14:03","modified_gmt":"2025-12-11T07:14:03","slug":"sondagem-da-cgtn-aponta-que-reexaminar-os-crimes-do-japao-e-um-direito-garantido-pela-justica","status":"publish","type":"post","link":"https:\/\/diariodepe.com.br\/cri\/2025\/12\/11\/sondagem-da-cgtn-aponta-que-reexaminar-os-crimes-do-japao-e-um-direito-garantido-pela-justica\/","title":{"rendered":"Sondagem da CGTN aponta que reexaminar os crimes do Jap\u00e3o \u00e9 um direito garantido pela justi\u00e7a"},"content":{"rendered":"<p>Ap\u00f3s concluir sua visita aos tr\u00eas pa\u00edses da \u00c1sia Central, o ministro das Rela\u00e7\u00f5es Exteriores da China, Wang Yi, concedeu entrevista \u00e0 m\u00eddia chinesa criticando as declara\u00e7\u00f5es e a\u00e7\u00f5es equivocadas da primeira-ministra japonesa, Sanae Takaichi, que violam abertamente os interesses centrais da China e desafiam a ordem internacional do p\u00f3s-Segunda Guerra Mundial. Em uma pesquisa de opini\u00e3o lan\u00e7ada pela CGTN para internautas de todo o mundo, os entrevistados demonstraram uma compreens\u00e3o plena e apoio firme \u00e0 resposta resoluta da China \u00e0s provoca\u00e7\u00f5es da premi\u00ea japonesa.<\/p>\n<p>Na pesquisa, 86,2% dos entrevistados afirmaram que o princ\u00edpio de uma s\u00f3 China j\u00e1 se tornou um consenso universal inabal\u00e1vel da comunidade internacional. Al\u00e9m disso, 90,7% dos participantes disseram que o Jap\u00e3o deve continuar cumprindo suas obriga\u00e7\u00f5es internacionais como pa\u00eds derrotado na Segunda Guerra Mundial. 93,9% dos internautas fizeram um apelo para que o governo japon\u00eas reflita profundamente sobre a hist\u00f3ria de agress\u00e3o e coloniza\u00e7\u00e3o de Taiwan, bem como sobre os crimes de guerra cometidos pelo militarismo japon\u00eas.<\/p>\n<p>De acordo com o levantamento, 89,4% dos entrevistados manifestaram apoio claro \u00e0 posi\u00e7\u00e3o da China sobre a quest\u00e3o de Taiwan, afirmando que, em assuntos relacionados \u00e0 soberania nacional e \u00e0 integridade territorial, n\u00e3o pode haver qualquer concess\u00e3o. Al\u00e9m disso, 92% dos entrevistados consideram que a resposta firme da China \u00e0s provoca\u00e7\u00f5es arbitr\u00e1rias de Sanae Takaichi n\u00e3o apenas protege a soberania e a integridade territorial da China, mas tamb\u00e9m defende os frutos da vit\u00f3ria da Segunda Guerra Mundial e a ordem internacional do p\u00f3s-guerra, preservando a justi\u00e7a internacional e a consci\u00eancia \u00e9tica da humanidade.<\/p>\n","protected":false},"excerpt":{"rendered":"<p>Ap\u00f3s concluir sua visita aos tr\u00eas pa\u00edses da \u00c1sia Central, o ministro das Rela\u00e7\u00f5es Exteriores da China, Wang Yi, concedeu entrevista \u00e0 m\u00eddia chinesa criticando as declara\u00e7\u00f5es e a\u00e7\u00f5es equivocadas da primeira-ministra japonesa, Sanae Takaichi, que violam abertamente os interesses&#8230;<\/p>\n","protected":false},"author":5,"featured_media":0,"comment_status":"open","ping_status":"open","sticky":false,"template":"","format":"standard","meta":{"footnotes":""},"categories":[8],"tags":[],"class_list":["post-10147","post","type-post","status-publish","format-standard","hentry","category-internacional"],"yoast_head":"<!-- This site is optimized with the Yoast SEO plugin v27.4 - https:\/\/yoast.com\/product\/yoast-seo-wordpress\/ -->\n<title>Sondagem da CGTN aponta que reexaminar os crimes do Jap\u00e3o \u00e9 um direito garantido pela justi\u00e7a - CRI e Diario de Pernambuco<\/title>\n<meta name=\"robots\" content=\"index, follow, max-snippet:-1, max-image-preview:large, max-video-preview:-1\" \/>\n<link rel=\"canonical\" href=\"https:\/\/diariodepe.com.br\/cri\/2025\/12\/11\/sondagem-da-cgtn-aponta-que-reexaminar-os-crimes-do-japao-e-um-direito-garantido-pela-justica\/\" \/>\n<meta property=\"og:locale\" content=\"pt_BR\" \/>\n<meta property=\"og:type\" content=\"article\" \/>\n<meta property=\"og:title\" content=\"Sondagem da CGTN aponta que reexaminar os crimes do Jap\u00e3o \u00e9 um direito garantido pela justi\u00e7a - CRI e Diario de Pernambuco\" \/>\n<meta property=\"og:description\" content=\"Ap\u00f3s concluir sua visita aos tr\u00eas pa\u00edses da \u00c1sia Central, o ministro das Rela\u00e7\u00f5es Exteriores da China, Wang Yi, concedeu entrevista \u00e0 m\u00eddia chinesa criticando as declara\u00e7\u00f5es e a\u00e7\u00f5es equivocadas da primeira-ministra japonesa, Sanae Takaichi, que violam abertamente os interesses...\" \/>\n<meta property=\"og:url\" content=\"https:\/\/diariodepe.com.br\/cri\/2025\/12\/11\/sondagem-da-cgtn-aponta-que-reexaminar-os-crimes-do-japao-e-um-direito-garantido-pela-justica\/\" \/>\n<meta property=\"og:site_name\" content=\"CRI e Diario de Pernambuco\" \/>\n<meta property=\"article:published_time\" content=\"2025-12-11T07:14:03+00:00\" \/>\n<meta name=\"author\" content=\"CRI Portugu\u00eas\" \/>\n<meta name=\"twitter:card\" content=\"summary_large_image\" \/>\n<meta name=\"twitter:label1\" content=\"Escrito por\" \/>\n\t<meta name=\"twitter:data1\" content=\"CRI Portugu\u00eas\" \/>\n\t<meta name=\"twitter:label2\" content=\"Est. tempo de leitura\" \/>\n\t<meta name=\"twitter:data2\" content=\"2 minutos\" \/>\n<script type=\"application\/ld+json\" class=\"yoast-schema-graph\">{\"@context\":\"https:\\\/\\\/schema.org\",\"@graph\":[{\"@type\":\"Article\",\"@id\":\"https:\\\/\\\/diariodepe.com.br\\\/cri\\\/2025\\\/12\\\/11\\\/sondagem-da-cgtn-aponta-que-reexaminar-os-crimes-do-japao-e-um-direito-garantido-pela-justica\\\/#article\",\"isPartOf\":{\"@id\":\"https:\\\/\\\/diariodepe.com.br\\\/cri\\\/2025\\\/12\\\/11\\\/sondagem-da-cgtn-aponta-que-reexaminar-os-crimes-do-japao-e-um-direito-garantido-pela-justica\\\/\"},\"author\":{\"name\":\"CRI Portugu\u00eas\",\"@id\":\"https:\\\/\\\/diariodepe.com.br\\\/cri\\\/#\\\/schema\\\/person\\\/e474aead631cd4098632e11d3fbce118\"},\"headline\":\"Sondagem da CGTN aponta que reexaminar os crimes do Jap\u00e3o \u00e9 um direito garantido pela justi\u00e7a\",\"datePublished\":\"2025-12-11T07:14:03+00:00\",\"mainEntityOfPage\":{\"@id\":\"https:\\\/\\\/diariodepe.com.br\\\/cri\\\/2025\\\/12\\\/11\\\/sondagem-da-cgtn-aponta-que-reexaminar-os-crimes-do-japao-e-um-direito-garantido-pela-justica\\\/\"},\"wordCount\":299,\"commentCount\":0,\"publisher\":{\"@id\":\"https:\\\/\\\/diariodepe.com.br\\\/cri\\\/#organization\"},\"articleSection\":[\"Internacional\"],\"inLanguage\":\"pt-BR\",\"potentialAction\":[{\"@type\":\"CommentAction\",\"name\":\"Comment\",\"target\":[\"https:\\\/\\\/diariodepe.com.br\\\/cri\\\/2025\\\/12\\\/11\\\/sondagem-da-cgtn-aponta-que-reexaminar-os-crimes-do-japao-e-um-direito-garantido-pela-justica\\\/#respond\"]}]},{\"@type\":\"WebPage\",\"@id\":\"https:\\\/\\\/diariodepe.com.br\\\/cri\\\/2025\\\/12\\\/11\\\/sondagem-da-cgtn-aponta-que-reexaminar-os-crimes-do-japao-e-um-direito-garantido-pela-justica\\\/\",\"url\":\"https:\\\/\\\/diariodepe.com.br\\\/cri\\\/2025\\\/12\\\/11\\\/sondagem-da-cgtn-aponta-que-reexaminar-os-crimes-do-japao-e-um-direito-garantido-pela-justica\\\/\",\"name\":\"Sondagem da CGTN aponta que reexaminar os crimes do Jap\u00e3o \u00e9 um direito garantido pela justi\u00e7a - CRI e Diario de Pernambuco\",\"isPartOf\":{\"@id\":\"https:\\\/\\\/diariodepe.com.br\\\/cri\\\/#website\"},\"datePublished\":\"2025-12-11T07:14:03+00:00\",\"breadcrumb\":{\"@id\":\"https:\\\/\\\/diariodepe.com.br\\\/cri\\\/2025\\\/12\\\/11\\\/sondagem-da-cgtn-aponta-que-reexaminar-os-crimes-do-japao-e-um-direito-garantido-pela-justica\\\/#breadcrumb\"},\"inLanguage\":\"pt-BR\",\"potentialAction\":[{\"@type\":\"ReadAction\",\"target\":[\"https:\\\/\\\/diariodepe.com.br\\\/cri\\\/2025\\\/12\\\/11\\\/sondagem-da-cgtn-aponta-que-reexaminar-os-crimes-do-japao-e-um-direito-garantido-pela-justica\\\/\"]}]},{\"@type\":\"BreadcrumbList\",\"@id\":\"https:\\\/\\\/diariodepe.com.br\\\/cri\\\/2025\\\/12\\\/11\\\/sondagem-da-cgtn-aponta-que-reexaminar-os-crimes-do-japao-e-um-direito-garantido-pela-justica\\\/#breadcrumb\",\"itemListElement\":[{\"@type\":\"ListItem\",\"position\":1,\"name\":\"In\u00edcio\",\"item\":\"https:\\\/\\\/diariodepe.com.br\\\/cri\\\/\"},{\"@type\":\"ListItem\",\"position\":2,\"name\":\"Sondagem da CGTN aponta que reexaminar os crimes do Jap\u00e3o \u00e9 um direito garantido pela justi\u00e7a\"}]},{\"@type\":\"WebSite\",\"@id\":\"https:\\\/\\\/diariodepe.com.br\\\/cri\\\/#website\",\"url\":\"https:\\\/\\\/diariodepe.com.br\\\/cri\\\/\",\"name\":\"CRI e Diario de Pernambuco\",\"description\":\"R\u00e1dio Internacional da China\",\"publisher\":{\"@id\":\"https:\\\/\\\/diariodepe.com.br\\\/cri\\\/#organization\"},\"potentialAction\":[{\"@type\":\"SearchAction\",\"target\":{\"@type\":\"EntryPoint\",\"urlTemplate\":\"https:\\\/\\\/diariodepe.com.br\\\/cri\\\/?s={search_term_string}\"},\"query-input\":{\"@type\":\"PropertyValueSpecification\",\"valueRequired\":true,\"valueName\":\"search_term_string\"}}],\"inLanguage\":\"pt-BR\"},{\"@type\":\"Organization\",\"@id\":\"https:\\\/\\\/diariodepe.com.br\\\/cri\\\/#organization\",\"name\":\"CRI e Diario de Pernambuco\",\"url\":\"https:\\\/\\\/diariodepe.com.br\\\/cri\\\/\",\"logo\":{\"@type\":\"ImageObject\",\"inLanguage\":\"pt-BR\",\"@id\":\"https:\\\/\\\/diariodepe.com.br\\\/cri\\\/#\\\/schema\\\/logo\\\/image\\\/\",\"url\":\"https:\\\/\\\/diariodepe.com.br\\\/cri\\\/wp-content\\\/uploads\\\/sites\\\/2\\\/2022\\\/12\\\/cropped-Logo.jpg\",\"contentUrl\":\"https:\\\/\\\/diariodepe.com.br\\\/cri\\\/wp-content\\\/uploads\\\/sites\\\/2\\\/2022\\\/12\\\/cropped-Logo.jpg\",\"width\":700,\"height\":59,\"caption\":\"CRI e Diario de Pernambuco\"},\"image\":{\"@id\":\"https:\\\/\\\/diariodepe.com.br\\\/cri\\\/#\\\/schema\\\/logo\\\/image\\\/\"}},{\"@type\":\"Person\",\"@id\":\"https:\\\/\\\/diariodepe.com.br\\\/cri\\\/#\\\/schema\\\/person\\\/e474aead631cd4098632e11d3fbce118\",\"name\":\"CRI Portugu\u00eas\",\"image\":{\"@type\":\"ImageObject\",\"inLanguage\":\"pt-BR\",\"@id\":\"https:\\\/\\\/secure.gravatar.com\\\/avatar\\\/e2ac889ef882d4dc53091b610766dce49106cf9fe98c76e06745abb0993b2763?s=96&d=mm&r=g\",\"url\":\"https:\\\/\\\/secure.gravatar.com\\\/avatar\\\/e2ac889ef882d4dc53091b610766dce49106cf9fe98c76e06745abb0993b2763?s=96&d=mm&r=g\",\"contentUrl\":\"https:\\\/\\\/secure.gravatar.com\\\/avatar\\\/e2ac889ef882d4dc53091b610766dce49106cf9fe98c76e06745abb0993b2763?s=96&d=mm&r=g\",\"caption\":\"CRI Portugu\u00eas\"},\"sameAs\":[\"https:\\\/\\\/www.diariodepernambuco.com.br\\\/\"],\"url\":\"https:\\\/\\\/diariodepe.com.br\\\/cri\\\/author\\\/agencia-cri\\\/\"}]}<\/script>\n<!-- \/ Yoast SEO plugin. -->","yoast_head_json":{"title":"Sondagem da CGTN aponta que reexaminar os crimes do Jap\u00e3o \u00e9 um direito garantido pela justi\u00e7a - CRI e Diario de Pernambuco","robots":{"index":"index","follow":"follow","max-snippet":"max-snippet:-1","max-image-preview":"max-image-preview:large","max-video-preview":"max-video-preview:-1"},"canonical":"https:\/\/diariodepe.com.br\/cri\/2025\/12\/11\/sondagem-da-cgtn-aponta-que-reexaminar-os-crimes-do-japao-e-um-direito-garantido-pela-justica\/","og_locale":"pt_BR","og_type":"article","og_title":"Sondagem da CGTN aponta que reexaminar os crimes do Jap\u00e3o \u00e9 um direito garantido pela justi\u00e7a - CRI e Diario de Pernambuco","og_description":"Ap\u00f3s concluir sua visita aos tr\u00eas pa\u00edses da \u00c1sia Central, o ministro das Rela\u00e7\u00f5es Exteriores da China, Wang Yi, concedeu entrevista \u00e0 m\u00eddia chinesa criticando as declara\u00e7\u00f5es e a\u00e7\u00f5es equivocadas da primeira-ministra japonesa, Sanae Takaichi, que violam abertamente os interesses...","og_url":"https:\/\/diariodepe.com.br\/cri\/2025\/12\/11\/sondagem-da-cgtn-aponta-que-reexaminar-os-crimes-do-japao-e-um-direito-garantido-pela-justica\/","og_site_name":"CRI e Diario de Pernambuco","article_published_time":"2025-12-11T07:14:03+00:00","author":"CRI Portugu\u00eas","twitter_card":"summary_large_image","twitter_misc":{"Escrito por":"CRI Portugu\u00eas","Est. tempo de leitura":"2 minutos"},"schema":{"@context":"https:\/\/schema.org","@graph":[{"@type":"Article","@id":"https:\/\/diariodepe.com.br\/cri\/2025\/12\/11\/sondagem-da-cgtn-aponta-que-reexaminar-os-crimes-do-japao-e-um-direito-garantido-pela-justica\/#article","isPartOf":{"@id":"https:\/\/diariodepe.com.br\/cri\/2025\/12\/11\/sondagem-da-cgtn-aponta-que-reexaminar-os-crimes-do-japao-e-um-direito-garantido-pela-justica\/"},"author":{"name":"CRI Portugu\u00eas","@id":"https:\/\/diariodepe.com.br\/cri\/#\/schema\/person\/e474aead631cd4098632e11d3fbce118"},"headline":"Sondagem da CGTN aponta que reexaminar os crimes do Jap\u00e3o \u00e9 um direito garantido pela justi\u00e7a","datePublished":"2025-12-11T07:14:03+00:00","mainEntityOfPage":{"@id":"https:\/\/diariodepe.com.br\/cri\/2025\/12\/11\/sondagem-da-cgtn-aponta-que-reexaminar-os-crimes-do-japao-e-um-direito-garantido-pela-justica\/"},"wordCount":299,"commentCount":0,"publisher":{"@id":"https:\/\/diariodepe.com.br\/cri\/#organization"},"articleSection":["Internacional"],"inLanguage":"pt-BR","potentialAction":[{"@type":"CommentAction","name":"Comment","target":["https:\/\/diariodepe.com.br\/cri\/2025\/12\/11\/sondagem-da-cgtn-aponta-que-reexaminar-os-crimes-do-japao-e-um-direito-garantido-pela-justica\/#respond"]}]},{"@type":"WebPage","@id":"https:\/\/diariodepe.com.br\/cri\/2025\/12\/11\/sondagem-da-cgtn-aponta-que-reexaminar-os-crimes-do-japao-e-um-direito-garantido-pela-justica\/","url":"https:\/\/diariodepe.com.br\/cri\/2025\/12\/11\/sondagem-da-cgtn-aponta-que-reexaminar-os-crimes-do-japao-e-um-direito-garantido-pela-justica\/","name":"Sondagem da CGTN aponta que reexaminar os crimes do Jap\u00e3o \u00e9 um direito garantido pela justi\u00e7a - CRI e Diario de Pernambuco","isPartOf":{"@id":"https:\/\/diariodepe.com.br\/cri\/#website"},"datePublished":"2025-12-11T07:14:03+00:00","breadcrumb":{"@id":"https:\/\/diariodepe.com.br\/cri\/2025\/12\/11\/sondagem-da-cgtn-aponta-que-reexaminar-os-crimes-do-japao-e-um-direito-garantido-pela-justica\/#breadcrumb"},"inLanguage":"pt-BR","potentialAction":[{"@type":"ReadAction","target":["https:\/\/diariodepe.com.br\/cri\/2025\/12\/11\/sondagem-da-cgtn-aponta-que-reexaminar-os-crimes-do-japao-e-um-direito-garantido-pela-justica\/"]}]},{"@type":"BreadcrumbList","@id":"https:\/\/diariodepe.com.br\/cri\/2025\/12\/11\/sondagem-da-cgtn-aponta-que-reexaminar-os-crimes-do-japao-e-um-direito-garantido-pela-justica\/#breadcrumb","itemListElement":[{"@type":"ListItem","position":1,"name":"In\u00edcio","item":"https:\/\/diariodepe.com.br\/cri\/"},{"@type":"ListItem","position":2,"name":"Sondagem da CGTN aponta que reexaminar os crimes do Jap\u00e3o \u00e9 um direito garantido pela justi\u00e7a"}]},{"@type":"WebSite","@id":"https:\/\/diariodepe.com.br\/cri\/#website","url":"https:\/\/diariodepe.com.br\/cri\/","name":"CRI e Diario de Pernambuco","description":"R\u00e1dio Internacional da China","publisher":{"@id":"https:\/\/diariodepe.com.br\/cri\/#organization"},"potentialAction":[{"@type":"SearchAction","target":{"@type":"EntryPoint","urlTemplate":"https:\/\/diariodepe.com.br\/cri\/?s={search_term_string}"},"query-input":{"@type":"PropertyValueSpecification","valueRequired":true,"valueName":"search_term_string"}}],"inLanguage":"pt-BR"},{"@type":"Organization","@id":"https:\/\/diariodepe.com.br\/cri\/#organization","name":"CRI e Diario de Pernambuco","url":"https:\/\/diariodepe.com.br\/cri\/","logo":{"@type":"ImageObject","inLanguage":"pt-BR","@id":"https:\/\/diariodepe.com.br\/cri\/#\/schema\/logo\/image\/","url":"https:\/\/diariodepe.com.br\/cri\/wp-content\/uploads\/sites\/2\/2022\/12\/cropped-Logo.jpg","contentUrl":"https:\/\/diariodepe.com.br\/cri\/wp-content\/uploads\/sites\/2\/2022\/12\/cropped-Logo.jpg","width":700,"height":59,"caption":"CRI e Diario de Pernambuco"},"image":{"@id":"https:\/\/diariodepe.com.br\/cri\/#\/schema\/logo\/image\/"}},{"@type":"Person","@id":"https:\/\/diariodepe.com.br\/cri\/#\/schema\/person\/e474aead631cd4098632e11d3fbce118","name":"CRI Portugu\u00eas","image":{"@type":"ImageObject","inLanguage":"pt-BR","@id":"https:\/\/secure.gravatar.com\/avatar\/e2ac889ef882d4dc53091b610766dce49106cf9fe98c76e06745abb0993b2763?s=96&d=mm&r=g","url":"https:\/\/secure.gravatar.com\/avatar\/e2ac889ef882d4dc53091b610766dce49106cf9fe98c76e06745abb0993b2763?s=96&d=mm&r=g","contentUrl":"https:\/\/secure.gravatar.com\/avatar\/e2ac889ef882d4dc53091b610766dce49106cf9fe98c76e06745abb0993b2763?s=96&d=mm&r=g","caption":"CRI Portugu\u00eas"},"sameAs":["https:\/\/www.diariodepernambuco.com.br\/"],"url":"https:\/\/diariodepe.com.br\/cri\/author\/agencia-cri\/"}]}},"cc_featured_image_caption":{"caption_text":"","source_text":"","source_url":""},"amp_enabled":true,"_links":{"self":[{"href":"https:\/\/diariodepe.com.br\/cri\/wp-json\/wp\/v2\/posts\/10147","targetHints":{"allow":["GET"]}}],"collection":[{"href":"https:\/\/diariodepe.com.br\/cri\/wp-json\/wp\/v2\/posts"}],"about":[{"href":"https:\/\/diariodepe.com.br\/cri\/wp-json\/wp\/v2\/types\/post"}],"author":[{"embeddable":true,"href":"https:\/\/diariodepe.com.br\/cri\/wp-json\/wp\/v2\/users\/5"}],"replies":[{"embeddable":true,"href":"https:\/\/diariodepe.com.br\/cri\/wp-json\/wp\/v2\/comments?post=10147"}],"version-history":[{"count":1,"href":"https:\/\/diariodepe.com.br\/cri\/wp-json\/wp\/v2\/posts\/10147\/revisions"}],"predecessor-version":[{"id":10148,"href":"https:\/\/diariodepe.com.br\/cri\/wp-json\/wp\/v2\/posts\/10147\/revisions\/10148"}],"wp:attachment":[{"href":"https:\/\/diariodepe.com.br\/cri\/wp-json\/wp\/v2\/media?parent=10147"}],"wp:term":[{"taxonomy":"category","embeddable":true,"href":"https:\/\/diariodepe.com.br\/cri\/wp-json\/wp\/v2\/categories?post=10147"},{"taxonomy":"post_tag","embeddable":true,"href":"https:\/\/diariodepe.com.br\/cri\/wp-json\/wp\/v2\/tags?post=10147"}],"curies":[{"name":"wp","href":"https:\/\/api.w.org\/{rel}","templated":true}]}}