{"id":10145,"date":"2025-12-11T04:13:37","date_gmt":"2025-12-11T07:13:37","guid":{"rendered":"https:\/\/diariodepe.com.br\/cri\/?p=10145"},"modified":"2025-12-11T04:13:37","modified_gmt":"2025-12-11T07:13:37","slug":"g20-encerra-cupula-com-foco-em-cooperacao-multilateral-e-desenvolvimento","status":"publish","type":"post","link":"https:\/\/diariodepe.com.br\/cri\/2025\/12\/11\/g20-encerra-cupula-com-foco-em-cooperacao-multilateral-e-desenvolvimento\/","title":{"rendered":"G20 encerra c\u00fapula com foco em coopera\u00e7\u00e3o multilateral e desenvolvimento"},"content":{"rendered":"<p align=\"left\">A 20\u00aa C\u00fapula do Grupo dos Vinte (G20) foi encerrada ontem (24) em Joanesburgo, na \u00c1frica do Sul. Em seu discurso de encerramento, o presidente sul-africano, Cyril Ramaphosa,\u00a0agradeceu pelo apoio recebido durante a presid\u00eancia sul-africana do G20 e ressaltou que a aprova\u00e7\u00e3o da Declara\u00e7\u00e3o de L\u00edderes demonstra a firme determina\u00e7\u00e3o do grupo em preservar a coopera\u00e7\u00e3o multilateral e promover o desenvolvimento conjunto diante do\u00a0atual\u00a0cen\u00e1rio internacional desafiador.<\/p>\n<p><img decoding=\"async\" src=\"https:\/\/38picres.cgtn.com\/photoAlbum\/page\/performance\/img\/2025\/11\/24\/1763954809355_441.jpg\" \/><\/p>\n<p align=\"left\">Ramaphosa destacou que esta foi a primeira C\u00fapula do G20 realizada no continente africano desde a cria\u00e7\u00e3o do mecanismo, o que lhe confere um significado hist\u00f3rico. Pela primeira vez, as demandas de desenvolvimento dos pa\u00edses do Sul Global foram colocadas no centro da agenda global.<\/p>\n<p align=\"left\">O presidente sul-africano observou que desafios como pobreza, desigualdade e mudan\u00e7as clim\u00e1ticas continuam severos, e que muitos pa\u00edses em desenvolvimento enfrentam pesados encargos de d\u00edvida, prejudicando o avan\u00e7o dos Objetivos de Desenvolvimento Sustent\u00e1vel.\u00a0Por isso, o G20 comprometeu-se a ampliar o apoio aos pa\u00edses de baixa e m\u00e9dia renda.<\/p>\n<p align=\"left\">Segundo Ramaphosa, o multilateralismo continua sendo a melhor via para enfrentar desafios comuns. \u201cTemos demonstrado repetidas vezes que diverg\u00eancias n\u00e3o devem impedir a coopera\u00e7\u00e3o, e que o consenso\u00a0\u00e9 capaz de conduzir o mundo\u00a0adiante.\u201d Ele apelou para que todas as partes acelerem a implementa\u00e7\u00e3o da Agenda 2030 para o Desenvolvimento Sustent\u00e1vel, construindo um mundo mais inclusivo, justo e pr\u00f3spero.<\/p>\n<p align=\"left\">A C\u00fapula, realizada nos dias 22 e 23 de novembro em Joanesburgo, contou com a participa\u00e7\u00e3o de l\u00edderes\u00a0das na\u00e7\u00f5es do G20, pa\u00edses convidados e organiza\u00e7\u00f5es internacionais.<\/p>\n","protected":false},"excerpt":{"rendered":"<p>A 20\u00aa C\u00fapula do Grupo dos Vinte (G20) foi encerrada ontem (24) em Joanesburgo, na \u00c1frica do Sul. Em seu discurso de encerramento, o presidente sul-africano, Cyril Ramaphosa,\u00a0agradeceu pelo apoio recebido durante a presid\u00eancia sul-africana do G20 e ressaltou que&#8230;<\/p>\n","protected":false},"author":5,"featured_media":0,"comment_status":"open","ping_status":"open","sticky":false,"template":"","format":"standard","meta":{"footnotes":""},"categories":[8],"tags":[],"class_list":["post-10145","post","type-post","status-publish","format-standard","hentry","category-internacional"],"yoast_head":"<!-- This site is optimized with the Yoast SEO plugin v27.4 - https:\/\/yoast.com\/product\/yoast-seo-wordpress\/ -->\n<title>G20 encerra c\u00fapula com foco em coopera\u00e7\u00e3o multilateral e desenvolvimento - CRI e Diario de Pernambuco<\/title>\n<meta name=\"robots\" content=\"index, follow, max-snippet:-1, max-image-preview:large, max-video-preview:-1\" \/>\n<link rel=\"canonical\" href=\"https:\/\/diariodepe.com.br\/cri\/2025\/12\/11\/g20-encerra-cupula-com-foco-em-cooperacao-multilateral-e-desenvolvimento\/\" \/>\n<meta property=\"og:locale\" content=\"pt_BR\" \/>\n<meta property=\"og:type\" content=\"article\" \/>\n<meta property=\"og:title\" content=\"G20 encerra c\u00fapula com foco em coopera\u00e7\u00e3o multilateral e desenvolvimento - CRI e Diario de Pernambuco\" \/>\n<meta property=\"og:description\" content=\"A 20\u00aa C\u00fapula do Grupo dos Vinte (G20) foi encerrada ontem (24) em Joanesburgo, na \u00c1frica do Sul. Em seu discurso de encerramento, o presidente sul-africano, Cyril Ramaphosa,\u00a0agradeceu pelo apoio recebido durante a presid\u00eancia sul-africana do G20 e ressaltou que...\" \/>\n<meta property=\"og:url\" content=\"https:\/\/diariodepe.com.br\/cri\/2025\/12\/11\/g20-encerra-cupula-com-foco-em-cooperacao-multilateral-e-desenvolvimento\/\" \/>\n<meta property=\"og:site_name\" content=\"CRI e Diario de Pernambuco\" \/>\n<meta property=\"article:published_time\" content=\"2025-12-11T07:13:37+00:00\" \/>\n<meta property=\"og:image\" content=\"https:\/\/38picres.cgtn.com\/photoAlbum\/page\/performance\/img\/2025\/11\/24\/1763954809355_441.jpg\" \/>\n<meta name=\"author\" content=\"CRI Portugu\u00eas\" \/>\n<meta name=\"twitter:card\" content=\"summary_large_image\" \/>\n<meta name=\"twitter:label1\" content=\"Escrito por\" \/>\n\t<meta name=\"twitter:data1\" content=\"CRI Portugu\u00eas\" \/>\n\t<meta name=\"twitter:label2\" content=\"Est. tempo de leitura\" \/>\n\t<meta name=\"twitter:data2\" content=\"2 minutos\" \/>\n<script type=\"application\/ld+json\" class=\"yoast-schema-graph\">{\"@context\":\"https:\\\/\\\/schema.org\",\"@graph\":[{\"@type\":\"Article\",\"@id\":\"https:\\\/\\\/diariodepe.com.br\\\/cri\\\/2025\\\/12\\\/11\\\/g20-encerra-cupula-com-foco-em-cooperacao-multilateral-e-desenvolvimento\\\/#article\",\"isPartOf\":{\"@id\":\"https:\\\/\\\/diariodepe.com.br\\\/cri\\\/2025\\\/12\\\/11\\\/g20-encerra-cupula-com-foco-em-cooperacao-multilateral-e-desenvolvimento\\\/\"},\"author\":{\"name\":\"CRI Portugu\u00eas\",\"@id\":\"https:\\\/\\\/diariodepe.com.br\\\/cri\\\/#\\\/schema\\\/person\\\/e474aead631cd4098632e11d3fbce118\"},\"headline\":\"G20 encerra c\u00fapula com foco em coopera\u00e7\u00e3o multilateral e desenvolvimento\",\"datePublished\":\"2025-12-11T07:13:37+00:00\",\"mainEntityOfPage\":{\"@id\":\"https:\\\/\\\/diariodepe.com.br\\\/cri\\\/2025\\\/12\\\/11\\\/g20-encerra-cupula-com-foco-em-cooperacao-multilateral-e-desenvolvimento\\\/\"},\"wordCount\":288,\"commentCount\":0,\"publisher\":{\"@id\":\"https:\\\/\\\/diariodepe.com.br\\\/cri\\\/#organization\"},\"image\":{\"@id\":\"https:\\\/\\\/diariodepe.com.br\\\/cri\\\/2025\\\/12\\\/11\\\/g20-encerra-cupula-com-foco-em-cooperacao-multilateral-e-desenvolvimento\\\/#primaryimage\"},\"thumbnailUrl\":\"https:\\\/\\\/38picres.cgtn.com\\\/photoAlbum\\\/page\\\/performance\\\/img\\\/2025\\\/11\\\/24\\\/1763954809355_441.jpg\",\"articleSection\":[\"Internacional\"],\"inLanguage\":\"pt-BR\",\"potentialAction\":[{\"@type\":\"CommentAction\",\"name\":\"Comment\",\"target\":[\"https:\\\/\\\/diariodepe.com.br\\\/cri\\\/2025\\\/12\\\/11\\\/g20-encerra-cupula-com-foco-em-cooperacao-multilateral-e-desenvolvimento\\\/#respond\"]}]},{\"@type\":\"WebPage\",\"@id\":\"https:\\\/\\\/diariodepe.com.br\\\/cri\\\/2025\\\/12\\\/11\\\/g20-encerra-cupula-com-foco-em-cooperacao-multilateral-e-desenvolvimento\\\/\",\"url\":\"https:\\\/\\\/diariodepe.com.br\\\/cri\\\/2025\\\/12\\\/11\\\/g20-encerra-cupula-com-foco-em-cooperacao-multilateral-e-desenvolvimento\\\/\",\"name\":\"G20 encerra c\u00fapula com foco em coopera\u00e7\u00e3o multilateral e desenvolvimento - CRI e Diario de Pernambuco\",\"isPartOf\":{\"@id\":\"https:\\\/\\\/diariodepe.com.br\\\/cri\\\/#website\"},\"primaryImageOfPage\":{\"@id\":\"https:\\\/\\\/diariodepe.com.br\\\/cri\\\/2025\\\/12\\\/11\\\/g20-encerra-cupula-com-foco-em-cooperacao-multilateral-e-desenvolvimento\\\/#primaryimage\"},\"image\":{\"@id\":\"https:\\\/\\\/diariodepe.com.br\\\/cri\\\/2025\\\/12\\\/11\\\/g20-encerra-cupula-com-foco-em-cooperacao-multilateral-e-desenvolvimento\\\/#primaryimage\"},\"thumbnailUrl\":\"https:\\\/\\\/38picres.cgtn.com\\\/photoAlbum\\\/page\\\/performance\\\/img\\\/2025\\\/11\\\/24\\\/1763954809355_441.jpg\",\"datePublished\":\"2025-12-11T07:13:37+00:00\",\"breadcrumb\":{\"@id\":\"https:\\\/\\\/diariodepe.com.br\\\/cri\\\/2025\\\/12\\\/11\\\/g20-encerra-cupula-com-foco-em-cooperacao-multilateral-e-desenvolvimento\\\/#breadcrumb\"},\"inLanguage\":\"pt-BR\",\"potentialAction\":[{\"@type\":\"ReadAction\",\"target\":[\"https:\\\/\\\/diariodepe.com.br\\\/cri\\\/2025\\\/12\\\/11\\\/g20-encerra-cupula-com-foco-em-cooperacao-multilateral-e-desenvolvimento\\\/\"]}]},{\"@type\":\"ImageObject\",\"inLanguage\":\"pt-BR\",\"@id\":\"https:\\\/\\\/diariodepe.com.br\\\/cri\\\/2025\\\/12\\\/11\\\/g20-encerra-cupula-com-foco-em-cooperacao-multilateral-e-desenvolvimento\\\/#primaryimage\",\"url\":\"https:\\\/\\\/38picres.cgtn.com\\\/photoAlbum\\\/page\\\/performance\\\/img\\\/2025\\\/11\\\/24\\\/1763954809355_441.jpg\",\"contentUrl\":\"https:\\\/\\\/38picres.cgtn.com\\\/photoAlbum\\\/page\\\/performance\\\/img\\\/2025\\\/11\\\/24\\\/1763954809355_441.jpg\"},{\"@type\":\"BreadcrumbList\",\"@id\":\"https:\\\/\\\/diariodepe.com.br\\\/cri\\\/2025\\\/12\\\/11\\\/g20-encerra-cupula-com-foco-em-cooperacao-multilateral-e-desenvolvimento\\\/#breadcrumb\",\"itemListElement\":[{\"@type\":\"ListItem\",\"position\":1,\"name\":\"In\u00edcio\",\"item\":\"https:\\\/\\\/diariodepe.com.br\\\/cri\\\/\"},{\"@type\":\"ListItem\",\"position\":2,\"name\":\"G20 encerra c\u00fapula com foco em coopera\u00e7\u00e3o multilateral e desenvolvimento\"}]},{\"@type\":\"WebSite\",\"@id\":\"https:\\\/\\\/diariodepe.com.br\\\/cri\\\/#website\",\"url\":\"https:\\\/\\\/diariodepe.com.br\\\/cri\\\/\",\"name\":\"CRI e Diario de Pernambuco\",\"description\":\"R\u00e1dio Internacional da China\",\"publisher\":{\"@id\":\"https:\\\/\\\/diariodepe.com.br\\\/cri\\\/#organization\"},\"potentialAction\":[{\"@type\":\"SearchAction\",\"target\":{\"@type\":\"EntryPoint\",\"urlTemplate\":\"https:\\\/\\\/diariodepe.com.br\\\/cri\\\/?s={search_term_string}\"},\"query-input\":{\"@type\":\"PropertyValueSpecification\",\"valueRequired\":true,\"valueName\":\"search_term_string\"}}],\"inLanguage\":\"pt-BR\"},{\"@type\":\"Organization\",\"@id\":\"https:\\\/\\\/diariodepe.com.br\\\/cri\\\/#organization\",\"name\":\"CRI e Diario de Pernambuco\",\"url\":\"https:\\\/\\\/diariodepe.com.br\\\/cri\\\/\",\"logo\":{\"@type\":\"ImageObject\",\"inLanguage\":\"pt-BR\",\"@id\":\"https:\\\/\\\/diariodepe.com.br\\\/cri\\\/#\\\/schema\\\/logo\\\/image\\\/\",\"url\":\"https:\\\/\\\/diariodepe.com.br\\\/cri\\\/wp-content\\\/uploads\\\/sites\\\/2\\\/2022\\\/12\\\/cropped-Logo.jpg\",\"contentUrl\":\"https:\\\/\\\/diariodepe.com.br\\\/cri\\\/wp-content\\\/uploads\\\/sites\\\/2\\\/2022\\\/12\\\/cropped-Logo.jpg\",\"width\":700,\"height\":59,\"caption\":\"CRI e Diario de Pernambuco\"},\"image\":{\"@id\":\"https:\\\/\\\/diariodepe.com.br\\\/cri\\\/#\\\/schema\\\/logo\\\/image\\\/\"}},{\"@type\":\"Person\",\"@id\":\"https:\\\/\\\/diariodepe.com.br\\\/cri\\\/#\\\/schema\\\/person\\\/e474aead631cd4098632e11d3fbce118\",\"name\":\"CRI Portugu\u00eas\",\"image\":{\"@type\":\"ImageObject\",\"inLanguage\":\"pt-BR\",\"@id\":\"https:\\\/\\\/secure.gravatar.com\\\/avatar\\\/e2ac889ef882d4dc53091b610766dce49106cf9fe98c76e06745abb0993b2763?s=96&d=mm&r=g\",\"url\":\"https:\\\/\\\/secure.gravatar.com\\\/avatar\\\/e2ac889ef882d4dc53091b610766dce49106cf9fe98c76e06745abb0993b2763?s=96&d=mm&r=g\",\"contentUrl\":\"https:\\\/\\\/secure.gravatar.com\\\/avatar\\\/e2ac889ef882d4dc53091b610766dce49106cf9fe98c76e06745abb0993b2763?s=96&d=mm&r=g\",\"caption\":\"CRI Portugu\u00eas\"},\"sameAs\":[\"https:\\\/\\\/www.diariodepernambuco.com.br\\\/\"],\"url\":\"https:\\\/\\\/diariodepe.com.br\\\/cri\\\/author\\\/agencia-cri\\\/\"}]}<\/script>\n<!-- \/ Yoast SEO plugin. -->","yoast_head_json":{"title":"G20 encerra c\u00fapula com foco em coopera\u00e7\u00e3o multilateral e desenvolvimento - CRI e Diario de Pernambuco","robots":{"index":"index","follow":"follow","max-snippet":"max-snippet:-1","max-image-preview":"max-image-preview:large","max-video-preview":"max-video-preview:-1"},"canonical":"https:\/\/diariodepe.com.br\/cri\/2025\/12\/11\/g20-encerra-cupula-com-foco-em-cooperacao-multilateral-e-desenvolvimento\/","og_locale":"pt_BR","og_type":"article","og_title":"G20 encerra c\u00fapula com foco em coopera\u00e7\u00e3o multilateral e desenvolvimento - CRI e Diario de Pernambuco","og_description":"A 20\u00aa C\u00fapula do Grupo dos Vinte (G20) foi encerrada ontem (24) em Joanesburgo, na \u00c1frica do Sul. Em seu discurso de encerramento, o presidente sul-africano, Cyril Ramaphosa,\u00a0agradeceu pelo apoio recebido durante a presid\u00eancia sul-africana do G20 e ressaltou que...","og_url":"https:\/\/diariodepe.com.br\/cri\/2025\/12\/11\/g20-encerra-cupula-com-foco-em-cooperacao-multilateral-e-desenvolvimento\/","og_site_name":"CRI e Diario de Pernambuco","article_published_time":"2025-12-11T07:13:37+00:00","og_image":[{"url":"https:\/\/38picres.cgtn.com\/photoAlbum\/page\/performance\/img\/2025\/11\/24\/1763954809355_441.jpg","type":"","width":"","height":""}],"author":"CRI Portugu\u00eas","twitter_card":"summary_large_image","twitter_misc":{"Escrito por":"CRI Portugu\u00eas","Est. tempo de leitura":"2 minutos"},"schema":{"@context":"https:\/\/schema.org","@graph":[{"@type":"Article","@id":"https:\/\/diariodepe.com.br\/cri\/2025\/12\/11\/g20-encerra-cupula-com-foco-em-cooperacao-multilateral-e-desenvolvimento\/#article","isPartOf":{"@id":"https:\/\/diariodepe.com.br\/cri\/2025\/12\/11\/g20-encerra-cupula-com-foco-em-cooperacao-multilateral-e-desenvolvimento\/"},"author":{"name":"CRI Portugu\u00eas","@id":"https:\/\/diariodepe.com.br\/cri\/#\/schema\/person\/e474aead631cd4098632e11d3fbce118"},"headline":"G20 encerra c\u00fapula com foco em coopera\u00e7\u00e3o multilateral e desenvolvimento","datePublished":"2025-12-11T07:13:37+00:00","mainEntityOfPage":{"@id":"https:\/\/diariodepe.com.br\/cri\/2025\/12\/11\/g20-encerra-cupula-com-foco-em-cooperacao-multilateral-e-desenvolvimento\/"},"wordCount":288,"commentCount":0,"publisher":{"@id":"https:\/\/diariodepe.com.br\/cri\/#organization"},"image":{"@id":"https:\/\/diariodepe.com.br\/cri\/2025\/12\/11\/g20-encerra-cupula-com-foco-em-cooperacao-multilateral-e-desenvolvimento\/#primaryimage"},"thumbnailUrl":"https:\/\/38picres.cgtn.com\/photoAlbum\/page\/performance\/img\/2025\/11\/24\/1763954809355_441.jpg","articleSection":["Internacional"],"inLanguage":"pt-BR","potentialAction":[{"@type":"CommentAction","name":"Comment","target":["https:\/\/diariodepe.com.br\/cri\/2025\/12\/11\/g20-encerra-cupula-com-foco-em-cooperacao-multilateral-e-desenvolvimento\/#respond"]}]},{"@type":"WebPage","@id":"https:\/\/diariodepe.com.br\/cri\/2025\/12\/11\/g20-encerra-cupula-com-foco-em-cooperacao-multilateral-e-desenvolvimento\/","url":"https:\/\/diariodepe.com.br\/cri\/2025\/12\/11\/g20-encerra-cupula-com-foco-em-cooperacao-multilateral-e-desenvolvimento\/","name":"G20 encerra c\u00fapula com foco em coopera\u00e7\u00e3o multilateral e desenvolvimento - CRI e Diario de Pernambuco","isPartOf":{"@id":"https:\/\/diariodepe.com.br\/cri\/#website"},"primaryImageOfPage":{"@id":"https:\/\/diariodepe.com.br\/cri\/2025\/12\/11\/g20-encerra-cupula-com-foco-em-cooperacao-multilateral-e-desenvolvimento\/#primaryimage"},"image":{"@id":"https:\/\/diariodepe.com.br\/cri\/2025\/12\/11\/g20-encerra-cupula-com-foco-em-cooperacao-multilateral-e-desenvolvimento\/#primaryimage"},"thumbnailUrl":"https:\/\/38picres.cgtn.com\/photoAlbum\/page\/performance\/img\/2025\/11\/24\/1763954809355_441.jpg","datePublished":"2025-12-11T07:13:37+00:00","breadcrumb":{"@id":"https:\/\/diariodepe.com.br\/cri\/2025\/12\/11\/g20-encerra-cupula-com-foco-em-cooperacao-multilateral-e-desenvolvimento\/#breadcrumb"},"inLanguage":"pt-BR","potentialAction":[{"@type":"ReadAction","target":["https:\/\/diariodepe.com.br\/cri\/2025\/12\/11\/g20-encerra-cupula-com-foco-em-cooperacao-multilateral-e-desenvolvimento\/"]}]},{"@type":"ImageObject","inLanguage":"pt-BR","@id":"https:\/\/diariodepe.com.br\/cri\/2025\/12\/11\/g20-encerra-cupula-com-foco-em-cooperacao-multilateral-e-desenvolvimento\/#primaryimage","url":"https:\/\/38picres.cgtn.com\/photoAlbum\/page\/performance\/img\/2025\/11\/24\/1763954809355_441.jpg","contentUrl":"https:\/\/38picres.cgtn.com\/photoAlbum\/page\/performance\/img\/2025\/11\/24\/1763954809355_441.jpg"},{"@type":"BreadcrumbList","@id":"https:\/\/diariodepe.com.br\/cri\/2025\/12\/11\/g20-encerra-cupula-com-foco-em-cooperacao-multilateral-e-desenvolvimento\/#breadcrumb","itemListElement":[{"@type":"ListItem","position":1,"name":"In\u00edcio","item":"https:\/\/diariodepe.com.br\/cri\/"},{"@type":"ListItem","position":2,"name":"G20 encerra c\u00fapula com foco em coopera\u00e7\u00e3o multilateral e desenvolvimento"}]},{"@type":"WebSite","@id":"https:\/\/diariodepe.com.br\/cri\/#website","url":"https:\/\/diariodepe.com.br\/cri\/","name":"CRI e Diario de Pernambuco","description":"R\u00e1dio Internacional da China","publisher":{"@id":"https:\/\/diariodepe.com.br\/cri\/#organization"},"potentialAction":[{"@type":"SearchAction","target":{"@type":"EntryPoint","urlTemplate":"https:\/\/diariodepe.com.br\/cri\/?s={search_term_string}"},"query-input":{"@type":"PropertyValueSpecification","valueRequired":true,"valueName":"search_term_string"}}],"inLanguage":"pt-BR"},{"@type":"Organization","@id":"https:\/\/diariodepe.com.br\/cri\/#organization","name":"CRI e Diario de Pernambuco","url":"https:\/\/diariodepe.com.br\/cri\/","logo":{"@type":"ImageObject","inLanguage":"pt-BR","@id":"https:\/\/diariodepe.com.br\/cri\/#\/schema\/logo\/image\/","url":"https:\/\/diariodepe.com.br\/cri\/wp-content\/uploads\/sites\/2\/2022\/12\/cropped-Logo.jpg","contentUrl":"https:\/\/diariodepe.com.br\/cri\/wp-content\/uploads\/sites\/2\/2022\/12\/cropped-Logo.jpg","width":700,"height":59,"caption":"CRI e Diario de Pernambuco"},"image":{"@id":"https:\/\/diariodepe.com.br\/cri\/#\/schema\/logo\/image\/"}},{"@type":"Person","@id":"https:\/\/diariodepe.com.br\/cri\/#\/schema\/person\/e474aead631cd4098632e11d3fbce118","name":"CRI Portugu\u00eas","image":{"@type":"ImageObject","inLanguage":"pt-BR","@id":"https:\/\/secure.gravatar.com\/avatar\/e2ac889ef882d4dc53091b610766dce49106cf9fe98c76e06745abb0993b2763?s=96&d=mm&r=g","url":"https:\/\/secure.gravatar.com\/avatar\/e2ac889ef882d4dc53091b610766dce49106cf9fe98c76e06745abb0993b2763?s=96&d=mm&r=g","contentUrl":"https:\/\/secure.gravatar.com\/avatar\/e2ac889ef882d4dc53091b610766dce49106cf9fe98c76e06745abb0993b2763?s=96&d=mm&r=g","caption":"CRI Portugu\u00eas"},"sameAs":["https:\/\/www.diariodepernambuco.com.br\/"],"url":"https:\/\/diariodepe.com.br\/cri\/author\/agencia-cri\/"}]}},"cc_featured_image_caption":{"caption_text":"","source_text":"","source_url":""},"amp_enabled":true,"_links":{"self":[{"href":"https:\/\/diariodepe.com.br\/cri\/wp-json\/wp\/v2\/posts\/10145","targetHints":{"allow":["GET"]}}],"collection":[{"href":"https:\/\/diariodepe.com.br\/cri\/wp-json\/wp\/v2\/posts"}],"about":[{"href":"https:\/\/diariodepe.com.br\/cri\/wp-json\/wp\/v2\/types\/post"}],"author":[{"embeddable":true,"href":"https:\/\/diariodepe.com.br\/cri\/wp-json\/wp\/v2\/users\/5"}],"replies":[{"embeddable":true,"href":"https:\/\/diariodepe.com.br\/cri\/wp-json\/wp\/v2\/comments?post=10145"}],"version-history":[{"count":1,"href":"https:\/\/diariodepe.com.br\/cri\/wp-json\/wp\/v2\/posts\/10145\/revisions"}],"predecessor-version":[{"id":10146,"href":"https:\/\/diariodepe.com.br\/cri\/wp-json\/wp\/v2\/posts\/10145\/revisions\/10146"}],"wp:attachment":[{"href":"https:\/\/diariodepe.com.br\/cri\/wp-json\/wp\/v2\/media?parent=10145"}],"wp:term":[{"taxonomy":"category","embeddable":true,"href":"https:\/\/diariodepe.com.br\/cri\/wp-json\/wp\/v2\/categories?post=10145"},{"taxonomy":"post_tag","embeddable":true,"href":"https:\/\/diariodepe.com.br\/cri\/wp-json\/wp\/v2\/tags?post=10145"}],"curies":[{"name":"wp","href":"https:\/\/api.w.org\/{rel}","templated":true}]}}