{"id":10143,"date":"2025-12-11T04:13:11","date_gmt":"2025-12-11T07:13:11","guid":{"rendered":"https:\/\/diariodepe.com.br\/cri\/?p=10143"},"modified":"2025-12-11T04:13:11","modified_gmt":"2025-12-11T07:13:11","slug":"li-qiang-participa-da-segunda-e-terceira-sessoes-da-20a-cupula-do-g20","status":"publish","type":"post","link":"https:\/\/diariodepe.com.br\/cri\/2025\/12\/11\/li-qiang-participa-da-segunda-e-terceira-sessoes-da-20a-cupula-do-g20\/","title":{"rendered":"Li Qiang participa da segunda e terceira sess\u00f5es da 20\u00aa C\u00fapula do G20"},"content":{"rendered":"<p>O primeiro-ministro chin\u00eas, Li Qiang, participou nesse s\u00e1bado (22) e domingo (23) da segunda e terceira sess\u00f5es da 20\u00aa C\u00fapula do G20 em Joanesburgo, na \u00c1frica do Sul, e proferiu discursos sobre os temas \u201cconstruindo um mundo resiliente\u201d e \u201cum futuro justo e equitativo para todos\u201d.<\/p>\n<p>Li Qiang afirmou que, diante dos desafios m\u00faltiplos de mudan\u00e7as clim\u00e1ticas, energia e seguran\u00e7a alimentar, a comunidade internacional precisa unir for\u00e7as e buscar solu\u00e7\u00f5es por meio da coopera\u00e7\u00e3o. O G20 deve promover uma coopera\u00e7\u00e3o internacional mais ampla para enfrentar os desafios e impulsionar o desenvolvimento conjunto, ressaltou ele.<\/p>\n<p>O premi\u00ea prop\u00f4s tr\u00eas frentes de a\u00e7\u00e3o: primeiro, refor\u00e7ar a coopera\u00e7\u00e3o em prote\u00e7\u00e3o ecol\u00f3gica e ambiental, aumentando a resili\u00eancia do desenvolvimento; segundo, ampliar a coopera\u00e7\u00e3o em energia verde, mantendo cadeias de ind\u00fastrias e de abastecimento est\u00e1veis e fluidas, al\u00e9m de promover a livre circula\u00e7\u00e3o e aplica\u00e7\u00e3o de tecnologias e produtos relacionados; e terceiro, fortalecer a coopera\u00e7\u00e3o em seguran\u00e7a alimentar, garantindo fornecimento est\u00e1vel e avan\u00e7ando na colabora\u00e7\u00e3o em ci\u00eancia e tecnologia agr\u00edcola.<\/p>\n<p>Li Qiang destacou que uma nova rodada de revolu\u00e7\u00e3o cient\u00edfica e transforma\u00e7\u00e3o industrial est\u00e1 avan\u00e7ando rapidamente, trazendo oportunidades de desenvolvimento sem precedentes ao mundo, mas que tamb\u00e9m pode agravar desigualdades e diferen\u00e7as no desenvolvimento. O G20 deve promover a abertura, o benef\u00edcio rec\u00edproco e o compartilhamento de oportunidades para melhorar o bem-estar dos povos em todo o mundo, assinalou o primeiro-ministro chin\u00eas.<\/p>\n<p>Ele prop\u00f4s ainda que todos devem promover a aplica\u00e7\u00e3o generalizada e a governan\u00e7a eficaz da intelig\u00eancia artificial e incentivar a coopera\u00e7\u00e3o mutuamente ben\u00e9fica e o uso pac\u00edfico de minerais estrat\u00e9gicos, al\u00e9m de refor\u00e7ar o empoderamento do desenvolvimento e o apoio ao bem-estar nos pa\u00edses do Sul Global.<\/p>\n<p>Durante a c\u00fapula, Li Qiang tamb\u00e9m manteve interc\u00e2mbios amistosos com o presidente da Fran\u00e7a, Emmanuel Macron, o presidente da Coreia do Sul, Lee Jae-myung, o presidente de Angola, Jo\u00e3o Louren\u00e7o, o primeiro-ministro da Espanha, Pedro S\u00e1nchez, e a diretora-geral da Organiza\u00e7\u00e3o Mundial do Com\u00e9rcio, Ngozi Okonjo-Iweala.<\/p>\n","protected":false},"excerpt":{"rendered":"<p>O primeiro-ministro chin\u00eas, Li Qiang, participou nesse s\u00e1bado (22) e domingo (23) da segunda e terceira sess\u00f5es da 20\u00aa C\u00fapula do G20 em Joanesburgo, na \u00c1frica do Sul, e proferiu discursos sobre os temas \u201cconstruindo um mundo resiliente\u201d e \u201cum&#8230;<\/p>\n","protected":false},"author":5,"featured_media":0,"comment_status":"open","ping_status":"open","sticky":false,"template":"","format":"standard","meta":{"footnotes":""},"categories":[8],"tags":[],"class_list":["post-10143","post","type-post","status-publish","format-standard","hentry","category-internacional"],"yoast_head":"<!-- This site is optimized with the Yoast SEO plugin v27.4 - https:\/\/yoast.com\/product\/yoast-seo-wordpress\/ -->\n<title>Li Qiang participa da segunda e terceira sess\u00f5es da 20\u00aa C\u00fapula do G20 - CRI e Diario de Pernambuco<\/title>\n<meta name=\"robots\" content=\"index, follow, max-snippet:-1, max-image-preview:large, max-video-preview:-1\" \/>\n<link rel=\"canonical\" href=\"https:\/\/diariodepe.com.br\/cri\/2025\/12\/11\/li-qiang-participa-da-segunda-e-terceira-sessoes-da-20a-cupula-do-g20\/\" \/>\n<meta property=\"og:locale\" content=\"pt_BR\" \/>\n<meta property=\"og:type\" content=\"article\" \/>\n<meta property=\"og:title\" content=\"Li Qiang participa da segunda e terceira sess\u00f5es da 20\u00aa C\u00fapula do G20 - CRI e Diario de Pernambuco\" \/>\n<meta property=\"og:description\" content=\"O primeiro-ministro chin\u00eas, Li Qiang, participou nesse s\u00e1bado (22) e domingo (23) da segunda e terceira sess\u00f5es da 20\u00aa C\u00fapula do G20 em Joanesburgo, na \u00c1frica do Sul, e proferiu discursos sobre os temas \u201cconstruindo um mundo resiliente\u201d e \u201cum...\" \/>\n<meta property=\"og:url\" content=\"https:\/\/diariodepe.com.br\/cri\/2025\/12\/11\/li-qiang-participa-da-segunda-e-terceira-sessoes-da-20a-cupula-do-g20\/\" \/>\n<meta property=\"og:site_name\" content=\"CRI e Diario de Pernambuco\" \/>\n<meta property=\"article:published_time\" content=\"2025-12-11T07:13:11+00:00\" \/>\n<meta name=\"author\" content=\"CRI Portugu\u00eas\" \/>\n<meta name=\"twitter:card\" content=\"summary_large_image\" \/>\n<meta name=\"twitter:label1\" content=\"Escrito por\" \/>\n\t<meta name=\"twitter:data1\" content=\"CRI Portugu\u00eas\" \/>\n\t<meta name=\"twitter:label2\" content=\"Est. tempo de leitura\" \/>\n\t<meta name=\"twitter:data2\" content=\"2 minutos\" \/>\n<script type=\"application\/ld+json\" class=\"yoast-schema-graph\">{\"@context\":\"https:\\\/\\\/schema.org\",\"@graph\":[{\"@type\":\"Article\",\"@id\":\"https:\\\/\\\/diariodepe.com.br\\\/cri\\\/2025\\\/12\\\/11\\\/li-qiang-participa-da-segunda-e-terceira-sessoes-da-20a-cupula-do-g20\\\/#article\",\"isPartOf\":{\"@id\":\"https:\\\/\\\/diariodepe.com.br\\\/cri\\\/2025\\\/12\\\/11\\\/li-qiang-participa-da-segunda-e-terceira-sessoes-da-20a-cupula-do-g20\\\/\"},\"author\":{\"name\":\"CRI Portugu\u00eas\",\"@id\":\"https:\\\/\\\/diariodepe.com.br\\\/cri\\\/#\\\/schema\\\/person\\\/e474aead631cd4098632e11d3fbce118\"},\"headline\":\"Li Qiang participa da segunda e terceira sess\u00f5es da 20\u00aa C\u00fapula do G20\",\"datePublished\":\"2025-12-11T07:13:11+00:00\",\"mainEntityOfPage\":{\"@id\":\"https:\\\/\\\/diariodepe.com.br\\\/cri\\\/2025\\\/12\\\/11\\\/li-qiang-participa-da-segunda-e-terceira-sessoes-da-20a-cupula-do-g20\\\/\"},\"wordCount\":393,\"commentCount\":0,\"publisher\":{\"@id\":\"https:\\\/\\\/diariodepe.com.br\\\/cri\\\/#organization\"},\"articleSection\":[\"Internacional\"],\"inLanguage\":\"pt-BR\",\"potentialAction\":[{\"@type\":\"CommentAction\",\"name\":\"Comment\",\"target\":[\"https:\\\/\\\/diariodepe.com.br\\\/cri\\\/2025\\\/12\\\/11\\\/li-qiang-participa-da-segunda-e-terceira-sessoes-da-20a-cupula-do-g20\\\/#respond\"]}]},{\"@type\":\"WebPage\",\"@id\":\"https:\\\/\\\/diariodepe.com.br\\\/cri\\\/2025\\\/12\\\/11\\\/li-qiang-participa-da-segunda-e-terceira-sessoes-da-20a-cupula-do-g20\\\/\",\"url\":\"https:\\\/\\\/diariodepe.com.br\\\/cri\\\/2025\\\/12\\\/11\\\/li-qiang-participa-da-segunda-e-terceira-sessoes-da-20a-cupula-do-g20\\\/\",\"name\":\"Li Qiang participa da segunda e terceira sess\u00f5es da 20\u00aa C\u00fapula do G20 - CRI e Diario de Pernambuco\",\"isPartOf\":{\"@id\":\"https:\\\/\\\/diariodepe.com.br\\\/cri\\\/#website\"},\"datePublished\":\"2025-12-11T07:13:11+00:00\",\"breadcrumb\":{\"@id\":\"https:\\\/\\\/diariodepe.com.br\\\/cri\\\/2025\\\/12\\\/11\\\/li-qiang-participa-da-segunda-e-terceira-sessoes-da-20a-cupula-do-g20\\\/#breadcrumb\"},\"inLanguage\":\"pt-BR\",\"potentialAction\":[{\"@type\":\"ReadAction\",\"target\":[\"https:\\\/\\\/diariodepe.com.br\\\/cri\\\/2025\\\/12\\\/11\\\/li-qiang-participa-da-segunda-e-terceira-sessoes-da-20a-cupula-do-g20\\\/\"]}]},{\"@type\":\"BreadcrumbList\",\"@id\":\"https:\\\/\\\/diariodepe.com.br\\\/cri\\\/2025\\\/12\\\/11\\\/li-qiang-participa-da-segunda-e-terceira-sessoes-da-20a-cupula-do-g20\\\/#breadcrumb\",\"itemListElement\":[{\"@type\":\"ListItem\",\"position\":1,\"name\":\"In\u00edcio\",\"item\":\"https:\\\/\\\/diariodepe.com.br\\\/cri\\\/\"},{\"@type\":\"ListItem\",\"position\":2,\"name\":\"Li Qiang participa da segunda e terceira sess\u00f5es da 20\u00aa C\u00fapula do G20\"}]},{\"@type\":\"WebSite\",\"@id\":\"https:\\\/\\\/diariodepe.com.br\\\/cri\\\/#website\",\"url\":\"https:\\\/\\\/diariodepe.com.br\\\/cri\\\/\",\"name\":\"CRI e Diario de Pernambuco\",\"description\":\"R\u00e1dio Internacional da China\",\"publisher\":{\"@id\":\"https:\\\/\\\/diariodepe.com.br\\\/cri\\\/#organization\"},\"potentialAction\":[{\"@type\":\"SearchAction\",\"target\":{\"@type\":\"EntryPoint\",\"urlTemplate\":\"https:\\\/\\\/diariodepe.com.br\\\/cri\\\/?s={search_term_string}\"},\"query-input\":{\"@type\":\"PropertyValueSpecification\",\"valueRequired\":true,\"valueName\":\"search_term_string\"}}],\"inLanguage\":\"pt-BR\"},{\"@type\":\"Organization\",\"@id\":\"https:\\\/\\\/diariodepe.com.br\\\/cri\\\/#organization\",\"name\":\"CRI e Diario de Pernambuco\",\"url\":\"https:\\\/\\\/diariodepe.com.br\\\/cri\\\/\",\"logo\":{\"@type\":\"ImageObject\",\"inLanguage\":\"pt-BR\",\"@id\":\"https:\\\/\\\/diariodepe.com.br\\\/cri\\\/#\\\/schema\\\/logo\\\/image\\\/\",\"url\":\"https:\\\/\\\/diariodepe.com.br\\\/cri\\\/wp-content\\\/uploads\\\/sites\\\/2\\\/2022\\\/12\\\/cropped-Logo.jpg\",\"contentUrl\":\"https:\\\/\\\/diariodepe.com.br\\\/cri\\\/wp-content\\\/uploads\\\/sites\\\/2\\\/2022\\\/12\\\/cropped-Logo.jpg\",\"width\":700,\"height\":59,\"caption\":\"CRI e Diario de Pernambuco\"},\"image\":{\"@id\":\"https:\\\/\\\/diariodepe.com.br\\\/cri\\\/#\\\/schema\\\/logo\\\/image\\\/\"}},{\"@type\":\"Person\",\"@id\":\"https:\\\/\\\/diariodepe.com.br\\\/cri\\\/#\\\/schema\\\/person\\\/e474aead631cd4098632e11d3fbce118\",\"name\":\"CRI Portugu\u00eas\",\"image\":{\"@type\":\"ImageObject\",\"inLanguage\":\"pt-BR\",\"@id\":\"https:\\\/\\\/secure.gravatar.com\\\/avatar\\\/e2ac889ef882d4dc53091b610766dce49106cf9fe98c76e06745abb0993b2763?s=96&d=mm&r=g\",\"url\":\"https:\\\/\\\/secure.gravatar.com\\\/avatar\\\/e2ac889ef882d4dc53091b610766dce49106cf9fe98c76e06745abb0993b2763?s=96&d=mm&r=g\",\"contentUrl\":\"https:\\\/\\\/secure.gravatar.com\\\/avatar\\\/e2ac889ef882d4dc53091b610766dce49106cf9fe98c76e06745abb0993b2763?s=96&d=mm&r=g\",\"caption\":\"CRI Portugu\u00eas\"},\"sameAs\":[\"https:\\\/\\\/www.diariodepernambuco.com.br\\\/\"],\"url\":\"https:\\\/\\\/diariodepe.com.br\\\/cri\\\/author\\\/agencia-cri\\\/\"}]}<\/script>\n<!-- \/ Yoast SEO plugin. -->","yoast_head_json":{"title":"Li Qiang participa da segunda e terceira sess\u00f5es da 20\u00aa C\u00fapula do G20 - CRI e Diario de Pernambuco","robots":{"index":"index","follow":"follow","max-snippet":"max-snippet:-1","max-image-preview":"max-image-preview:large","max-video-preview":"max-video-preview:-1"},"canonical":"https:\/\/diariodepe.com.br\/cri\/2025\/12\/11\/li-qiang-participa-da-segunda-e-terceira-sessoes-da-20a-cupula-do-g20\/","og_locale":"pt_BR","og_type":"article","og_title":"Li Qiang participa da segunda e terceira sess\u00f5es da 20\u00aa C\u00fapula do G20 - CRI e Diario de Pernambuco","og_description":"O primeiro-ministro chin\u00eas, Li Qiang, participou nesse s\u00e1bado (22) e domingo (23) da segunda e terceira sess\u00f5es da 20\u00aa C\u00fapula do G20 em Joanesburgo, na \u00c1frica do Sul, e proferiu discursos sobre os temas \u201cconstruindo um mundo resiliente\u201d e \u201cum...","og_url":"https:\/\/diariodepe.com.br\/cri\/2025\/12\/11\/li-qiang-participa-da-segunda-e-terceira-sessoes-da-20a-cupula-do-g20\/","og_site_name":"CRI e Diario de Pernambuco","article_published_time":"2025-12-11T07:13:11+00:00","author":"CRI Portugu\u00eas","twitter_card":"summary_large_image","twitter_misc":{"Escrito por":"CRI Portugu\u00eas","Est. tempo de leitura":"2 minutos"},"schema":{"@context":"https:\/\/schema.org","@graph":[{"@type":"Article","@id":"https:\/\/diariodepe.com.br\/cri\/2025\/12\/11\/li-qiang-participa-da-segunda-e-terceira-sessoes-da-20a-cupula-do-g20\/#article","isPartOf":{"@id":"https:\/\/diariodepe.com.br\/cri\/2025\/12\/11\/li-qiang-participa-da-segunda-e-terceira-sessoes-da-20a-cupula-do-g20\/"},"author":{"name":"CRI Portugu\u00eas","@id":"https:\/\/diariodepe.com.br\/cri\/#\/schema\/person\/e474aead631cd4098632e11d3fbce118"},"headline":"Li Qiang participa da segunda e terceira sess\u00f5es da 20\u00aa C\u00fapula do G20","datePublished":"2025-12-11T07:13:11+00:00","mainEntityOfPage":{"@id":"https:\/\/diariodepe.com.br\/cri\/2025\/12\/11\/li-qiang-participa-da-segunda-e-terceira-sessoes-da-20a-cupula-do-g20\/"},"wordCount":393,"commentCount":0,"publisher":{"@id":"https:\/\/diariodepe.com.br\/cri\/#organization"},"articleSection":["Internacional"],"inLanguage":"pt-BR","potentialAction":[{"@type":"CommentAction","name":"Comment","target":["https:\/\/diariodepe.com.br\/cri\/2025\/12\/11\/li-qiang-participa-da-segunda-e-terceira-sessoes-da-20a-cupula-do-g20\/#respond"]}]},{"@type":"WebPage","@id":"https:\/\/diariodepe.com.br\/cri\/2025\/12\/11\/li-qiang-participa-da-segunda-e-terceira-sessoes-da-20a-cupula-do-g20\/","url":"https:\/\/diariodepe.com.br\/cri\/2025\/12\/11\/li-qiang-participa-da-segunda-e-terceira-sessoes-da-20a-cupula-do-g20\/","name":"Li Qiang participa da segunda e terceira sess\u00f5es da 20\u00aa C\u00fapula do G20 - CRI e Diario de Pernambuco","isPartOf":{"@id":"https:\/\/diariodepe.com.br\/cri\/#website"},"datePublished":"2025-12-11T07:13:11+00:00","breadcrumb":{"@id":"https:\/\/diariodepe.com.br\/cri\/2025\/12\/11\/li-qiang-participa-da-segunda-e-terceira-sessoes-da-20a-cupula-do-g20\/#breadcrumb"},"inLanguage":"pt-BR","potentialAction":[{"@type":"ReadAction","target":["https:\/\/diariodepe.com.br\/cri\/2025\/12\/11\/li-qiang-participa-da-segunda-e-terceira-sessoes-da-20a-cupula-do-g20\/"]}]},{"@type":"BreadcrumbList","@id":"https:\/\/diariodepe.com.br\/cri\/2025\/12\/11\/li-qiang-participa-da-segunda-e-terceira-sessoes-da-20a-cupula-do-g20\/#breadcrumb","itemListElement":[{"@type":"ListItem","position":1,"name":"In\u00edcio","item":"https:\/\/diariodepe.com.br\/cri\/"},{"@type":"ListItem","position":2,"name":"Li Qiang participa da segunda e terceira sess\u00f5es da 20\u00aa C\u00fapula do G20"}]},{"@type":"WebSite","@id":"https:\/\/diariodepe.com.br\/cri\/#website","url":"https:\/\/diariodepe.com.br\/cri\/","name":"CRI e Diario de Pernambuco","description":"R\u00e1dio Internacional da China","publisher":{"@id":"https:\/\/diariodepe.com.br\/cri\/#organization"},"potentialAction":[{"@type":"SearchAction","target":{"@type":"EntryPoint","urlTemplate":"https:\/\/diariodepe.com.br\/cri\/?s={search_term_string}"},"query-input":{"@type":"PropertyValueSpecification","valueRequired":true,"valueName":"search_term_string"}}],"inLanguage":"pt-BR"},{"@type":"Organization","@id":"https:\/\/diariodepe.com.br\/cri\/#organization","name":"CRI e Diario de Pernambuco","url":"https:\/\/diariodepe.com.br\/cri\/","logo":{"@type":"ImageObject","inLanguage":"pt-BR","@id":"https:\/\/diariodepe.com.br\/cri\/#\/schema\/logo\/image\/","url":"https:\/\/diariodepe.com.br\/cri\/wp-content\/uploads\/sites\/2\/2022\/12\/cropped-Logo.jpg","contentUrl":"https:\/\/diariodepe.com.br\/cri\/wp-content\/uploads\/sites\/2\/2022\/12\/cropped-Logo.jpg","width":700,"height":59,"caption":"CRI e Diario de Pernambuco"},"image":{"@id":"https:\/\/diariodepe.com.br\/cri\/#\/schema\/logo\/image\/"}},{"@type":"Person","@id":"https:\/\/diariodepe.com.br\/cri\/#\/schema\/person\/e474aead631cd4098632e11d3fbce118","name":"CRI Portugu\u00eas","image":{"@type":"ImageObject","inLanguage":"pt-BR","@id":"https:\/\/secure.gravatar.com\/avatar\/e2ac889ef882d4dc53091b610766dce49106cf9fe98c76e06745abb0993b2763?s=96&d=mm&r=g","url":"https:\/\/secure.gravatar.com\/avatar\/e2ac889ef882d4dc53091b610766dce49106cf9fe98c76e06745abb0993b2763?s=96&d=mm&r=g","contentUrl":"https:\/\/secure.gravatar.com\/avatar\/e2ac889ef882d4dc53091b610766dce49106cf9fe98c76e06745abb0993b2763?s=96&d=mm&r=g","caption":"CRI Portugu\u00eas"},"sameAs":["https:\/\/www.diariodepernambuco.com.br\/"],"url":"https:\/\/diariodepe.com.br\/cri\/author\/agencia-cri\/"}]}},"cc_featured_image_caption":{"caption_text":"","source_text":"","source_url":""},"amp_enabled":true,"_links":{"self":[{"href":"https:\/\/diariodepe.com.br\/cri\/wp-json\/wp\/v2\/posts\/10143","targetHints":{"allow":["GET"]}}],"collection":[{"href":"https:\/\/diariodepe.com.br\/cri\/wp-json\/wp\/v2\/posts"}],"about":[{"href":"https:\/\/diariodepe.com.br\/cri\/wp-json\/wp\/v2\/types\/post"}],"author":[{"embeddable":true,"href":"https:\/\/diariodepe.com.br\/cri\/wp-json\/wp\/v2\/users\/5"}],"replies":[{"embeddable":true,"href":"https:\/\/diariodepe.com.br\/cri\/wp-json\/wp\/v2\/comments?post=10143"}],"version-history":[{"count":1,"href":"https:\/\/diariodepe.com.br\/cri\/wp-json\/wp\/v2\/posts\/10143\/revisions"}],"predecessor-version":[{"id":10144,"href":"https:\/\/diariodepe.com.br\/cri\/wp-json\/wp\/v2\/posts\/10143\/revisions\/10144"}],"wp:attachment":[{"href":"https:\/\/diariodepe.com.br\/cri\/wp-json\/wp\/v2\/media?parent=10143"}],"wp:term":[{"taxonomy":"category","embeddable":true,"href":"https:\/\/diariodepe.com.br\/cri\/wp-json\/wp\/v2\/categories?post=10143"},{"taxonomy":"post_tag","embeddable":true,"href":"https:\/\/diariodepe.com.br\/cri\/wp-json\/wp\/v2\/tags?post=10143"}],"curies":[{"name":"wp","href":"https:\/\/api.w.org\/{rel}","templated":true}]}}