{"id":10139,"date":"2025-12-11T04:08:00","date_gmt":"2025-12-11T07:08:00","guid":{"rendered":"https:\/\/diariodepe.com.br\/cri\/?p=10139"},"modified":"2025-12-11T04:08:00","modified_gmt":"2025-12-11T07:08:00","slug":"planos-quinquenais-da-china-sao-unicos-no-mundo-atual-diz-primeiro-ministro-da-servia","status":"publish","type":"post","link":"https:\/\/diariodepe.com.br\/cri\/2025\/12\/11\/planos-quinquenais-da-china-sao-unicos-no-mundo-atual-diz-primeiro-ministro-da-servia\/","title":{"rendered":"Planos quinquenais da China s\u00e3o \u00fanicos no mundo atual, diz primeiro-ministro da S\u00e9rvia"},"content":{"rendered":"<p>O primeiro-ministro da S\u00e9rvia, Duro Macut, durante sua primeira visita \u00e0 China, concedeu uma entrevista exclusiva ao Grupo de M\u00eddia da China (CMG, na sigla em ingl\u00eas).<\/p>\n<p>Falando sobre as rela\u00e7\u00f5es entre os dois pa\u00edses, Macut afirmou que a S\u00e9rvia e a China mant\u00eam uma amizade duradoura e inabal\u00e1vel. Ele destacou que as rela\u00e7\u00f5es entre os dois pa\u00edses alcan\u00e7aram desenvolvimentos significativos nos \u00faltimos anos, e a S\u00e9rvia espera continuar a coopera\u00e7\u00e3o e apoiar o desenvolvimento e a prosperidade conjuntos no futuro. Na sua opini\u00e3o, os dois pa\u00edses podem cooperar em \u00e1reas diversas, como com\u00e9rcio, desenvolvimento industrial, educa\u00e7\u00e3o, sa\u00fade e intelig\u00eancia artificial.<\/p>\n<p>Ao falar sobre o &#8220;15\u00b0 Plano Quinquenal&#8221; da China, Macut declarou que, como um grande pa\u00eds, a China, por meio dos planos quinquenais, define uma dire\u00e7\u00e3o clara para o desenvolvimento. Ele disse que os planos quinquenais da China s\u00e3o \u00fanicos no mundo moderno. Essa estrat\u00e9gia de desenvolvimento de longo prazo permitiu que o pa\u00eds alcan\u00e7asse um crescimento eficaz e r\u00e1pido. Um pa\u00eds grande como a China s\u00f3 pode alcan\u00e7ar tais resultados com base em um planejamento de longo prazo.<\/p>\n<p>Macut tamb\u00e9m expressou apoio claro \u00e0 posi\u00e7\u00e3o da China sobre a prote\u00e7\u00e3o de interesses fundamentais. Ele ressaltou que a S\u00e9rvia compreende plenamente o princ\u00edpio de Uma S\u00f3 China e sempre apoia a posi\u00e7\u00e3o da China.<\/p>\n<p>O primeiro-ministro acrescentou que os conceitos e iniciativas chineses sobre governan\u00e7a global, comunidade de futuro compartilhado da humanidade e rela\u00e7\u00f5es internacionais enriqueceram o conte\u00fado da Carta das Na\u00e7\u00f5es Unidas.<\/p>\n<p>Segundo Macut, a iniciativa de governan\u00e7a global significa ouvir as vozes de todos os pa\u00edses, prestar aten\u00e7\u00e3o \u00e0s necessidades do Sul Global e, ao mesmo tempo, considerando a situa\u00e7\u00e3o das na\u00e7\u00f5es desenvolvidas, buscar uma melhor utiliza\u00e7\u00e3o dos recursos humanos, econ\u00f4micos e experi\u00eancias em governan\u00e7a, para construir conjuntamente uma comunidade de futuro compartilhado.<\/p>\n<p><img decoding=\"async\" src=\"https:\/\/38picres.cgtn.com\/photoAlbum\/page\/performance\/img\/2025\/11\/22\/1763807639032_990.jpg\" \/><\/p>\n","protected":false},"excerpt":{"rendered":"<p>O primeiro-ministro da S\u00e9rvia, Duro Macut, durante sua primeira visita \u00e0 China, concedeu uma entrevista exclusiva ao Grupo de M\u00eddia da China (CMG, na sigla em ingl\u00eas). Falando sobre as rela\u00e7\u00f5es entre os dois pa\u00edses, Macut afirmou que a S\u00e9rvia&#8230;<\/p>\n","protected":false},"author":5,"featured_media":0,"comment_status":"open","ping_status":"open","sticky":false,"template":"","format":"standard","meta":{"footnotes":""},"categories":[8],"tags":[],"class_list":["post-10139","post","type-post","status-publish","format-standard","hentry","category-internacional"],"yoast_head":"<!-- This site is optimized with the Yoast SEO plugin v27.4 - https:\/\/yoast.com\/product\/yoast-seo-wordpress\/ -->\n<title>Planos quinquenais da China s\u00e3o \u00fanicos no mundo atual, diz primeiro-ministro da S\u00e9rvia - CRI e Diario de Pernambuco<\/title>\n<meta name=\"robots\" content=\"index, follow, max-snippet:-1, max-image-preview:large, max-video-preview:-1\" \/>\n<link rel=\"canonical\" href=\"https:\/\/diariodepe.com.br\/cri\/2025\/12\/11\/planos-quinquenais-da-china-sao-unicos-no-mundo-atual-diz-primeiro-ministro-da-servia\/\" \/>\n<meta property=\"og:locale\" content=\"pt_BR\" \/>\n<meta property=\"og:type\" content=\"article\" \/>\n<meta property=\"og:title\" content=\"Planos quinquenais da China s\u00e3o \u00fanicos no mundo atual, diz primeiro-ministro da S\u00e9rvia - CRI e Diario de Pernambuco\" \/>\n<meta property=\"og:description\" content=\"O primeiro-ministro da S\u00e9rvia, Duro Macut, durante sua primeira visita \u00e0 China, concedeu uma entrevista exclusiva ao Grupo de M\u00eddia da China (CMG, na sigla em ingl\u00eas). Falando sobre as rela\u00e7\u00f5es entre os dois pa\u00edses, Macut afirmou que a S\u00e9rvia...\" \/>\n<meta property=\"og:url\" content=\"https:\/\/diariodepe.com.br\/cri\/2025\/12\/11\/planos-quinquenais-da-china-sao-unicos-no-mundo-atual-diz-primeiro-ministro-da-servia\/\" \/>\n<meta property=\"og:site_name\" content=\"CRI e Diario de Pernambuco\" \/>\n<meta property=\"article:published_time\" content=\"2025-12-11T07:08:00+00:00\" \/>\n<meta property=\"og:image\" content=\"https:\/\/38picres.cgtn.com\/photoAlbum\/page\/performance\/img\/2025\/11\/22\/1763807639032_990.jpg\" \/>\n<meta name=\"author\" content=\"CRI Portugu\u00eas\" \/>\n<meta name=\"twitter:card\" content=\"summary_large_image\" \/>\n<meta name=\"twitter:label1\" content=\"Escrito por\" \/>\n\t<meta name=\"twitter:data1\" content=\"CRI Portugu\u00eas\" \/>\n\t<meta name=\"twitter:label2\" content=\"Est. tempo de leitura\" \/>\n\t<meta name=\"twitter:data2\" content=\"2 minutos\" \/>\n<script type=\"application\/ld+json\" class=\"yoast-schema-graph\">{\"@context\":\"https:\\\/\\\/schema.org\",\"@graph\":[{\"@type\":\"Article\",\"@id\":\"https:\\\/\\\/diariodepe.com.br\\\/cri\\\/2025\\\/12\\\/11\\\/planos-quinquenais-da-china-sao-unicos-no-mundo-atual-diz-primeiro-ministro-da-servia\\\/#article\",\"isPartOf\":{\"@id\":\"https:\\\/\\\/diariodepe.com.br\\\/cri\\\/2025\\\/12\\\/11\\\/planos-quinquenais-da-china-sao-unicos-no-mundo-atual-diz-primeiro-ministro-da-servia\\\/\"},\"author\":{\"name\":\"CRI Portugu\u00eas\",\"@id\":\"https:\\\/\\\/diariodepe.com.br\\\/cri\\\/#\\\/schema\\\/person\\\/e474aead631cd4098632e11d3fbce118\"},\"headline\":\"Planos quinquenais da China s\u00e3o \u00fanicos no mundo atual, diz primeiro-ministro da S\u00e9rvia\",\"datePublished\":\"2025-12-11T07:08:00+00:00\",\"mainEntityOfPage\":{\"@id\":\"https:\\\/\\\/diariodepe.com.br\\\/cri\\\/2025\\\/12\\\/11\\\/planos-quinquenais-da-china-sao-unicos-no-mundo-atual-diz-primeiro-ministro-da-servia\\\/\"},\"wordCount\":355,\"commentCount\":0,\"publisher\":{\"@id\":\"https:\\\/\\\/diariodepe.com.br\\\/cri\\\/#organization\"},\"image\":{\"@id\":\"https:\\\/\\\/diariodepe.com.br\\\/cri\\\/2025\\\/12\\\/11\\\/planos-quinquenais-da-china-sao-unicos-no-mundo-atual-diz-primeiro-ministro-da-servia\\\/#primaryimage\"},\"thumbnailUrl\":\"https:\\\/\\\/38picres.cgtn.com\\\/photoAlbum\\\/page\\\/performance\\\/img\\\/2025\\\/11\\\/22\\\/1763807639032_990.jpg\",\"articleSection\":[\"Internacional\"],\"inLanguage\":\"pt-BR\",\"potentialAction\":[{\"@type\":\"CommentAction\",\"name\":\"Comment\",\"target\":[\"https:\\\/\\\/diariodepe.com.br\\\/cri\\\/2025\\\/12\\\/11\\\/planos-quinquenais-da-china-sao-unicos-no-mundo-atual-diz-primeiro-ministro-da-servia\\\/#respond\"]}]},{\"@type\":\"WebPage\",\"@id\":\"https:\\\/\\\/diariodepe.com.br\\\/cri\\\/2025\\\/12\\\/11\\\/planos-quinquenais-da-china-sao-unicos-no-mundo-atual-diz-primeiro-ministro-da-servia\\\/\",\"url\":\"https:\\\/\\\/diariodepe.com.br\\\/cri\\\/2025\\\/12\\\/11\\\/planos-quinquenais-da-china-sao-unicos-no-mundo-atual-diz-primeiro-ministro-da-servia\\\/\",\"name\":\"Planos quinquenais da China s\u00e3o \u00fanicos no mundo atual, diz primeiro-ministro da S\u00e9rvia - CRI e Diario de Pernambuco\",\"isPartOf\":{\"@id\":\"https:\\\/\\\/diariodepe.com.br\\\/cri\\\/#website\"},\"primaryImageOfPage\":{\"@id\":\"https:\\\/\\\/diariodepe.com.br\\\/cri\\\/2025\\\/12\\\/11\\\/planos-quinquenais-da-china-sao-unicos-no-mundo-atual-diz-primeiro-ministro-da-servia\\\/#primaryimage\"},\"image\":{\"@id\":\"https:\\\/\\\/diariodepe.com.br\\\/cri\\\/2025\\\/12\\\/11\\\/planos-quinquenais-da-china-sao-unicos-no-mundo-atual-diz-primeiro-ministro-da-servia\\\/#primaryimage\"},\"thumbnailUrl\":\"https:\\\/\\\/38picres.cgtn.com\\\/photoAlbum\\\/page\\\/performance\\\/img\\\/2025\\\/11\\\/22\\\/1763807639032_990.jpg\",\"datePublished\":\"2025-12-11T07:08:00+00:00\",\"breadcrumb\":{\"@id\":\"https:\\\/\\\/diariodepe.com.br\\\/cri\\\/2025\\\/12\\\/11\\\/planos-quinquenais-da-china-sao-unicos-no-mundo-atual-diz-primeiro-ministro-da-servia\\\/#breadcrumb\"},\"inLanguage\":\"pt-BR\",\"potentialAction\":[{\"@type\":\"ReadAction\",\"target\":[\"https:\\\/\\\/diariodepe.com.br\\\/cri\\\/2025\\\/12\\\/11\\\/planos-quinquenais-da-china-sao-unicos-no-mundo-atual-diz-primeiro-ministro-da-servia\\\/\"]}]},{\"@type\":\"ImageObject\",\"inLanguage\":\"pt-BR\",\"@id\":\"https:\\\/\\\/diariodepe.com.br\\\/cri\\\/2025\\\/12\\\/11\\\/planos-quinquenais-da-china-sao-unicos-no-mundo-atual-diz-primeiro-ministro-da-servia\\\/#primaryimage\",\"url\":\"https:\\\/\\\/38picres.cgtn.com\\\/photoAlbum\\\/page\\\/performance\\\/img\\\/2025\\\/11\\\/22\\\/1763807639032_990.jpg\",\"contentUrl\":\"https:\\\/\\\/38picres.cgtn.com\\\/photoAlbum\\\/page\\\/performance\\\/img\\\/2025\\\/11\\\/22\\\/1763807639032_990.jpg\"},{\"@type\":\"BreadcrumbList\",\"@id\":\"https:\\\/\\\/diariodepe.com.br\\\/cri\\\/2025\\\/12\\\/11\\\/planos-quinquenais-da-china-sao-unicos-no-mundo-atual-diz-primeiro-ministro-da-servia\\\/#breadcrumb\",\"itemListElement\":[{\"@type\":\"ListItem\",\"position\":1,\"name\":\"In\u00edcio\",\"item\":\"https:\\\/\\\/diariodepe.com.br\\\/cri\\\/\"},{\"@type\":\"ListItem\",\"position\":2,\"name\":\"Planos quinquenais da China s\u00e3o \u00fanicos no mundo atual, diz primeiro-ministro da S\u00e9rvia\"}]},{\"@type\":\"WebSite\",\"@id\":\"https:\\\/\\\/diariodepe.com.br\\\/cri\\\/#website\",\"url\":\"https:\\\/\\\/diariodepe.com.br\\\/cri\\\/\",\"name\":\"CRI e Diario de Pernambuco\",\"description\":\"R\u00e1dio Internacional da China\",\"publisher\":{\"@id\":\"https:\\\/\\\/diariodepe.com.br\\\/cri\\\/#organization\"},\"potentialAction\":[{\"@type\":\"SearchAction\",\"target\":{\"@type\":\"EntryPoint\",\"urlTemplate\":\"https:\\\/\\\/diariodepe.com.br\\\/cri\\\/?s={search_term_string}\"},\"query-input\":{\"@type\":\"PropertyValueSpecification\",\"valueRequired\":true,\"valueName\":\"search_term_string\"}}],\"inLanguage\":\"pt-BR\"},{\"@type\":\"Organization\",\"@id\":\"https:\\\/\\\/diariodepe.com.br\\\/cri\\\/#organization\",\"name\":\"CRI e Diario de Pernambuco\",\"url\":\"https:\\\/\\\/diariodepe.com.br\\\/cri\\\/\",\"logo\":{\"@type\":\"ImageObject\",\"inLanguage\":\"pt-BR\",\"@id\":\"https:\\\/\\\/diariodepe.com.br\\\/cri\\\/#\\\/schema\\\/logo\\\/image\\\/\",\"url\":\"https:\\\/\\\/diariodepe.com.br\\\/cri\\\/wp-content\\\/uploads\\\/sites\\\/2\\\/2022\\\/12\\\/cropped-Logo.jpg\",\"contentUrl\":\"https:\\\/\\\/diariodepe.com.br\\\/cri\\\/wp-content\\\/uploads\\\/sites\\\/2\\\/2022\\\/12\\\/cropped-Logo.jpg\",\"width\":700,\"height\":59,\"caption\":\"CRI e Diario de Pernambuco\"},\"image\":{\"@id\":\"https:\\\/\\\/diariodepe.com.br\\\/cri\\\/#\\\/schema\\\/logo\\\/image\\\/\"}},{\"@type\":\"Person\",\"@id\":\"https:\\\/\\\/diariodepe.com.br\\\/cri\\\/#\\\/schema\\\/person\\\/e474aead631cd4098632e11d3fbce118\",\"name\":\"CRI Portugu\u00eas\",\"image\":{\"@type\":\"ImageObject\",\"inLanguage\":\"pt-BR\",\"@id\":\"https:\\\/\\\/secure.gravatar.com\\\/avatar\\\/e2ac889ef882d4dc53091b610766dce49106cf9fe98c76e06745abb0993b2763?s=96&d=mm&r=g\",\"url\":\"https:\\\/\\\/secure.gravatar.com\\\/avatar\\\/e2ac889ef882d4dc53091b610766dce49106cf9fe98c76e06745abb0993b2763?s=96&d=mm&r=g\",\"contentUrl\":\"https:\\\/\\\/secure.gravatar.com\\\/avatar\\\/e2ac889ef882d4dc53091b610766dce49106cf9fe98c76e06745abb0993b2763?s=96&d=mm&r=g\",\"caption\":\"CRI Portugu\u00eas\"},\"sameAs\":[\"https:\\\/\\\/www.diariodepernambuco.com.br\\\/\"],\"url\":\"https:\\\/\\\/diariodepe.com.br\\\/cri\\\/author\\\/agencia-cri\\\/\"}]}<\/script>\n<!-- \/ Yoast SEO plugin. -->","yoast_head_json":{"title":"Planos quinquenais da China s\u00e3o \u00fanicos no mundo atual, diz primeiro-ministro da S\u00e9rvia - CRI e Diario de Pernambuco","robots":{"index":"index","follow":"follow","max-snippet":"max-snippet:-1","max-image-preview":"max-image-preview:large","max-video-preview":"max-video-preview:-1"},"canonical":"https:\/\/diariodepe.com.br\/cri\/2025\/12\/11\/planos-quinquenais-da-china-sao-unicos-no-mundo-atual-diz-primeiro-ministro-da-servia\/","og_locale":"pt_BR","og_type":"article","og_title":"Planos quinquenais da China s\u00e3o \u00fanicos no mundo atual, diz primeiro-ministro da S\u00e9rvia - CRI e Diario de Pernambuco","og_description":"O primeiro-ministro da S\u00e9rvia, Duro Macut, durante sua primeira visita \u00e0 China, concedeu uma entrevista exclusiva ao Grupo de M\u00eddia da China (CMG, na sigla em ingl\u00eas). Falando sobre as rela\u00e7\u00f5es entre os dois pa\u00edses, Macut afirmou que a S\u00e9rvia...","og_url":"https:\/\/diariodepe.com.br\/cri\/2025\/12\/11\/planos-quinquenais-da-china-sao-unicos-no-mundo-atual-diz-primeiro-ministro-da-servia\/","og_site_name":"CRI e Diario de Pernambuco","article_published_time":"2025-12-11T07:08:00+00:00","og_image":[{"url":"https:\/\/38picres.cgtn.com\/photoAlbum\/page\/performance\/img\/2025\/11\/22\/1763807639032_990.jpg","type":"","width":"","height":""}],"author":"CRI Portugu\u00eas","twitter_card":"summary_large_image","twitter_misc":{"Escrito por":"CRI Portugu\u00eas","Est. tempo de leitura":"2 minutos"},"schema":{"@context":"https:\/\/schema.org","@graph":[{"@type":"Article","@id":"https:\/\/diariodepe.com.br\/cri\/2025\/12\/11\/planos-quinquenais-da-china-sao-unicos-no-mundo-atual-diz-primeiro-ministro-da-servia\/#article","isPartOf":{"@id":"https:\/\/diariodepe.com.br\/cri\/2025\/12\/11\/planos-quinquenais-da-china-sao-unicos-no-mundo-atual-diz-primeiro-ministro-da-servia\/"},"author":{"name":"CRI Portugu\u00eas","@id":"https:\/\/diariodepe.com.br\/cri\/#\/schema\/person\/e474aead631cd4098632e11d3fbce118"},"headline":"Planos quinquenais da China s\u00e3o \u00fanicos no mundo atual, diz primeiro-ministro da S\u00e9rvia","datePublished":"2025-12-11T07:08:00+00:00","mainEntityOfPage":{"@id":"https:\/\/diariodepe.com.br\/cri\/2025\/12\/11\/planos-quinquenais-da-china-sao-unicos-no-mundo-atual-diz-primeiro-ministro-da-servia\/"},"wordCount":355,"commentCount":0,"publisher":{"@id":"https:\/\/diariodepe.com.br\/cri\/#organization"},"image":{"@id":"https:\/\/diariodepe.com.br\/cri\/2025\/12\/11\/planos-quinquenais-da-china-sao-unicos-no-mundo-atual-diz-primeiro-ministro-da-servia\/#primaryimage"},"thumbnailUrl":"https:\/\/38picres.cgtn.com\/photoAlbum\/page\/performance\/img\/2025\/11\/22\/1763807639032_990.jpg","articleSection":["Internacional"],"inLanguage":"pt-BR","potentialAction":[{"@type":"CommentAction","name":"Comment","target":["https:\/\/diariodepe.com.br\/cri\/2025\/12\/11\/planos-quinquenais-da-china-sao-unicos-no-mundo-atual-diz-primeiro-ministro-da-servia\/#respond"]}]},{"@type":"WebPage","@id":"https:\/\/diariodepe.com.br\/cri\/2025\/12\/11\/planos-quinquenais-da-china-sao-unicos-no-mundo-atual-diz-primeiro-ministro-da-servia\/","url":"https:\/\/diariodepe.com.br\/cri\/2025\/12\/11\/planos-quinquenais-da-china-sao-unicos-no-mundo-atual-diz-primeiro-ministro-da-servia\/","name":"Planos quinquenais da China s\u00e3o \u00fanicos no mundo atual, diz primeiro-ministro da S\u00e9rvia - CRI e Diario de Pernambuco","isPartOf":{"@id":"https:\/\/diariodepe.com.br\/cri\/#website"},"primaryImageOfPage":{"@id":"https:\/\/diariodepe.com.br\/cri\/2025\/12\/11\/planos-quinquenais-da-china-sao-unicos-no-mundo-atual-diz-primeiro-ministro-da-servia\/#primaryimage"},"image":{"@id":"https:\/\/diariodepe.com.br\/cri\/2025\/12\/11\/planos-quinquenais-da-china-sao-unicos-no-mundo-atual-diz-primeiro-ministro-da-servia\/#primaryimage"},"thumbnailUrl":"https:\/\/38picres.cgtn.com\/photoAlbum\/page\/performance\/img\/2025\/11\/22\/1763807639032_990.jpg","datePublished":"2025-12-11T07:08:00+00:00","breadcrumb":{"@id":"https:\/\/diariodepe.com.br\/cri\/2025\/12\/11\/planos-quinquenais-da-china-sao-unicos-no-mundo-atual-diz-primeiro-ministro-da-servia\/#breadcrumb"},"inLanguage":"pt-BR","potentialAction":[{"@type":"ReadAction","target":["https:\/\/diariodepe.com.br\/cri\/2025\/12\/11\/planos-quinquenais-da-china-sao-unicos-no-mundo-atual-diz-primeiro-ministro-da-servia\/"]}]},{"@type":"ImageObject","inLanguage":"pt-BR","@id":"https:\/\/diariodepe.com.br\/cri\/2025\/12\/11\/planos-quinquenais-da-china-sao-unicos-no-mundo-atual-diz-primeiro-ministro-da-servia\/#primaryimage","url":"https:\/\/38picres.cgtn.com\/photoAlbum\/page\/performance\/img\/2025\/11\/22\/1763807639032_990.jpg","contentUrl":"https:\/\/38picres.cgtn.com\/photoAlbum\/page\/performance\/img\/2025\/11\/22\/1763807639032_990.jpg"},{"@type":"BreadcrumbList","@id":"https:\/\/diariodepe.com.br\/cri\/2025\/12\/11\/planos-quinquenais-da-china-sao-unicos-no-mundo-atual-diz-primeiro-ministro-da-servia\/#breadcrumb","itemListElement":[{"@type":"ListItem","position":1,"name":"In\u00edcio","item":"https:\/\/diariodepe.com.br\/cri\/"},{"@type":"ListItem","position":2,"name":"Planos quinquenais da China s\u00e3o \u00fanicos no mundo atual, diz primeiro-ministro da S\u00e9rvia"}]},{"@type":"WebSite","@id":"https:\/\/diariodepe.com.br\/cri\/#website","url":"https:\/\/diariodepe.com.br\/cri\/","name":"CRI e Diario de Pernambuco","description":"R\u00e1dio Internacional da China","publisher":{"@id":"https:\/\/diariodepe.com.br\/cri\/#organization"},"potentialAction":[{"@type":"SearchAction","target":{"@type":"EntryPoint","urlTemplate":"https:\/\/diariodepe.com.br\/cri\/?s={search_term_string}"},"query-input":{"@type":"PropertyValueSpecification","valueRequired":true,"valueName":"search_term_string"}}],"inLanguage":"pt-BR"},{"@type":"Organization","@id":"https:\/\/diariodepe.com.br\/cri\/#organization","name":"CRI e Diario de Pernambuco","url":"https:\/\/diariodepe.com.br\/cri\/","logo":{"@type":"ImageObject","inLanguage":"pt-BR","@id":"https:\/\/diariodepe.com.br\/cri\/#\/schema\/logo\/image\/","url":"https:\/\/diariodepe.com.br\/cri\/wp-content\/uploads\/sites\/2\/2022\/12\/cropped-Logo.jpg","contentUrl":"https:\/\/diariodepe.com.br\/cri\/wp-content\/uploads\/sites\/2\/2022\/12\/cropped-Logo.jpg","width":700,"height":59,"caption":"CRI e Diario de Pernambuco"},"image":{"@id":"https:\/\/diariodepe.com.br\/cri\/#\/schema\/logo\/image\/"}},{"@type":"Person","@id":"https:\/\/diariodepe.com.br\/cri\/#\/schema\/person\/e474aead631cd4098632e11d3fbce118","name":"CRI Portugu\u00eas","image":{"@type":"ImageObject","inLanguage":"pt-BR","@id":"https:\/\/secure.gravatar.com\/avatar\/e2ac889ef882d4dc53091b610766dce49106cf9fe98c76e06745abb0993b2763?s=96&d=mm&r=g","url":"https:\/\/secure.gravatar.com\/avatar\/e2ac889ef882d4dc53091b610766dce49106cf9fe98c76e06745abb0993b2763?s=96&d=mm&r=g","contentUrl":"https:\/\/secure.gravatar.com\/avatar\/e2ac889ef882d4dc53091b610766dce49106cf9fe98c76e06745abb0993b2763?s=96&d=mm&r=g","caption":"CRI Portugu\u00eas"},"sameAs":["https:\/\/www.diariodepernambuco.com.br\/"],"url":"https:\/\/diariodepe.com.br\/cri\/author\/agencia-cri\/"}]}},"cc_featured_image_caption":{"caption_text":"","source_text":"","source_url":""},"amp_enabled":true,"_links":{"self":[{"href":"https:\/\/diariodepe.com.br\/cri\/wp-json\/wp\/v2\/posts\/10139","targetHints":{"allow":["GET"]}}],"collection":[{"href":"https:\/\/diariodepe.com.br\/cri\/wp-json\/wp\/v2\/posts"}],"about":[{"href":"https:\/\/diariodepe.com.br\/cri\/wp-json\/wp\/v2\/types\/post"}],"author":[{"embeddable":true,"href":"https:\/\/diariodepe.com.br\/cri\/wp-json\/wp\/v2\/users\/5"}],"replies":[{"embeddable":true,"href":"https:\/\/diariodepe.com.br\/cri\/wp-json\/wp\/v2\/comments?post=10139"}],"version-history":[{"count":1,"href":"https:\/\/diariodepe.com.br\/cri\/wp-json\/wp\/v2\/posts\/10139\/revisions"}],"predecessor-version":[{"id":10140,"href":"https:\/\/diariodepe.com.br\/cri\/wp-json\/wp\/v2\/posts\/10139\/revisions\/10140"}],"wp:attachment":[{"href":"https:\/\/diariodepe.com.br\/cri\/wp-json\/wp\/v2\/media?parent=10139"}],"wp:term":[{"taxonomy":"category","embeddable":true,"href":"https:\/\/diariodepe.com.br\/cri\/wp-json\/wp\/v2\/categories?post=10139"},{"taxonomy":"post_tag","embeddable":true,"href":"https:\/\/diariodepe.com.br\/cri\/wp-json\/wp\/v2\/tags?post=10139"}],"curies":[{"name":"wp","href":"https:\/\/api.w.org\/{rel}","templated":true}]}}