{"id":10137,"date":"2025-12-11T04:07:21","date_gmt":"2025-12-11T07:07:21","guid":{"rendered":"https:\/\/diariodepe.com.br\/cri\/?p=10137"},"modified":"2025-12-11T04:07:21","modified_gmt":"2025-12-11T07:07:21","slug":"china-envia-carta-ao-secretario-geral-da-onu-expondo-posicao-sobre-declaracoes-erroneas-da-primeira-ministra-japonesa","status":"publish","type":"post","link":"https:\/\/diariodepe.com.br\/cri\/2025\/12\/11\/china-envia-carta-ao-secretario-geral-da-onu-expondo-posicao-sobre-declaracoes-erroneas-da-primeira-ministra-japonesa\/","title":{"rendered":"China envia carta ao secret\u00e1rio-geral da ONU expondo posi\u00e7\u00e3o sobre declara\u00e7\u00f5es err\u00f4neas da primeira-ministra japonesa"},"content":{"rendered":"<p><img decoding=\"async\" src=\"https:\/\/38picres.cgtn.com\/photoAlbum\/page\/performance\/img\/2025\/11\/22\/1763808080103_689.jpg\" \/><\/p>\n<p align=\"justify\">Fu Cong, representante permanente da China nas Na\u00e7\u00f5es Unidas, enviou uma carta ao secret\u00e1rio-geral da ONU, Ant\u00f3nio Guterres, na sexta-feira\u00a0(21), detalhando a posi\u00e7\u00e3o do governo chin\u00eas em rela\u00e7\u00e3o \u00e0s declara\u00e7\u00f5es equivocadas da primeira-ministra japonesa, Sanae Takaichi, sobre a China.<\/p>\n<p align=\"justify\">A carta ser\u00e1 enviada\u00a0a todos os Estados-membros da ONU como um documento oficial da Assembleia Geral.<\/p>\n<p align=\"justify\">Em sua carta, Fu observou que, recentemente, ao responder na\u00a0Dieta, o parlamento japon\u00eas, Takaichi fez declara\u00e7\u00f5es provocativas sobre Taiwan. Esta \u00e9 a primeira vez desde a derrota do Jap\u00e3o em 1945 que um l\u00edder japon\u00eas defendeu em um cen\u00e1rio oficial a no\u00e7\u00e3o de que &#8220;uma conting\u00eancia para Taiwan \u00e9 uma conting\u00eancia para o Jap\u00e3o&#8221; e a vinculou ao exerc\u00edcio do direito de leg\u00edtima defesa coletiva. Trata-se da primeira vez que o Jap\u00e3o expressa ambi\u00e7\u00f5es de intervir militarmente na quest\u00e3o de Taiwan; e a primeira vez que o Jap\u00e3o emite uma amea\u00e7a de for\u00e7a contra a China, desafiando abertamente os interesses centrais da China.<\/p>\n<p align=\"justify\">Essas declara\u00e7\u00f5es s\u00e3o gravemente err\u00f4neas e extremamente perigosas, com uma natureza e impacto profundamente maliciosos, disse Fu. Apesar dos repetidos protestos e representa\u00e7\u00f5es da China, o lado japon\u00eas se recusa a se arrepender ou retirar suas declara\u00e7\u00f5es equivocadas. A China expressa forte insatisfa\u00e7\u00e3o e oposi\u00e7\u00e3o resoluta, acrescentou.<\/p>\n<p align=\"justify\">Fu enfatizou que as declara\u00e7\u00f5es de Takaichi constituem uma grave viola\u00e7\u00e3o do direito internacional e das normas b\u00e1sicas que regem as rela\u00e7\u00f5es internacionais, prejudicam seriamente a ordem internacional do p\u00f3s-guerra e representam uma provoca\u00e7\u00e3o aberta aos mais de 1,4 bilh\u00e3o de chineses e aos povos de outros pa\u00edses asi\u00e1ticos que sofreram com a agress\u00e3o japonesa.<\/p>\n<p align=\"justify\">Taiwan \u00e9 territ\u00f3rio sagrado da China, e\u00a0assim,\u00a0resolver a quest\u00e3o de Taiwan \u00e9 uma quest\u00e3o do povo chin\u00eas e n\u00e3o se admite interfer\u00eancias\u00a0estrangeiras, disse o diplomata\u00a0chin\u00eas.<\/p>\n<p align=\"justify\">Se o Jap\u00e3o ousar tentar uma interven\u00e7\u00e3o armada na situa\u00e7\u00e3o do Estreito, seria um ato de agress\u00e3o.\u00a0Fu ainda afirmou que\u00a0a China exercer\u00e1 resolutamente seu direito de leg\u00edtima defesa sob a Carta da ONU e o direito internacional e defender\u00e1 firmemente sua soberania e integridade territorial.<\/p>\n<p align=\"justify\">Como um pa\u00eds derrotado na Segunda Guerra Mundial, o Jap\u00e3o deve refletir profundamente sobre seus crimes hist\u00f3ricos, honrar estritamente seu compromisso pol\u00edtico sobre a quest\u00e3o de Taiwan, parar imediatamente de fazer provoca\u00e7\u00f5es e ultrapassar os limites, e retirar suas declara\u00e7\u00f5es err\u00f4neas, observou ele.<\/p>\n","protected":false},"excerpt":{"rendered":"<p>Fu Cong, representante permanente da China nas Na\u00e7\u00f5es Unidas, enviou uma carta ao secret\u00e1rio-geral da ONU, Ant\u00f3nio Guterres, na sexta-feira\u00a0(21), detalhando a posi\u00e7\u00e3o do governo chin\u00eas em rela\u00e7\u00e3o \u00e0s declara\u00e7\u00f5es equivocadas da primeira-ministra japonesa, Sanae Takaichi, sobre a China. A&#8230;<\/p>\n","protected":false},"author":5,"featured_media":0,"comment_status":"open","ping_status":"open","sticky":false,"template":"","format":"standard","meta":{"footnotes":""},"categories":[3],"tags":[],"class_list":["post-10137","post","type-post","status-publish","format-standard","hentry","category-china"],"yoast_head":"<!-- This site is optimized with the Yoast SEO plugin v27.4 - https:\/\/yoast.com\/product\/yoast-seo-wordpress\/ -->\n<title>China envia carta ao secret\u00e1rio-geral da ONU expondo posi\u00e7\u00e3o sobre declara\u00e7\u00f5es err\u00f4neas da primeira-ministra japonesa - CRI e Diario de Pernambuco<\/title>\n<meta name=\"robots\" content=\"index, follow, max-snippet:-1, max-image-preview:large, max-video-preview:-1\" \/>\n<link rel=\"canonical\" href=\"https:\/\/diariodepe.com.br\/cri\/2025\/12\/11\/china-envia-carta-ao-secretario-geral-da-onu-expondo-posicao-sobre-declaracoes-erroneas-da-primeira-ministra-japonesa\/\" \/>\n<meta property=\"og:locale\" content=\"pt_BR\" \/>\n<meta property=\"og:type\" content=\"article\" \/>\n<meta property=\"og:title\" content=\"China envia carta ao secret\u00e1rio-geral da ONU expondo posi\u00e7\u00e3o sobre declara\u00e7\u00f5es err\u00f4neas da primeira-ministra japonesa - CRI e Diario de Pernambuco\" \/>\n<meta property=\"og:description\" content=\"Fu Cong, representante permanente da China nas Na\u00e7\u00f5es Unidas, enviou uma carta ao secret\u00e1rio-geral da ONU, Ant\u00f3nio Guterres, na sexta-feira\u00a0(21), detalhando a posi\u00e7\u00e3o do governo chin\u00eas em rela\u00e7\u00e3o \u00e0s declara\u00e7\u00f5es equivocadas da primeira-ministra japonesa, Sanae Takaichi, sobre a China. A...\" \/>\n<meta property=\"og:url\" content=\"https:\/\/diariodepe.com.br\/cri\/2025\/12\/11\/china-envia-carta-ao-secretario-geral-da-onu-expondo-posicao-sobre-declaracoes-erroneas-da-primeira-ministra-japonesa\/\" \/>\n<meta property=\"og:site_name\" content=\"CRI e Diario de Pernambuco\" \/>\n<meta property=\"article:published_time\" content=\"2025-12-11T07:07:21+00:00\" \/>\n<meta property=\"og:image\" content=\"https:\/\/38picres.cgtn.com\/photoAlbum\/page\/performance\/img\/2025\/11\/22\/1763808080103_689.jpg\" \/>\n<meta name=\"author\" content=\"CRI Portugu\u00eas\" \/>\n<meta name=\"twitter:card\" content=\"summary_large_image\" \/>\n<meta name=\"twitter:label1\" content=\"Escrito por\" \/>\n\t<meta name=\"twitter:data1\" content=\"CRI Portugu\u00eas\" \/>\n\t<meta name=\"twitter:label2\" content=\"Est. tempo de leitura\" \/>\n\t<meta name=\"twitter:data2\" content=\"3 minutos\" \/>\n<script type=\"application\/ld+json\" class=\"yoast-schema-graph\">{\"@context\":\"https:\\\/\\\/schema.org\",\"@graph\":[{\"@type\":\"Article\",\"@id\":\"https:\\\/\\\/diariodepe.com.br\\\/cri\\\/2025\\\/12\\\/11\\\/china-envia-carta-ao-secretario-geral-da-onu-expondo-posicao-sobre-declaracoes-erroneas-da-primeira-ministra-japonesa\\\/#article\",\"isPartOf\":{\"@id\":\"https:\\\/\\\/diariodepe.com.br\\\/cri\\\/2025\\\/12\\\/11\\\/china-envia-carta-ao-secretario-geral-da-onu-expondo-posicao-sobre-declaracoes-erroneas-da-primeira-ministra-japonesa\\\/\"},\"author\":{\"name\":\"CRI Portugu\u00eas\",\"@id\":\"https:\\\/\\\/diariodepe.com.br\\\/cri\\\/#\\\/schema\\\/person\\\/e474aead631cd4098632e11d3fbce118\"},\"headline\":\"China envia carta ao secret\u00e1rio-geral da ONU expondo posi\u00e7\u00e3o sobre declara\u00e7\u00f5es err\u00f4neas da primeira-ministra japonesa\",\"datePublished\":\"2025-12-11T07:07:21+00:00\",\"mainEntityOfPage\":{\"@id\":\"https:\\\/\\\/diariodepe.com.br\\\/cri\\\/2025\\\/12\\\/11\\\/china-envia-carta-ao-secretario-geral-da-onu-expondo-posicao-sobre-declaracoes-erroneas-da-primeira-ministra-japonesa\\\/\"},\"wordCount\":457,\"commentCount\":0,\"publisher\":{\"@id\":\"https:\\\/\\\/diariodepe.com.br\\\/cri\\\/#organization\"},\"image\":{\"@id\":\"https:\\\/\\\/diariodepe.com.br\\\/cri\\\/2025\\\/12\\\/11\\\/china-envia-carta-ao-secretario-geral-da-onu-expondo-posicao-sobre-declaracoes-erroneas-da-primeira-ministra-japonesa\\\/#primaryimage\"},\"thumbnailUrl\":\"https:\\\/\\\/38picres.cgtn.com\\\/photoAlbum\\\/page\\\/performance\\\/img\\\/2025\\\/11\\\/22\\\/1763808080103_689.jpg\",\"articleSection\":[\"China\"],\"inLanguage\":\"pt-BR\",\"potentialAction\":[{\"@type\":\"CommentAction\",\"name\":\"Comment\",\"target\":[\"https:\\\/\\\/diariodepe.com.br\\\/cri\\\/2025\\\/12\\\/11\\\/china-envia-carta-ao-secretario-geral-da-onu-expondo-posicao-sobre-declaracoes-erroneas-da-primeira-ministra-japonesa\\\/#respond\"]}]},{\"@type\":\"WebPage\",\"@id\":\"https:\\\/\\\/diariodepe.com.br\\\/cri\\\/2025\\\/12\\\/11\\\/china-envia-carta-ao-secretario-geral-da-onu-expondo-posicao-sobre-declaracoes-erroneas-da-primeira-ministra-japonesa\\\/\",\"url\":\"https:\\\/\\\/diariodepe.com.br\\\/cri\\\/2025\\\/12\\\/11\\\/china-envia-carta-ao-secretario-geral-da-onu-expondo-posicao-sobre-declaracoes-erroneas-da-primeira-ministra-japonesa\\\/\",\"name\":\"China envia carta ao secret\u00e1rio-geral da ONU expondo posi\u00e7\u00e3o sobre declara\u00e7\u00f5es err\u00f4neas da primeira-ministra japonesa - CRI e Diario de Pernambuco\",\"isPartOf\":{\"@id\":\"https:\\\/\\\/diariodepe.com.br\\\/cri\\\/#website\"},\"primaryImageOfPage\":{\"@id\":\"https:\\\/\\\/diariodepe.com.br\\\/cri\\\/2025\\\/12\\\/11\\\/china-envia-carta-ao-secretario-geral-da-onu-expondo-posicao-sobre-declaracoes-erroneas-da-primeira-ministra-japonesa\\\/#primaryimage\"},\"image\":{\"@id\":\"https:\\\/\\\/diariodepe.com.br\\\/cri\\\/2025\\\/12\\\/11\\\/china-envia-carta-ao-secretario-geral-da-onu-expondo-posicao-sobre-declaracoes-erroneas-da-primeira-ministra-japonesa\\\/#primaryimage\"},\"thumbnailUrl\":\"https:\\\/\\\/38picres.cgtn.com\\\/photoAlbum\\\/page\\\/performance\\\/img\\\/2025\\\/11\\\/22\\\/1763808080103_689.jpg\",\"datePublished\":\"2025-12-11T07:07:21+00:00\",\"breadcrumb\":{\"@id\":\"https:\\\/\\\/diariodepe.com.br\\\/cri\\\/2025\\\/12\\\/11\\\/china-envia-carta-ao-secretario-geral-da-onu-expondo-posicao-sobre-declaracoes-erroneas-da-primeira-ministra-japonesa\\\/#breadcrumb\"},\"inLanguage\":\"pt-BR\",\"potentialAction\":[{\"@type\":\"ReadAction\",\"target\":[\"https:\\\/\\\/diariodepe.com.br\\\/cri\\\/2025\\\/12\\\/11\\\/china-envia-carta-ao-secretario-geral-da-onu-expondo-posicao-sobre-declaracoes-erroneas-da-primeira-ministra-japonesa\\\/\"]}]},{\"@type\":\"ImageObject\",\"inLanguage\":\"pt-BR\",\"@id\":\"https:\\\/\\\/diariodepe.com.br\\\/cri\\\/2025\\\/12\\\/11\\\/china-envia-carta-ao-secretario-geral-da-onu-expondo-posicao-sobre-declaracoes-erroneas-da-primeira-ministra-japonesa\\\/#primaryimage\",\"url\":\"https:\\\/\\\/38picres.cgtn.com\\\/photoAlbum\\\/page\\\/performance\\\/img\\\/2025\\\/11\\\/22\\\/1763808080103_689.jpg\",\"contentUrl\":\"https:\\\/\\\/38picres.cgtn.com\\\/photoAlbum\\\/page\\\/performance\\\/img\\\/2025\\\/11\\\/22\\\/1763808080103_689.jpg\"},{\"@type\":\"BreadcrumbList\",\"@id\":\"https:\\\/\\\/diariodepe.com.br\\\/cri\\\/2025\\\/12\\\/11\\\/china-envia-carta-ao-secretario-geral-da-onu-expondo-posicao-sobre-declaracoes-erroneas-da-primeira-ministra-japonesa\\\/#breadcrumb\",\"itemListElement\":[{\"@type\":\"ListItem\",\"position\":1,\"name\":\"In\u00edcio\",\"item\":\"https:\\\/\\\/diariodepe.com.br\\\/cri\\\/\"},{\"@type\":\"ListItem\",\"position\":2,\"name\":\"China envia carta ao secret\u00e1rio-geral da ONU expondo posi\u00e7\u00e3o sobre declara\u00e7\u00f5es err\u00f4neas da primeira-ministra japonesa\"}]},{\"@type\":\"WebSite\",\"@id\":\"https:\\\/\\\/diariodepe.com.br\\\/cri\\\/#website\",\"url\":\"https:\\\/\\\/diariodepe.com.br\\\/cri\\\/\",\"name\":\"CRI e Diario de Pernambuco\",\"description\":\"R\u00e1dio Internacional da China\",\"publisher\":{\"@id\":\"https:\\\/\\\/diariodepe.com.br\\\/cri\\\/#organization\"},\"potentialAction\":[{\"@type\":\"SearchAction\",\"target\":{\"@type\":\"EntryPoint\",\"urlTemplate\":\"https:\\\/\\\/diariodepe.com.br\\\/cri\\\/?s={search_term_string}\"},\"query-input\":{\"@type\":\"PropertyValueSpecification\",\"valueRequired\":true,\"valueName\":\"search_term_string\"}}],\"inLanguage\":\"pt-BR\"},{\"@type\":\"Organization\",\"@id\":\"https:\\\/\\\/diariodepe.com.br\\\/cri\\\/#organization\",\"name\":\"CRI e Diario de Pernambuco\",\"url\":\"https:\\\/\\\/diariodepe.com.br\\\/cri\\\/\",\"logo\":{\"@type\":\"ImageObject\",\"inLanguage\":\"pt-BR\",\"@id\":\"https:\\\/\\\/diariodepe.com.br\\\/cri\\\/#\\\/schema\\\/logo\\\/image\\\/\",\"url\":\"https:\\\/\\\/diariodepe.com.br\\\/cri\\\/wp-content\\\/uploads\\\/sites\\\/2\\\/2022\\\/12\\\/cropped-Logo.jpg\",\"contentUrl\":\"https:\\\/\\\/diariodepe.com.br\\\/cri\\\/wp-content\\\/uploads\\\/sites\\\/2\\\/2022\\\/12\\\/cropped-Logo.jpg\",\"width\":700,\"height\":59,\"caption\":\"CRI e Diario de Pernambuco\"},\"image\":{\"@id\":\"https:\\\/\\\/diariodepe.com.br\\\/cri\\\/#\\\/schema\\\/logo\\\/image\\\/\"}},{\"@type\":\"Person\",\"@id\":\"https:\\\/\\\/diariodepe.com.br\\\/cri\\\/#\\\/schema\\\/person\\\/e474aead631cd4098632e11d3fbce118\",\"name\":\"CRI Portugu\u00eas\",\"image\":{\"@type\":\"ImageObject\",\"inLanguage\":\"pt-BR\",\"@id\":\"https:\\\/\\\/secure.gravatar.com\\\/avatar\\\/e2ac889ef882d4dc53091b610766dce49106cf9fe98c76e06745abb0993b2763?s=96&d=mm&r=g\",\"url\":\"https:\\\/\\\/secure.gravatar.com\\\/avatar\\\/e2ac889ef882d4dc53091b610766dce49106cf9fe98c76e06745abb0993b2763?s=96&d=mm&r=g\",\"contentUrl\":\"https:\\\/\\\/secure.gravatar.com\\\/avatar\\\/e2ac889ef882d4dc53091b610766dce49106cf9fe98c76e06745abb0993b2763?s=96&d=mm&r=g\",\"caption\":\"CRI Portugu\u00eas\"},\"sameAs\":[\"https:\\\/\\\/www.diariodepernambuco.com.br\\\/\"],\"url\":\"https:\\\/\\\/diariodepe.com.br\\\/cri\\\/author\\\/agencia-cri\\\/\"}]}<\/script>\n<!-- \/ Yoast SEO plugin. -->","yoast_head_json":{"title":"China envia carta ao secret\u00e1rio-geral da ONU expondo posi\u00e7\u00e3o sobre declara\u00e7\u00f5es err\u00f4neas da primeira-ministra japonesa - CRI e Diario de Pernambuco","robots":{"index":"index","follow":"follow","max-snippet":"max-snippet:-1","max-image-preview":"max-image-preview:large","max-video-preview":"max-video-preview:-1"},"canonical":"https:\/\/diariodepe.com.br\/cri\/2025\/12\/11\/china-envia-carta-ao-secretario-geral-da-onu-expondo-posicao-sobre-declaracoes-erroneas-da-primeira-ministra-japonesa\/","og_locale":"pt_BR","og_type":"article","og_title":"China envia carta ao secret\u00e1rio-geral da ONU expondo posi\u00e7\u00e3o sobre declara\u00e7\u00f5es err\u00f4neas da primeira-ministra japonesa - CRI e Diario de Pernambuco","og_description":"Fu Cong, representante permanente da China nas Na\u00e7\u00f5es Unidas, enviou uma carta ao secret\u00e1rio-geral da ONU, Ant\u00f3nio Guterres, na sexta-feira\u00a0(21), detalhando a posi\u00e7\u00e3o do governo chin\u00eas em rela\u00e7\u00e3o \u00e0s declara\u00e7\u00f5es equivocadas da primeira-ministra japonesa, Sanae Takaichi, sobre a China. A...","og_url":"https:\/\/diariodepe.com.br\/cri\/2025\/12\/11\/china-envia-carta-ao-secretario-geral-da-onu-expondo-posicao-sobre-declaracoes-erroneas-da-primeira-ministra-japonesa\/","og_site_name":"CRI e Diario de Pernambuco","article_published_time":"2025-12-11T07:07:21+00:00","og_image":[{"url":"https:\/\/38picres.cgtn.com\/photoAlbum\/page\/performance\/img\/2025\/11\/22\/1763808080103_689.jpg","type":"","width":"","height":""}],"author":"CRI Portugu\u00eas","twitter_card":"summary_large_image","twitter_misc":{"Escrito por":"CRI Portugu\u00eas","Est. tempo de leitura":"3 minutos"},"schema":{"@context":"https:\/\/schema.org","@graph":[{"@type":"Article","@id":"https:\/\/diariodepe.com.br\/cri\/2025\/12\/11\/china-envia-carta-ao-secretario-geral-da-onu-expondo-posicao-sobre-declaracoes-erroneas-da-primeira-ministra-japonesa\/#article","isPartOf":{"@id":"https:\/\/diariodepe.com.br\/cri\/2025\/12\/11\/china-envia-carta-ao-secretario-geral-da-onu-expondo-posicao-sobre-declaracoes-erroneas-da-primeira-ministra-japonesa\/"},"author":{"name":"CRI Portugu\u00eas","@id":"https:\/\/diariodepe.com.br\/cri\/#\/schema\/person\/e474aead631cd4098632e11d3fbce118"},"headline":"China envia carta ao secret\u00e1rio-geral da ONU expondo posi\u00e7\u00e3o sobre declara\u00e7\u00f5es err\u00f4neas da primeira-ministra japonesa","datePublished":"2025-12-11T07:07:21+00:00","mainEntityOfPage":{"@id":"https:\/\/diariodepe.com.br\/cri\/2025\/12\/11\/china-envia-carta-ao-secretario-geral-da-onu-expondo-posicao-sobre-declaracoes-erroneas-da-primeira-ministra-japonesa\/"},"wordCount":457,"commentCount":0,"publisher":{"@id":"https:\/\/diariodepe.com.br\/cri\/#organization"},"image":{"@id":"https:\/\/diariodepe.com.br\/cri\/2025\/12\/11\/china-envia-carta-ao-secretario-geral-da-onu-expondo-posicao-sobre-declaracoes-erroneas-da-primeira-ministra-japonesa\/#primaryimage"},"thumbnailUrl":"https:\/\/38picres.cgtn.com\/photoAlbum\/page\/performance\/img\/2025\/11\/22\/1763808080103_689.jpg","articleSection":["China"],"inLanguage":"pt-BR","potentialAction":[{"@type":"CommentAction","name":"Comment","target":["https:\/\/diariodepe.com.br\/cri\/2025\/12\/11\/china-envia-carta-ao-secretario-geral-da-onu-expondo-posicao-sobre-declaracoes-erroneas-da-primeira-ministra-japonesa\/#respond"]}]},{"@type":"WebPage","@id":"https:\/\/diariodepe.com.br\/cri\/2025\/12\/11\/china-envia-carta-ao-secretario-geral-da-onu-expondo-posicao-sobre-declaracoes-erroneas-da-primeira-ministra-japonesa\/","url":"https:\/\/diariodepe.com.br\/cri\/2025\/12\/11\/china-envia-carta-ao-secretario-geral-da-onu-expondo-posicao-sobre-declaracoes-erroneas-da-primeira-ministra-japonesa\/","name":"China envia carta ao secret\u00e1rio-geral da ONU expondo posi\u00e7\u00e3o sobre declara\u00e7\u00f5es err\u00f4neas da primeira-ministra japonesa - CRI e Diario de Pernambuco","isPartOf":{"@id":"https:\/\/diariodepe.com.br\/cri\/#website"},"primaryImageOfPage":{"@id":"https:\/\/diariodepe.com.br\/cri\/2025\/12\/11\/china-envia-carta-ao-secretario-geral-da-onu-expondo-posicao-sobre-declaracoes-erroneas-da-primeira-ministra-japonesa\/#primaryimage"},"image":{"@id":"https:\/\/diariodepe.com.br\/cri\/2025\/12\/11\/china-envia-carta-ao-secretario-geral-da-onu-expondo-posicao-sobre-declaracoes-erroneas-da-primeira-ministra-japonesa\/#primaryimage"},"thumbnailUrl":"https:\/\/38picres.cgtn.com\/photoAlbum\/page\/performance\/img\/2025\/11\/22\/1763808080103_689.jpg","datePublished":"2025-12-11T07:07:21+00:00","breadcrumb":{"@id":"https:\/\/diariodepe.com.br\/cri\/2025\/12\/11\/china-envia-carta-ao-secretario-geral-da-onu-expondo-posicao-sobre-declaracoes-erroneas-da-primeira-ministra-japonesa\/#breadcrumb"},"inLanguage":"pt-BR","potentialAction":[{"@type":"ReadAction","target":["https:\/\/diariodepe.com.br\/cri\/2025\/12\/11\/china-envia-carta-ao-secretario-geral-da-onu-expondo-posicao-sobre-declaracoes-erroneas-da-primeira-ministra-japonesa\/"]}]},{"@type":"ImageObject","inLanguage":"pt-BR","@id":"https:\/\/diariodepe.com.br\/cri\/2025\/12\/11\/china-envia-carta-ao-secretario-geral-da-onu-expondo-posicao-sobre-declaracoes-erroneas-da-primeira-ministra-japonesa\/#primaryimage","url":"https:\/\/38picres.cgtn.com\/photoAlbum\/page\/performance\/img\/2025\/11\/22\/1763808080103_689.jpg","contentUrl":"https:\/\/38picres.cgtn.com\/photoAlbum\/page\/performance\/img\/2025\/11\/22\/1763808080103_689.jpg"},{"@type":"BreadcrumbList","@id":"https:\/\/diariodepe.com.br\/cri\/2025\/12\/11\/china-envia-carta-ao-secretario-geral-da-onu-expondo-posicao-sobre-declaracoes-erroneas-da-primeira-ministra-japonesa\/#breadcrumb","itemListElement":[{"@type":"ListItem","position":1,"name":"In\u00edcio","item":"https:\/\/diariodepe.com.br\/cri\/"},{"@type":"ListItem","position":2,"name":"China envia carta ao secret\u00e1rio-geral da ONU expondo posi\u00e7\u00e3o sobre declara\u00e7\u00f5es err\u00f4neas da primeira-ministra japonesa"}]},{"@type":"WebSite","@id":"https:\/\/diariodepe.com.br\/cri\/#website","url":"https:\/\/diariodepe.com.br\/cri\/","name":"CRI e Diario de Pernambuco","description":"R\u00e1dio Internacional da China","publisher":{"@id":"https:\/\/diariodepe.com.br\/cri\/#organization"},"potentialAction":[{"@type":"SearchAction","target":{"@type":"EntryPoint","urlTemplate":"https:\/\/diariodepe.com.br\/cri\/?s={search_term_string}"},"query-input":{"@type":"PropertyValueSpecification","valueRequired":true,"valueName":"search_term_string"}}],"inLanguage":"pt-BR"},{"@type":"Organization","@id":"https:\/\/diariodepe.com.br\/cri\/#organization","name":"CRI e Diario de Pernambuco","url":"https:\/\/diariodepe.com.br\/cri\/","logo":{"@type":"ImageObject","inLanguage":"pt-BR","@id":"https:\/\/diariodepe.com.br\/cri\/#\/schema\/logo\/image\/","url":"https:\/\/diariodepe.com.br\/cri\/wp-content\/uploads\/sites\/2\/2022\/12\/cropped-Logo.jpg","contentUrl":"https:\/\/diariodepe.com.br\/cri\/wp-content\/uploads\/sites\/2\/2022\/12\/cropped-Logo.jpg","width":700,"height":59,"caption":"CRI e Diario de Pernambuco"},"image":{"@id":"https:\/\/diariodepe.com.br\/cri\/#\/schema\/logo\/image\/"}},{"@type":"Person","@id":"https:\/\/diariodepe.com.br\/cri\/#\/schema\/person\/e474aead631cd4098632e11d3fbce118","name":"CRI Portugu\u00eas","image":{"@type":"ImageObject","inLanguage":"pt-BR","@id":"https:\/\/secure.gravatar.com\/avatar\/e2ac889ef882d4dc53091b610766dce49106cf9fe98c76e06745abb0993b2763?s=96&d=mm&r=g","url":"https:\/\/secure.gravatar.com\/avatar\/e2ac889ef882d4dc53091b610766dce49106cf9fe98c76e06745abb0993b2763?s=96&d=mm&r=g","contentUrl":"https:\/\/secure.gravatar.com\/avatar\/e2ac889ef882d4dc53091b610766dce49106cf9fe98c76e06745abb0993b2763?s=96&d=mm&r=g","caption":"CRI Portugu\u00eas"},"sameAs":["https:\/\/www.diariodepernambuco.com.br\/"],"url":"https:\/\/diariodepe.com.br\/cri\/author\/agencia-cri\/"}]}},"cc_featured_image_caption":{"caption_text":"","source_text":"","source_url":""},"amp_enabled":true,"_links":{"self":[{"href":"https:\/\/diariodepe.com.br\/cri\/wp-json\/wp\/v2\/posts\/10137","targetHints":{"allow":["GET"]}}],"collection":[{"href":"https:\/\/diariodepe.com.br\/cri\/wp-json\/wp\/v2\/posts"}],"about":[{"href":"https:\/\/diariodepe.com.br\/cri\/wp-json\/wp\/v2\/types\/post"}],"author":[{"embeddable":true,"href":"https:\/\/diariodepe.com.br\/cri\/wp-json\/wp\/v2\/users\/5"}],"replies":[{"embeddable":true,"href":"https:\/\/diariodepe.com.br\/cri\/wp-json\/wp\/v2\/comments?post=10137"}],"version-history":[{"count":1,"href":"https:\/\/diariodepe.com.br\/cri\/wp-json\/wp\/v2\/posts\/10137\/revisions"}],"predecessor-version":[{"id":10138,"href":"https:\/\/diariodepe.com.br\/cri\/wp-json\/wp\/v2\/posts\/10137\/revisions\/10138"}],"wp:attachment":[{"href":"https:\/\/diariodepe.com.br\/cri\/wp-json\/wp\/v2\/media?parent=10137"}],"wp:term":[{"taxonomy":"category","embeddable":true,"href":"https:\/\/diariodepe.com.br\/cri\/wp-json\/wp\/v2\/categories?post=10137"},{"taxonomy":"post_tag","embeddable":true,"href":"https:\/\/diariodepe.com.br\/cri\/wp-json\/wp\/v2\/tags?post=10137"}],"curies":[{"name":"wp","href":"https:\/\/api.w.org\/{rel}","templated":true}]}}