{"id":10133,"date":"2025-12-11T04:06:23","date_gmt":"2025-12-11T07:06:23","guid":{"rendered":"https:\/\/diariodepe.com.br\/cri\/?p=10133"},"modified":"2025-12-11T04:06:23","modified_gmt":"2025-12-11T07:06:23","slug":"pesquisa-cgtn-publico-mundial-exige-que-paises-tomem-medidas-concretas-sobre-governanca-climatica","status":"publish","type":"post","link":"https:\/\/diariodepe.com.br\/cri\/2025\/12\/11\/pesquisa-cgtn-publico-mundial-exige-que-paises-tomem-medidas-concretas-sobre-governanca-climatica\/","title":{"rendered":"Pesquisa CGTN | P\u00fablico mundial exige que pa\u00edses tomem medidas concretas sobre governan\u00e7a clim\u00e1tica"},"content":{"rendered":"<p>Este ano marca o 10\u00ba anivers\u00e1rio do Acordo de Paris sobre mudan\u00e7as clim\u00e1ticas e tamb\u00e9m representa um momento crucial para que os pa\u00edses apresentem uma nova rodada de Contribui\u00e7\u00f5es Nacionalmente Determinadas. A governan\u00e7a clim\u00e1tica global est\u00e1 em uma encruzilhada cr\u00edtica, exigindo a\u00e7\u00e3o imediata e pr\u00e1tica.<\/p>\n<p>Uma pesquisa global da CGTN, abrangendo 33.000 entrevistados em 48 pa\u00edses, revela um consenso generalizado sobre a urg\u00eancia e a import\u00e2ncia de longo prazo da governan\u00e7a clim\u00e1tica global. A abordagem e as conquistas da China na contribui\u00e7\u00e3o para os esfor\u00e7os clim\u00e1ticos globais receberam amplo reconhecimento, e os entrevistados pedem que todas as na\u00e7\u00f5es tomem a\u00e7\u00f5es pragm\u00e1ticas e trabalhem juntas para enfrentar as mudan\u00e7as clim\u00e1ticas.<\/p>\n<p>De acordo com a pesquisa, 91% dos entrevistados acreditam que a frequ\u00eancia de eventos clim\u00e1ticos extremos em todo o mundo aumentou rapidamente nos \u00faltimos anos; 89,2% afirmam que essa tend\u00eancia reflete um clima global em r\u00e1pida deteriora\u00e7\u00e3o, e 90% concordam que responder \u00e0s mudan\u00e7as clim\u00e1ticas \u00e9 uma prioridade urgente, apelando \u00e0 comunidade internacional para que tome a\u00e7\u00f5es fortes e concretas.<\/p>\n<p>Neste momento cr\u00edtico para a governan\u00e7a clim\u00e1tica global, como os pa\u00edses respondem e se s\u00e3o capazes de cumprir seus compromissos n\u00e3o apenas determinar\u00e1 o sucesso da a\u00e7\u00e3o clim\u00e1tica, mas tamb\u00e9m moldar\u00e1 o futuro da humanidade de forma profunda. Segundo a pesquisa, 85% dos entrevistados acreditam que o fortalecimento da coopera\u00e7\u00e3o entre as na\u00e7\u00f5es \u00e9 essencial para uma governan\u00e7a clim\u00e1tica global eficaz. Al\u00e9m disso, 75,1% criticam os pa\u00edses desenvolvidos por falta de sinceridade e a\u00e7\u00e3o relacionada \u00e0s quest\u00f5es clim\u00e1ticas; 75% afirmam que o fracasso repetido deles em cumprir os compromissos de ajuda clim\u00e1tica \u00e9 irresponsabilidade; e 86,4% acreditam que os pa\u00edses desenvolvidos t\u00eam uma responsabilidade hist\u00f3rica e \u00e9tica inevit\u00e1vel pelas mudan\u00e7as clim\u00e1ticas induzidas pelo homem e apelam para que tomem a\u00e7\u00f5es mais fortes e concretas.<\/p>\n<p>Enquanto isso, em compara\u00e7\u00e3o com os entrevistados do pa\u00edses desenvolvidos, os dos pa\u00edses do Sul Global mostram maior determina\u00e7\u00e3o e resolu\u00e7\u00e3o para lidar com as quest\u00f5es clim\u00e1ticas: 94,6% est\u00e3o dispostos a incorporar a conserva\u00e7\u00e3o de energia e a redu\u00e7\u00e3o de emiss\u00f5es em seu pr\u00f3prio comportamento e vida di\u00e1ria \u2013 14,9 pontos percentuais a mais do que os entrevistados dos pa\u00edses desenvolvidos. 96,2% dos entrevistados do Sul Global pedem a acelera\u00e7\u00e3o do desenvolvimento de ind\u00fastrias verdes para enfrentar as mudan\u00e7as clim\u00e1ticas, 13,4 pontos percentuais a mais do que nos pa\u00edses desenvolvidos.<\/p>\n<p>Esta pesquisa foi realizada pela CGTN, em colabora\u00e7\u00e3o com a Universidade Renmin da China, atrav\u00e9s do Instituto para a Comunica\u00e7\u00e3o Internacional na Nova Era, direcionada a entrevistados em todo o mundo. Os pa\u00edses pesquisados incluem grandes pa\u00edses desenvolvidos, bem como pa\u00edses do Sul Global. Todos os entrevistados s\u00e3o adultos comuns com 18 anos ou mais, com a amostra refletindo a distribui\u00e7\u00e3o populacional de cada pa\u00eds por idade e g\u00eanero.<\/p>\n","protected":false},"excerpt":{"rendered":"<p>Este ano marca o 10\u00ba anivers\u00e1rio do Acordo de Paris sobre mudan\u00e7as clim\u00e1ticas e tamb\u00e9m representa um momento crucial para que os pa\u00edses apresentem uma nova rodada de Contribui\u00e7\u00f5es Nacionalmente Determinadas. A governan\u00e7a clim\u00e1tica global est\u00e1 em uma encruzilhada cr\u00edtica,&#8230;<\/p>\n","protected":false},"author":5,"featured_media":0,"comment_status":"open","ping_status":"open","sticky":false,"template":"","format":"standard","meta":{"footnotes":""},"categories":[3],"tags":[],"class_list":["post-10133","post","type-post","status-publish","format-standard","hentry","category-china"],"yoast_head":"<!-- This site is optimized with the Yoast SEO plugin v27.4 - https:\/\/yoast.com\/product\/yoast-seo-wordpress\/ -->\n<title>Pesquisa CGTN | P\u00fablico mundial exige que pa\u00edses tomem medidas concretas sobre governan\u00e7a clim\u00e1tica - CRI e Diario de Pernambuco<\/title>\n<meta name=\"robots\" content=\"index, follow, max-snippet:-1, max-image-preview:large, max-video-preview:-1\" \/>\n<link rel=\"canonical\" href=\"https:\/\/diariodepe.com.br\/cri\/2025\/12\/11\/pesquisa-cgtn-publico-mundial-exige-que-paises-tomem-medidas-concretas-sobre-governanca-climatica\/\" \/>\n<meta property=\"og:locale\" content=\"pt_BR\" \/>\n<meta property=\"og:type\" content=\"article\" \/>\n<meta property=\"og:title\" content=\"Pesquisa CGTN | P\u00fablico mundial exige que pa\u00edses tomem medidas concretas sobre governan\u00e7a clim\u00e1tica - CRI e Diario de Pernambuco\" \/>\n<meta property=\"og:description\" content=\"Este ano marca o 10\u00ba anivers\u00e1rio do Acordo de Paris sobre mudan\u00e7as clim\u00e1ticas e tamb\u00e9m representa um momento crucial para que os pa\u00edses apresentem uma nova rodada de Contribui\u00e7\u00f5es Nacionalmente Determinadas. A governan\u00e7a clim\u00e1tica global est\u00e1 em uma encruzilhada cr\u00edtica,...\" \/>\n<meta property=\"og:url\" content=\"https:\/\/diariodepe.com.br\/cri\/2025\/12\/11\/pesquisa-cgtn-publico-mundial-exige-que-paises-tomem-medidas-concretas-sobre-governanca-climatica\/\" \/>\n<meta property=\"og:site_name\" content=\"CRI e Diario de Pernambuco\" \/>\n<meta property=\"article:published_time\" content=\"2025-12-11T07:06:23+00:00\" \/>\n<meta name=\"author\" content=\"CRI Portugu\u00eas\" \/>\n<meta name=\"twitter:card\" content=\"summary_large_image\" \/>\n<meta name=\"twitter:label1\" content=\"Escrito por\" \/>\n\t<meta name=\"twitter:data1\" content=\"CRI Portugu\u00eas\" \/>\n<script type=\"application\/ld+json\" class=\"yoast-schema-graph\">{\"@context\":\"https:\\\/\\\/schema.org\",\"@graph\":[{\"@type\":\"Article\",\"@id\":\"https:\\\/\\\/diariodepe.com.br\\\/cri\\\/2025\\\/12\\\/11\\\/pesquisa-cgtn-publico-mundial-exige-que-paises-tomem-medidas-concretas-sobre-governanca-climatica\\\/#article\",\"isPartOf\":{\"@id\":\"https:\\\/\\\/diariodepe.com.br\\\/cri\\\/2025\\\/12\\\/11\\\/pesquisa-cgtn-publico-mundial-exige-que-paises-tomem-medidas-concretas-sobre-governanca-climatica\\\/\"},\"author\":{\"name\":\"CRI Portugu\u00eas\",\"@id\":\"https:\\\/\\\/diariodepe.com.br\\\/cri\\\/#\\\/schema\\\/person\\\/e474aead631cd4098632e11d3fbce118\"},\"headline\":\"Pesquisa CGTN | P\u00fablico mundial exige que pa\u00edses tomem medidas concretas sobre governan\u00e7a clim\u00e1tica\",\"datePublished\":\"2025-12-11T07:06:23+00:00\",\"mainEntityOfPage\":{\"@id\":\"https:\\\/\\\/diariodepe.com.br\\\/cri\\\/2025\\\/12\\\/11\\\/pesquisa-cgtn-publico-mundial-exige-que-paises-tomem-medidas-concretas-sobre-governanca-climatica\\\/\"},\"wordCount\":536,\"commentCount\":0,\"publisher\":{\"@id\":\"https:\\\/\\\/diariodepe.com.br\\\/cri\\\/#organization\"},\"articleSection\":[\"China\"],\"inLanguage\":\"pt-BR\",\"potentialAction\":[{\"@type\":\"CommentAction\",\"name\":\"Comment\",\"target\":[\"https:\\\/\\\/diariodepe.com.br\\\/cri\\\/2025\\\/12\\\/11\\\/pesquisa-cgtn-publico-mundial-exige-que-paises-tomem-medidas-concretas-sobre-governanca-climatica\\\/#respond\"]}]},{\"@type\":\"WebPage\",\"@id\":\"https:\\\/\\\/diariodepe.com.br\\\/cri\\\/2025\\\/12\\\/11\\\/pesquisa-cgtn-publico-mundial-exige-que-paises-tomem-medidas-concretas-sobre-governanca-climatica\\\/\",\"url\":\"https:\\\/\\\/diariodepe.com.br\\\/cri\\\/2025\\\/12\\\/11\\\/pesquisa-cgtn-publico-mundial-exige-que-paises-tomem-medidas-concretas-sobre-governanca-climatica\\\/\",\"name\":\"Pesquisa CGTN | P\u00fablico mundial exige que pa\u00edses tomem medidas concretas sobre governan\u00e7a clim\u00e1tica - CRI e Diario de Pernambuco\",\"isPartOf\":{\"@id\":\"https:\\\/\\\/diariodepe.com.br\\\/cri\\\/#website\"},\"datePublished\":\"2025-12-11T07:06:23+00:00\",\"breadcrumb\":{\"@id\":\"https:\\\/\\\/diariodepe.com.br\\\/cri\\\/2025\\\/12\\\/11\\\/pesquisa-cgtn-publico-mundial-exige-que-paises-tomem-medidas-concretas-sobre-governanca-climatica\\\/#breadcrumb\"},\"inLanguage\":\"pt-BR\",\"potentialAction\":[{\"@type\":\"ReadAction\",\"target\":[\"https:\\\/\\\/diariodepe.com.br\\\/cri\\\/2025\\\/12\\\/11\\\/pesquisa-cgtn-publico-mundial-exige-que-paises-tomem-medidas-concretas-sobre-governanca-climatica\\\/\"]}]},{\"@type\":\"BreadcrumbList\",\"@id\":\"https:\\\/\\\/diariodepe.com.br\\\/cri\\\/2025\\\/12\\\/11\\\/pesquisa-cgtn-publico-mundial-exige-que-paises-tomem-medidas-concretas-sobre-governanca-climatica\\\/#breadcrumb\",\"itemListElement\":[{\"@type\":\"ListItem\",\"position\":1,\"name\":\"In\u00edcio\",\"item\":\"https:\\\/\\\/diariodepe.com.br\\\/cri\\\/\"},{\"@type\":\"ListItem\",\"position\":2,\"name\":\"Pesquisa CGTN | P\u00fablico mundial exige que pa\u00edses tomem medidas concretas sobre governan\u00e7a clim\u00e1tica\"}]},{\"@type\":\"WebSite\",\"@id\":\"https:\\\/\\\/diariodepe.com.br\\\/cri\\\/#website\",\"url\":\"https:\\\/\\\/diariodepe.com.br\\\/cri\\\/\",\"name\":\"CRI e Diario de Pernambuco\",\"description\":\"R\u00e1dio Internacional da China\",\"publisher\":{\"@id\":\"https:\\\/\\\/diariodepe.com.br\\\/cri\\\/#organization\"},\"potentialAction\":[{\"@type\":\"SearchAction\",\"target\":{\"@type\":\"EntryPoint\",\"urlTemplate\":\"https:\\\/\\\/diariodepe.com.br\\\/cri\\\/?s={search_term_string}\"},\"query-input\":{\"@type\":\"PropertyValueSpecification\",\"valueRequired\":true,\"valueName\":\"search_term_string\"}}],\"inLanguage\":\"pt-BR\"},{\"@type\":\"Organization\",\"@id\":\"https:\\\/\\\/diariodepe.com.br\\\/cri\\\/#organization\",\"name\":\"CRI e Diario de Pernambuco\",\"url\":\"https:\\\/\\\/diariodepe.com.br\\\/cri\\\/\",\"logo\":{\"@type\":\"ImageObject\",\"inLanguage\":\"pt-BR\",\"@id\":\"https:\\\/\\\/diariodepe.com.br\\\/cri\\\/#\\\/schema\\\/logo\\\/image\\\/\",\"url\":\"https:\\\/\\\/diariodepe.com.br\\\/cri\\\/wp-content\\\/uploads\\\/sites\\\/2\\\/2022\\\/12\\\/cropped-Logo.jpg\",\"contentUrl\":\"https:\\\/\\\/diariodepe.com.br\\\/cri\\\/wp-content\\\/uploads\\\/sites\\\/2\\\/2022\\\/12\\\/cropped-Logo.jpg\",\"width\":700,\"height\":59,\"caption\":\"CRI e Diario de Pernambuco\"},\"image\":{\"@id\":\"https:\\\/\\\/diariodepe.com.br\\\/cri\\\/#\\\/schema\\\/logo\\\/image\\\/\"}},{\"@type\":\"Person\",\"@id\":\"https:\\\/\\\/diariodepe.com.br\\\/cri\\\/#\\\/schema\\\/person\\\/e474aead631cd4098632e11d3fbce118\",\"name\":\"CRI Portugu\u00eas\",\"image\":{\"@type\":\"ImageObject\",\"inLanguage\":\"pt-BR\",\"@id\":\"https:\\\/\\\/secure.gravatar.com\\\/avatar\\\/e2ac889ef882d4dc53091b610766dce49106cf9fe98c76e06745abb0993b2763?s=96&d=mm&r=g\",\"url\":\"https:\\\/\\\/secure.gravatar.com\\\/avatar\\\/e2ac889ef882d4dc53091b610766dce49106cf9fe98c76e06745abb0993b2763?s=96&d=mm&r=g\",\"contentUrl\":\"https:\\\/\\\/secure.gravatar.com\\\/avatar\\\/e2ac889ef882d4dc53091b610766dce49106cf9fe98c76e06745abb0993b2763?s=96&d=mm&r=g\",\"caption\":\"CRI Portugu\u00eas\"},\"sameAs\":[\"https:\\\/\\\/www.diariodepernambuco.com.br\\\/\"],\"url\":\"https:\\\/\\\/diariodepe.com.br\\\/cri\\\/author\\\/agencia-cri\\\/\"}]}<\/script>\n<!-- \/ Yoast SEO plugin. -->","yoast_head_json":{"title":"Pesquisa CGTN | P\u00fablico mundial exige que pa\u00edses tomem medidas concretas sobre governan\u00e7a clim\u00e1tica - CRI e Diario de Pernambuco","robots":{"index":"index","follow":"follow","max-snippet":"max-snippet:-1","max-image-preview":"max-image-preview:large","max-video-preview":"max-video-preview:-1"},"canonical":"https:\/\/diariodepe.com.br\/cri\/2025\/12\/11\/pesquisa-cgtn-publico-mundial-exige-que-paises-tomem-medidas-concretas-sobre-governanca-climatica\/","og_locale":"pt_BR","og_type":"article","og_title":"Pesquisa CGTN | P\u00fablico mundial exige que pa\u00edses tomem medidas concretas sobre governan\u00e7a clim\u00e1tica - CRI e Diario de Pernambuco","og_description":"Este ano marca o 10\u00ba anivers\u00e1rio do Acordo de Paris sobre mudan\u00e7as clim\u00e1ticas e tamb\u00e9m representa um momento crucial para que os pa\u00edses apresentem uma nova rodada de Contribui\u00e7\u00f5es Nacionalmente Determinadas. A governan\u00e7a clim\u00e1tica global est\u00e1 em uma encruzilhada cr\u00edtica,...","og_url":"https:\/\/diariodepe.com.br\/cri\/2025\/12\/11\/pesquisa-cgtn-publico-mundial-exige-que-paises-tomem-medidas-concretas-sobre-governanca-climatica\/","og_site_name":"CRI e Diario de Pernambuco","article_published_time":"2025-12-11T07:06:23+00:00","author":"CRI Portugu\u00eas","twitter_card":"summary_large_image","twitter_misc":{"Escrito por":"CRI Portugu\u00eas"},"schema":{"@context":"https:\/\/schema.org","@graph":[{"@type":"Article","@id":"https:\/\/diariodepe.com.br\/cri\/2025\/12\/11\/pesquisa-cgtn-publico-mundial-exige-que-paises-tomem-medidas-concretas-sobre-governanca-climatica\/#article","isPartOf":{"@id":"https:\/\/diariodepe.com.br\/cri\/2025\/12\/11\/pesquisa-cgtn-publico-mundial-exige-que-paises-tomem-medidas-concretas-sobre-governanca-climatica\/"},"author":{"name":"CRI Portugu\u00eas","@id":"https:\/\/diariodepe.com.br\/cri\/#\/schema\/person\/e474aead631cd4098632e11d3fbce118"},"headline":"Pesquisa CGTN | P\u00fablico mundial exige que pa\u00edses tomem medidas concretas sobre governan\u00e7a clim\u00e1tica","datePublished":"2025-12-11T07:06:23+00:00","mainEntityOfPage":{"@id":"https:\/\/diariodepe.com.br\/cri\/2025\/12\/11\/pesquisa-cgtn-publico-mundial-exige-que-paises-tomem-medidas-concretas-sobre-governanca-climatica\/"},"wordCount":536,"commentCount":0,"publisher":{"@id":"https:\/\/diariodepe.com.br\/cri\/#organization"},"articleSection":["China"],"inLanguage":"pt-BR","potentialAction":[{"@type":"CommentAction","name":"Comment","target":["https:\/\/diariodepe.com.br\/cri\/2025\/12\/11\/pesquisa-cgtn-publico-mundial-exige-que-paises-tomem-medidas-concretas-sobre-governanca-climatica\/#respond"]}]},{"@type":"WebPage","@id":"https:\/\/diariodepe.com.br\/cri\/2025\/12\/11\/pesquisa-cgtn-publico-mundial-exige-que-paises-tomem-medidas-concretas-sobre-governanca-climatica\/","url":"https:\/\/diariodepe.com.br\/cri\/2025\/12\/11\/pesquisa-cgtn-publico-mundial-exige-que-paises-tomem-medidas-concretas-sobre-governanca-climatica\/","name":"Pesquisa CGTN | P\u00fablico mundial exige que pa\u00edses tomem medidas concretas sobre governan\u00e7a clim\u00e1tica - CRI e Diario de Pernambuco","isPartOf":{"@id":"https:\/\/diariodepe.com.br\/cri\/#website"},"datePublished":"2025-12-11T07:06:23+00:00","breadcrumb":{"@id":"https:\/\/diariodepe.com.br\/cri\/2025\/12\/11\/pesquisa-cgtn-publico-mundial-exige-que-paises-tomem-medidas-concretas-sobre-governanca-climatica\/#breadcrumb"},"inLanguage":"pt-BR","potentialAction":[{"@type":"ReadAction","target":["https:\/\/diariodepe.com.br\/cri\/2025\/12\/11\/pesquisa-cgtn-publico-mundial-exige-que-paises-tomem-medidas-concretas-sobre-governanca-climatica\/"]}]},{"@type":"BreadcrumbList","@id":"https:\/\/diariodepe.com.br\/cri\/2025\/12\/11\/pesquisa-cgtn-publico-mundial-exige-que-paises-tomem-medidas-concretas-sobre-governanca-climatica\/#breadcrumb","itemListElement":[{"@type":"ListItem","position":1,"name":"In\u00edcio","item":"https:\/\/diariodepe.com.br\/cri\/"},{"@type":"ListItem","position":2,"name":"Pesquisa CGTN | P\u00fablico mundial exige que pa\u00edses tomem medidas concretas sobre governan\u00e7a clim\u00e1tica"}]},{"@type":"WebSite","@id":"https:\/\/diariodepe.com.br\/cri\/#website","url":"https:\/\/diariodepe.com.br\/cri\/","name":"CRI e Diario de Pernambuco","description":"R\u00e1dio Internacional da China","publisher":{"@id":"https:\/\/diariodepe.com.br\/cri\/#organization"},"potentialAction":[{"@type":"SearchAction","target":{"@type":"EntryPoint","urlTemplate":"https:\/\/diariodepe.com.br\/cri\/?s={search_term_string}"},"query-input":{"@type":"PropertyValueSpecification","valueRequired":true,"valueName":"search_term_string"}}],"inLanguage":"pt-BR"},{"@type":"Organization","@id":"https:\/\/diariodepe.com.br\/cri\/#organization","name":"CRI e Diario de Pernambuco","url":"https:\/\/diariodepe.com.br\/cri\/","logo":{"@type":"ImageObject","inLanguage":"pt-BR","@id":"https:\/\/diariodepe.com.br\/cri\/#\/schema\/logo\/image\/","url":"https:\/\/diariodepe.com.br\/cri\/wp-content\/uploads\/sites\/2\/2022\/12\/cropped-Logo.jpg","contentUrl":"https:\/\/diariodepe.com.br\/cri\/wp-content\/uploads\/sites\/2\/2022\/12\/cropped-Logo.jpg","width":700,"height":59,"caption":"CRI e Diario de Pernambuco"},"image":{"@id":"https:\/\/diariodepe.com.br\/cri\/#\/schema\/logo\/image\/"}},{"@type":"Person","@id":"https:\/\/diariodepe.com.br\/cri\/#\/schema\/person\/e474aead631cd4098632e11d3fbce118","name":"CRI Portugu\u00eas","image":{"@type":"ImageObject","inLanguage":"pt-BR","@id":"https:\/\/secure.gravatar.com\/avatar\/e2ac889ef882d4dc53091b610766dce49106cf9fe98c76e06745abb0993b2763?s=96&d=mm&r=g","url":"https:\/\/secure.gravatar.com\/avatar\/e2ac889ef882d4dc53091b610766dce49106cf9fe98c76e06745abb0993b2763?s=96&d=mm&r=g","contentUrl":"https:\/\/secure.gravatar.com\/avatar\/e2ac889ef882d4dc53091b610766dce49106cf9fe98c76e06745abb0993b2763?s=96&d=mm&r=g","caption":"CRI Portugu\u00eas"},"sameAs":["https:\/\/www.diariodepernambuco.com.br\/"],"url":"https:\/\/diariodepe.com.br\/cri\/author\/agencia-cri\/"}]}},"cc_featured_image_caption":{"caption_text":"","source_text":"","source_url":""},"amp_enabled":true,"_links":{"self":[{"href":"https:\/\/diariodepe.com.br\/cri\/wp-json\/wp\/v2\/posts\/10133","targetHints":{"allow":["GET"]}}],"collection":[{"href":"https:\/\/diariodepe.com.br\/cri\/wp-json\/wp\/v2\/posts"}],"about":[{"href":"https:\/\/diariodepe.com.br\/cri\/wp-json\/wp\/v2\/types\/post"}],"author":[{"embeddable":true,"href":"https:\/\/diariodepe.com.br\/cri\/wp-json\/wp\/v2\/users\/5"}],"replies":[{"embeddable":true,"href":"https:\/\/diariodepe.com.br\/cri\/wp-json\/wp\/v2\/comments?post=10133"}],"version-history":[{"count":1,"href":"https:\/\/diariodepe.com.br\/cri\/wp-json\/wp\/v2\/posts\/10133\/revisions"}],"predecessor-version":[{"id":10134,"href":"https:\/\/diariodepe.com.br\/cri\/wp-json\/wp\/v2\/posts\/10133\/revisions\/10134"}],"wp:attachment":[{"href":"https:\/\/diariodepe.com.br\/cri\/wp-json\/wp\/v2\/media?parent=10133"}],"wp:term":[{"taxonomy":"category","embeddable":true,"href":"https:\/\/diariodepe.com.br\/cri\/wp-json\/wp\/v2\/categories?post=10133"},{"taxonomy":"post_tag","embeddable":true,"href":"https:\/\/diariodepe.com.br\/cri\/wp-json\/wp\/v2\/tags?post=10133"}],"curies":[{"name":"wp","href":"https:\/\/api.w.org\/{rel}","templated":true}]}}