{"id":10129,"date":"2025-12-11T04:05:26","date_gmt":"2025-12-11T07:05:26","guid":{"rendered":"https:\/\/diariodepe.com.br\/cri\/?p=10129"},"modified":"2025-12-11T04:05:26","modified_gmt":"2025-12-11T07:05:26","slug":"ressurgimento-do-militarismo-japones-jamais-sera-permitido","status":"publish","type":"post","link":"https:\/\/diariodepe.com.br\/cri\/2025\/12\/11\/ressurgimento-do-militarismo-japones-jamais-sera-permitido\/","title":{"rendered":"Ressurgimento do militarismo japon\u00eas jamais ser\u00e1 permitido"},"content":{"rendered":"<p>O diretor-geral do Departamento de Assuntos Asi\u00e1ticos do Minist\u00e9rio das Rela\u00e7\u00f5es Exteriores da China, Liu Jinsong, reuniu-se na ter\u00e7a-feira (18) em Beijing com o diretor-geral do Departamento para Assuntos da \u00c1sia e da Oceania do Minist\u00e9rio das Rela\u00e7\u00f5es Exteriores do Jap\u00e3o, Masaaki Kanai. A China apresentou novamente representa\u00e7\u00f5es solenes ao Jap\u00e3o sobre as declara\u00e7\u00f5es err\u00f4neas da primeira-ministra japonesa, Sanae Takaichi, exortando que retire suas afirma\u00e7\u00f5es equivocadas, pare de provocar incidentes em quest\u00f5es relacionadas \u00e0 China e reconhe\u00e7a e corrija os erros com a\u00e7\u00f5es concretas a fim de manter a base pol\u00edtica do relacionamento sino-japon\u00eas.<\/p>\n<p><img decoding=\"async\" src=\"https:\/\/38picres.cgtn.com\/photoAlbum\/page\/performance\/img\/2025\/11\/20\/1763628491048_595.jpg\" \/><\/p>\n<p>Ap\u00f3s Takaishi ter insinuado no dia 7 do mesmo m\u00eas a possibilidade de interven\u00e7\u00e3o militar na quest\u00e3o de Taiwan, o governo chin\u00eas respondeu com firmeza. O vice-ministro das Rela\u00e7\u00f5es Exteriores da China convocou o embaixador do Jap\u00e3o em Beijing para apresentar representa\u00e7\u00f5es solenes e fortes protestos. V\u00e1rios minist\u00e9rios chineses emitiram advert\u00eancias de \u201cresposta resoluta\u201d. Desde lembrar os cidad\u00e3os chineses de evitar viagens ao Jap\u00e3o, at\u00e9 exigir que a pesquisa conjunta de opini\u00e3o p\u00fablica e o \u201cF\u00f3rum Beijing-T\u00f3quio\u201d sejam adiados, a postura da China \u00e9 bem clara.<\/p>\n<p>A quest\u00e3o de Taiwan \u00e9 a \u201clinha vermelha priorit\u00e1ria\u201d da China. Takaichi desafiou a opini\u00e3o p\u00fablica global e insistiu em provocar a China nessa quest\u00e3o, e o pre\u00e7o a pagar \u00e9 previs\u00edvel. Atualmente, a China \u00e9 o maior parceiro comercial do Jap\u00e3o, o segundo maior destino de exporta\u00e7\u00e3o e a principal fonte de sua importa\u00e7\u00e3o. Segundo o pesquisador do Instituto de Pesquisa Nomura (NRI), Nobuhide Kinouchi, se o n\u00famero de turistas chineses que visitam o Jap\u00e3o cair significativamente, o preju\u00edzo econ\u00f4mico do Jap\u00e3o poder\u00e1 chegar a 2,2 trilh\u00f5es de ienes (cerca de 101,16 bilh\u00f5es de yuans). De fato, os impactos j\u00e1 s\u00e3o vis\u00edveis: os dois principais \u00edndices da Bolsa de T\u00f3quio ca\u00edram pelo terceiro dia consecutivo desde o dia 18. A ag\u00eancia Kyodo News do Jap\u00e3o relatou no mesmo dia que v\u00e1rias atividades comerciais entre Jap\u00e3o e China foram adiadas ou canceladas. Nos \u00faltimos dias, cr\u00edticas cont\u00ednuas no Jap\u00e3o condenam as declara\u00e7\u00f5es de Takaichi, com apelos para a retrata\u00e7\u00e3o.<\/p>\n<p>A resposta da China n\u00e3o se limita a defender a soberania nacional e a integridade territorial, mas tamb\u00e9m visa manter a ordem p\u00f3s-guerra e a paz regional, sendo uma forte repress\u00e3o ao ressurgimento do militarismo japon\u00eas. Este ano marca o 80\u00ba anivers\u00e1rio da vit\u00f3ria na Guerra de Resist\u00eancia do Povo Chin\u00eas contra a Agress\u00e3o Japonesa e na Guerra Antifascista Mundial, os comportamentos de Takaishi negam diretamente os resultados desta vit\u00f3ria, desafiam a ordem internacional e atacam a consci\u00eancia moral.<\/p>\n<p>Em um n\u00edvel mais profundo, o epis\u00f3dio de Takaishi n\u00e3o foi por acaso, mas o resultado inevit\u00e1vel da tentativa cont\u00ednua das for\u00e7as de direita do Jap\u00e3o para romper com a Constitui\u00e7\u00e3o Pacifista em busca do status de pot\u00eancia militar.<\/p>\n<p>As falas e comportamentos de Takaishi j\u00e1 mostram, por muito tempo, uma clara tend\u00eancia ao revisionismo hist\u00f3rico, e isso pode ser percebido atrav\u00e9s de a\u00e7\u00f5es como a defesa da elimina\u00e7\u00e3o do Artigo 9 da Constitui\u00e7\u00e3o Pacifista do Jap\u00e3o, para que as For\u00e7as de Autodefesa se transformem em um \u201cEx\u00e9rcito Nacional\u201d; visitas frequentes ao Santu\u00e1rio Yasukuni e nega\u00e7\u00e3o de fatos hist\u00f3ricos da guerra, como o caso das \u201cmulheres de conforto\u201d. Devido \u00e0 liquida\u00e7\u00e3o incompleta do p\u00f3s-guerra, \u00e0s mudan\u00e7as no cen\u00e1rio internacional e \u00e0s flutua\u00e7\u00f5es econ\u00f4micas internas do Jap\u00e3o, o revisionismo hist\u00f3rico japon\u00eas continua crescendo e se espalhando, na tentativa de exonerar o Jap\u00e3o de suas responsabilidades p\u00f3s-guerra e escapar do r\u00f3tulo de \u201cna\u00e7\u00e3o derrotada\u201d. Atualmente, essa tend\u00eancia est\u00e1 em plena atividade na sociedade japonesa, impulsionando o ressurgimento do militarismo.<\/p>\n<p>Em julho, o Partido Liberal Democrata, ao qual Takaichi pertence, formou uma alian\u00e7a com o Partido da Inova\u00e7\u00e3o do Jap\u00e3o, do lado ultradireitista. O acordo de governan\u00e7a conjunta das duas partes declarou claramente a inten\u00e7\u00e3o de &#8220;revisar a Constitui\u00e7\u00e3o em dois anos&#8221;, eliminar a cl\u00e1usula do artigo 9\u00ba da Constitui\u00e7\u00e3o Pacifista, que pro\u00edbe a posse de for\u00e7as militares, e incluir a &#8220;cl\u00e1usula de estado de emerg\u00eancia&#8221;, a fim de preparar a \u201cnormaliza\u00e7\u00e3o do ex\u00e9rcito\u201d do pa\u00eds. Ap\u00f3s a forma\u00e7\u00e3o do gabinete, Takaichi continua promovendo pol\u00edticas aventureiras em tr\u00eas frentes: revis\u00e3o constitucional, fortalecimento militar e expans\u00e3o armamentista.<\/p>\n<p>Uma s\u00e9rie de a\u00e7\u00f5es perigosas provocou ampla cr\u00edtica dos pa\u00edses vizinhos. Recentemente, o Secret\u00e1rio do Conselho de Seguran\u00e7a da Federa\u00e7\u00e3o Russa, Sergei Shoigu, afirmou que pol\u00edticas de revisionismo hist\u00f3rico adotadas por Takaichi e v\u00e1rias declara\u00e7\u00f5es anti-R\u00fassia contrariam a suposta inten\u00e7\u00e3o de normaliza\u00e7\u00e3o das rela\u00e7\u00f5es com a R\u00fassia. O governo da Coreia do Sul protestou veementemente contra a recente afirma\u00e7\u00e3o de Takaichi de que as Ilhas Dokdo (chamadas de Takeshima pelo Jap\u00e3o) s\u00e3o &#8220;territ\u00f3rio inerente&#8221; do Jap\u00e3o, e suspendeu os exerc\u00edcios conjuntos Jap\u00e3o-Coreia do Sul que estavam previstos para novembro. Em resposta \u00e0s declara\u00e7\u00f5es de Takaichi sobre o aumento dos gastos de defesa e a antecipa\u00e7\u00e3o da revis\u00e3o da Estrat\u00e9gia de Seguran\u00e7a Nacional, a m\u00eddia da Rep\u00fablica Popular Democr\u00e1tica da Coreia criticou o Jap\u00e3o, afirmando que demonstra a \u201cfeia cara de um pa\u00eds de guerra\u201d&#8230; Os atos e declara\u00e7\u00f5es provocativos de Takaichi geraram protestos e cr\u00edticas em un\u00edssono de v\u00e1rios pa\u00edses vizinhos, o que \u00e9 raro desde o fim da Guerra Fria. Isso indica que o Jap\u00e3o se tornou uma fonte significativa de risco para a paz no Leste Asi\u00e1tico.<\/p>\n<p>A paz de longo prazo no Leste Asi\u00e1tico n\u00e3o \u00e9 f\u00e1cil de ser alcan\u00e7ada. Independentemente de quem esteja no governo, o Jap\u00e3o deve cumprir suas promessas e seguir o caminho do desenvolvimento pac\u00edfico. A China continuar\u00e1 se opondo firmemente a quaisquer a\u00e7\u00f5es que revivam o militarismo, e defendendo firmemente os resultados da vit\u00f3ria da Segunda Guerra Mundial e a ordem internacional p\u00f3s-guerra. A comunidade internacional deve se unir, jamais permitindo que a paz e a estabilidade mundial sejam novamente prejudicadas.<\/p>\n","protected":false},"excerpt":{"rendered":"<p>O diretor-geral do Departamento de Assuntos Asi\u00e1ticos do Minist\u00e9rio das Rela\u00e7\u00f5es Exteriores da China, Liu Jinsong, reuniu-se na ter\u00e7a-feira (18) em Beijing com o diretor-geral do Departamento para Assuntos da \u00c1sia e da Oceania do Minist\u00e9rio das Rela\u00e7\u00f5es Exteriores do&#8230;<\/p>\n","protected":false},"author":5,"featured_media":0,"comment_status":"open","ping_status":"open","sticky":false,"template":"","format":"standard","meta":{"footnotes":""},"categories":[7],"tags":[],"class_list":["post-10129","post","type-post","status-publish","format-standard","hentry","category-visao"],"yoast_head":"<!-- This site is optimized with the Yoast SEO plugin v27.4 - https:\/\/yoast.com\/product\/yoast-seo-wordpress\/ -->\n<title>Ressurgimento do militarismo japon\u00eas jamais ser\u00e1 permitido - CRI e Diario de Pernambuco<\/title>\n<meta name=\"robots\" content=\"index, follow, max-snippet:-1, max-image-preview:large, max-video-preview:-1\" \/>\n<link rel=\"canonical\" href=\"https:\/\/diariodepe.com.br\/cri\/2025\/12\/11\/ressurgimento-do-militarismo-japones-jamais-sera-permitido\/\" \/>\n<meta property=\"og:locale\" content=\"pt_BR\" \/>\n<meta property=\"og:type\" content=\"article\" \/>\n<meta property=\"og:title\" content=\"Ressurgimento do militarismo japon\u00eas jamais ser\u00e1 permitido - CRI e Diario de Pernambuco\" \/>\n<meta property=\"og:description\" content=\"O diretor-geral do Departamento de Assuntos Asi\u00e1ticos do Minist\u00e9rio das Rela\u00e7\u00f5es Exteriores da China, Liu Jinsong, reuniu-se na ter\u00e7a-feira (18) em Beijing com o diretor-geral do Departamento para Assuntos da \u00c1sia e da Oceania do Minist\u00e9rio das Rela\u00e7\u00f5es Exteriores do...\" \/>\n<meta property=\"og:url\" content=\"https:\/\/diariodepe.com.br\/cri\/2025\/12\/11\/ressurgimento-do-militarismo-japones-jamais-sera-permitido\/\" \/>\n<meta property=\"og:site_name\" content=\"CRI e Diario de Pernambuco\" \/>\n<meta property=\"article:published_time\" content=\"2025-12-11T07:05:26+00:00\" \/>\n<meta property=\"og:image\" content=\"https:\/\/38picres.cgtn.com\/photoAlbum\/page\/performance\/img\/2025\/11\/20\/1763628491048_595.jpg\" \/>\n<meta name=\"author\" content=\"CRI Portugu\u00eas\" \/>\n<meta name=\"twitter:card\" content=\"summary_large_image\" \/>\n<meta name=\"twitter:label1\" content=\"Escrito por\" \/>\n\t<meta name=\"twitter:data1\" content=\"CRI Portugu\u00eas\" \/>\n\t<meta name=\"twitter:label2\" content=\"Est. tempo de leitura\" \/>\n\t<meta name=\"twitter:data2\" content=\"6 minutos\" \/>\n<script type=\"application\/ld+json\" class=\"yoast-schema-graph\">{\"@context\":\"https:\\\/\\\/schema.org\",\"@graph\":[{\"@type\":\"Article\",\"@id\":\"https:\\\/\\\/diariodepe.com.br\\\/cri\\\/2025\\\/12\\\/11\\\/ressurgimento-do-militarismo-japones-jamais-sera-permitido\\\/#article\",\"isPartOf\":{\"@id\":\"https:\\\/\\\/diariodepe.com.br\\\/cri\\\/2025\\\/12\\\/11\\\/ressurgimento-do-militarismo-japones-jamais-sera-permitido\\\/\"},\"author\":{\"name\":\"CRI Portugu\u00eas\",\"@id\":\"https:\\\/\\\/diariodepe.com.br\\\/cri\\\/#\\\/schema\\\/person\\\/e474aead631cd4098632e11d3fbce118\"},\"headline\":\"Ressurgimento do militarismo japon\u00eas jamais ser\u00e1 permitido\",\"datePublished\":\"2025-12-11T07:05:26+00:00\",\"mainEntityOfPage\":{\"@id\":\"https:\\\/\\\/diariodepe.com.br\\\/cri\\\/2025\\\/12\\\/11\\\/ressurgimento-do-militarismo-japones-jamais-sera-permitido\\\/\"},\"wordCount\":1113,\"commentCount\":0,\"publisher\":{\"@id\":\"https:\\\/\\\/diariodepe.com.br\\\/cri\\\/#organization\"},\"image\":{\"@id\":\"https:\\\/\\\/diariodepe.com.br\\\/cri\\\/2025\\\/12\\\/11\\\/ressurgimento-do-militarismo-japones-jamais-sera-permitido\\\/#primaryimage\"},\"thumbnailUrl\":\"https:\\\/\\\/38picres.cgtn.com\\\/photoAlbum\\\/page\\\/performance\\\/img\\\/2025\\\/11\\\/20\\\/1763628491048_595.jpg\",\"articleSection\":[\"Vis\u00e3o\"],\"inLanguage\":\"pt-BR\",\"potentialAction\":[{\"@type\":\"CommentAction\",\"name\":\"Comment\",\"target\":[\"https:\\\/\\\/diariodepe.com.br\\\/cri\\\/2025\\\/12\\\/11\\\/ressurgimento-do-militarismo-japones-jamais-sera-permitido\\\/#respond\"]}]},{\"@type\":\"WebPage\",\"@id\":\"https:\\\/\\\/diariodepe.com.br\\\/cri\\\/2025\\\/12\\\/11\\\/ressurgimento-do-militarismo-japones-jamais-sera-permitido\\\/\",\"url\":\"https:\\\/\\\/diariodepe.com.br\\\/cri\\\/2025\\\/12\\\/11\\\/ressurgimento-do-militarismo-japones-jamais-sera-permitido\\\/\",\"name\":\"Ressurgimento do militarismo japon\u00eas jamais ser\u00e1 permitido - CRI e Diario de Pernambuco\",\"isPartOf\":{\"@id\":\"https:\\\/\\\/diariodepe.com.br\\\/cri\\\/#website\"},\"primaryImageOfPage\":{\"@id\":\"https:\\\/\\\/diariodepe.com.br\\\/cri\\\/2025\\\/12\\\/11\\\/ressurgimento-do-militarismo-japones-jamais-sera-permitido\\\/#primaryimage\"},\"image\":{\"@id\":\"https:\\\/\\\/diariodepe.com.br\\\/cri\\\/2025\\\/12\\\/11\\\/ressurgimento-do-militarismo-japones-jamais-sera-permitido\\\/#primaryimage\"},\"thumbnailUrl\":\"https:\\\/\\\/38picres.cgtn.com\\\/photoAlbum\\\/page\\\/performance\\\/img\\\/2025\\\/11\\\/20\\\/1763628491048_595.jpg\",\"datePublished\":\"2025-12-11T07:05:26+00:00\",\"breadcrumb\":{\"@id\":\"https:\\\/\\\/diariodepe.com.br\\\/cri\\\/2025\\\/12\\\/11\\\/ressurgimento-do-militarismo-japones-jamais-sera-permitido\\\/#breadcrumb\"},\"inLanguage\":\"pt-BR\",\"potentialAction\":[{\"@type\":\"ReadAction\",\"target\":[\"https:\\\/\\\/diariodepe.com.br\\\/cri\\\/2025\\\/12\\\/11\\\/ressurgimento-do-militarismo-japones-jamais-sera-permitido\\\/\"]}]},{\"@type\":\"ImageObject\",\"inLanguage\":\"pt-BR\",\"@id\":\"https:\\\/\\\/diariodepe.com.br\\\/cri\\\/2025\\\/12\\\/11\\\/ressurgimento-do-militarismo-japones-jamais-sera-permitido\\\/#primaryimage\",\"url\":\"https:\\\/\\\/38picres.cgtn.com\\\/photoAlbum\\\/page\\\/performance\\\/img\\\/2025\\\/11\\\/20\\\/1763628491048_595.jpg\",\"contentUrl\":\"https:\\\/\\\/38picres.cgtn.com\\\/photoAlbum\\\/page\\\/performance\\\/img\\\/2025\\\/11\\\/20\\\/1763628491048_595.jpg\"},{\"@type\":\"BreadcrumbList\",\"@id\":\"https:\\\/\\\/diariodepe.com.br\\\/cri\\\/2025\\\/12\\\/11\\\/ressurgimento-do-militarismo-japones-jamais-sera-permitido\\\/#breadcrumb\",\"itemListElement\":[{\"@type\":\"ListItem\",\"position\":1,\"name\":\"In\u00edcio\",\"item\":\"https:\\\/\\\/diariodepe.com.br\\\/cri\\\/\"},{\"@type\":\"ListItem\",\"position\":2,\"name\":\"Ressurgimento do militarismo japon\u00eas jamais ser\u00e1 permitido\"}]},{\"@type\":\"WebSite\",\"@id\":\"https:\\\/\\\/diariodepe.com.br\\\/cri\\\/#website\",\"url\":\"https:\\\/\\\/diariodepe.com.br\\\/cri\\\/\",\"name\":\"CRI e Diario de Pernambuco\",\"description\":\"R\u00e1dio Internacional da China\",\"publisher\":{\"@id\":\"https:\\\/\\\/diariodepe.com.br\\\/cri\\\/#organization\"},\"potentialAction\":[{\"@type\":\"SearchAction\",\"target\":{\"@type\":\"EntryPoint\",\"urlTemplate\":\"https:\\\/\\\/diariodepe.com.br\\\/cri\\\/?s={search_term_string}\"},\"query-input\":{\"@type\":\"PropertyValueSpecification\",\"valueRequired\":true,\"valueName\":\"search_term_string\"}}],\"inLanguage\":\"pt-BR\"},{\"@type\":\"Organization\",\"@id\":\"https:\\\/\\\/diariodepe.com.br\\\/cri\\\/#organization\",\"name\":\"CRI e Diario de Pernambuco\",\"url\":\"https:\\\/\\\/diariodepe.com.br\\\/cri\\\/\",\"logo\":{\"@type\":\"ImageObject\",\"inLanguage\":\"pt-BR\",\"@id\":\"https:\\\/\\\/diariodepe.com.br\\\/cri\\\/#\\\/schema\\\/logo\\\/image\\\/\",\"url\":\"https:\\\/\\\/diariodepe.com.br\\\/cri\\\/wp-content\\\/uploads\\\/sites\\\/2\\\/2022\\\/12\\\/cropped-Logo.jpg\",\"contentUrl\":\"https:\\\/\\\/diariodepe.com.br\\\/cri\\\/wp-content\\\/uploads\\\/sites\\\/2\\\/2022\\\/12\\\/cropped-Logo.jpg\",\"width\":700,\"height\":59,\"caption\":\"CRI e Diario de Pernambuco\"},\"image\":{\"@id\":\"https:\\\/\\\/diariodepe.com.br\\\/cri\\\/#\\\/schema\\\/logo\\\/image\\\/\"}},{\"@type\":\"Person\",\"@id\":\"https:\\\/\\\/diariodepe.com.br\\\/cri\\\/#\\\/schema\\\/person\\\/e474aead631cd4098632e11d3fbce118\",\"name\":\"CRI Portugu\u00eas\",\"image\":{\"@type\":\"ImageObject\",\"inLanguage\":\"pt-BR\",\"@id\":\"https:\\\/\\\/secure.gravatar.com\\\/avatar\\\/e2ac889ef882d4dc53091b610766dce49106cf9fe98c76e06745abb0993b2763?s=96&d=mm&r=g\",\"url\":\"https:\\\/\\\/secure.gravatar.com\\\/avatar\\\/e2ac889ef882d4dc53091b610766dce49106cf9fe98c76e06745abb0993b2763?s=96&d=mm&r=g\",\"contentUrl\":\"https:\\\/\\\/secure.gravatar.com\\\/avatar\\\/e2ac889ef882d4dc53091b610766dce49106cf9fe98c76e06745abb0993b2763?s=96&d=mm&r=g\",\"caption\":\"CRI Portugu\u00eas\"},\"sameAs\":[\"https:\\\/\\\/www.diariodepernambuco.com.br\\\/\"],\"url\":\"https:\\\/\\\/diariodepe.com.br\\\/cri\\\/author\\\/agencia-cri\\\/\"}]}<\/script>\n<!-- \/ Yoast SEO plugin. -->","yoast_head_json":{"title":"Ressurgimento do militarismo japon\u00eas jamais ser\u00e1 permitido - CRI e Diario de Pernambuco","robots":{"index":"index","follow":"follow","max-snippet":"max-snippet:-1","max-image-preview":"max-image-preview:large","max-video-preview":"max-video-preview:-1"},"canonical":"https:\/\/diariodepe.com.br\/cri\/2025\/12\/11\/ressurgimento-do-militarismo-japones-jamais-sera-permitido\/","og_locale":"pt_BR","og_type":"article","og_title":"Ressurgimento do militarismo japon\u00eas jamais ser\u00e1 permitido - CRI e Diario de Pernambuco","og_description":"O diretor-geral do Departamento de Assuntos Asi\u00e1ticos do Minist\u00e9rio das Rela\u00e7\u00f5es Exteriores da China, Liu Jinsong, reuniu-se na ter\u00e7a-feira (18) em Beijing com o diretor-geral do Departamento para Assuntos da \u00c1sia e da Oceania do Minist\u00e9rio das Rela\u00e7\u00f5es Exteriores do...","og_url":"https:\/\/diariodepe.com.br\/cri\/2025\/12\/11\/ressurgimento-do-militarismo-japones-jamais-sera-permitido\/","og_site_name":"CRI e Diario de Pernambuco","article_published_time":"2025-12-11T07:05:26+00:00","og_image":[{"url":"https:\/\/38picres.cgtn.com\/photoAlbum\/page\/performance\/img\/2025\/11\/20\/1763628491048_595.jpg","type":"","width":"","height":""}],"author":"CRI Portugu\u00eas","twitter_card":"summary_large_image","twitter_misc":{"Escrito por":"CRI Portugu\u00eas","Est. tempo de leitura":"6 minutos"},"schema":{"@context":"https:\/\/schema.org","@graph":[{"@type":"Article","@id":"https:\/\/diariodepe.com.br\/cri\/2025\/12\/11\/ressurgimento-do-militarismo-japones-jamais-sera-permitido\/#article","isPartOf":{"@id":"https:\/\/diariodepe.com.br\/cri\/2025\/12\/11\/ressurgimento-do-militarismo-japones-jamais-sera-permitido\/"},"author":{"name":"CRI Portugu\u00eas","@id":"https:\/\/diariodepe.com.br\/cri\/#\/schema\/person\/e474aead631cd4098632e11d3fbce118"},"headline":"Ressurgimento do militarismo japon\u00eas jamais ser\u00e1 permitido","datePublished":"2025-12-11T07:05:26+00:00","mainEntityOfPage":{"@id":"https:\/\/diariodepe.com.br\/cri\/2025\/12\/11\/ressurgimento-do-militarismo-japones-jamais-sera-permitido\/"},"wordCount":1113,"commentCount":0,"publisher":{"@id":"https:\/\/diariodepe.com.br\/cri\/#organization"},"image":{"@id":"https:\/\/diariodepe.com.br\/cri\/2025\/12\/11\/ressurgimento-do-militarismo-japones-jamais-sera-permitido\/#primaryimage"},"thumbnailUrl":"https:\/\/38picres.cgtn.com\/photoAlbum\/page\/performance\/img\/2025\/11\/20\/1763628491048_595.jpg","articleSection":["Vis\u00e3o"],"inLanguage":"pt-BR","potentialAction":[{"@type":"CommentAction","name":"Comment","target":["https:\/\/diariodepe.com.br\/cri\/2025\/12\/11\/ressurgimento-do-militarismo-japones-jamais-sera-permitido\/#respond"]}]},{"@type":"WebPage","@id":"https:\/\/diariodepe.com.br\/cri\/2025\/12\/11\/ressurgimento-do-militarismo-japones-jamais-sera-permitido\/","url":"https:\/\/diariodepe.com.br\/cri\/2025\/12\/11\/ressurgimento-do-militarismo-japones-jamais-sera-permitido\/","name":"Ressurgimento do militarismo japon\u00eas jamais ser\u00e1 permitido - CRI e Diario de Pernambuco","isPartOf":{"@id":"https:\/\/diariodepe.com.br\/cri\/#website"},"primaryImageOfPage":{"@id":"https:\/\/diariodepe.com.br\/cri\/2025\/12\/11\/ressurgimento-do-militarismo-japones-jamais-sera-permitido\/#primaryimage"},"image":{"@id":"https:\/\/diariodepe.com.br\/cri\/2025\/12\/11\/ressurgimento-do-militarismo-japones-jamais-sera-permitido\/#primaryimage"},"thumbnailUrl":"https:\/\/38picres.cgtn.com\/photoAlbum\/page\/performance\/img\/2025\/11\/20\/1763628491048_595.jpg","datePublished":"2025-12-11T07:05:26+00:00","breadcrumb":{"@id":"https:\/\/diariodepe.com.br\/cri\/2025\/12\/11\/ressurgimento-do-militarismo-japones-jamais-sera-permitido\/#breadcrumb"},"inLanguage":"pt-BR","potentialAction":[{"@type":"ReadAction","target":["https:\/\/diariodepe.com.br\/cri\/2025\/12\/11\/ressurgimento-do-militarismo-japones-jamais-sera-permitido\/"]}]},{"@type":"ImageObject","inLanguage":"pt-BR","@id":"https:\/\/diariodepe.com.br\/cri\/2025\/12\/11\/ressurgimento-do-militarismo-japones-jamais-sera-permitido\/#primaryimage","url":"https:\/\/38picres.cgtn.com\/photoAlbum\/page\/performance\/img\/2025\/11\/20\/1763628491048_595.jpg","contentUrl":"https:\/\/38picres.cgtn.com\/photoAlbum\/page\/performance\/img\/2025\/11\/20\/1763628491048_595.jpg"},{"@type":"BreadcrumbList","@id":"https:\/\/diariodepe.com.br\/cri\/2025\/12\/11\/ressurgimento-do-militarismo-japones-jamais-sera-permitido\/#breadcrumb","itemListElement":[{"@type":"ListItem","position":1,"name":"In\u00edcio","item":"https:\/\/diariodepe.com.br\/cri\/"},{"@type":"ListItem","position":2,"name":"Ressurgimento do militarismo japon\u00eas jamais ser\u00e1 permitido"}]},{"@type":"WebSite","@id":"https:\/\/diariodepe.com.br\/cri\/#website","url":"https:\/\/diariodepe.com.br\/cri\/","name":"CRI e Diario de Pernambuco","description":"R\u00e1dio Internacional da China","publisher":{"@id":"https:\/\/diariodepe.com.br\/cri\/#organization"},"potentialAction":[{"@type":"SearchAction","target":{"@type":"EntryPoint","urlTemplate":"https:\/\/diariodepe.com.br\/cri\/?s={search_term_string}"},"query-input":{"@type":"PropertyValueSpecification","valueRequired":true,"valueName":"search_term_string"}}],"inLanguage":"pt-BR"},{"@type":"Organization","@id":"https:\/\/diariodepe.com.br\/cri\/#organization","name":"CRI e Diario de Pernambuco","url":"https:\/\/diariodepe.com.br\/cri\/","logo":{"@type":"ImageObject","inLanguage":"pt-BR","@id":"https:\/\/diariodepe.com.br\/cri\/#\/schema\/logo\/image\/","url":"https:\/\/diariodepe.com.br\/cri\/wp-content\/uploads\/sites\/2\/2022\/12\/cropped-Logo.jpg","contentUrl":"https:\/\/diariodepe.com.br\/cri\/wp-content\/uploads\/sites\/2\/2022\/12\/cropped-Logo.jpg","width":700,"height":59,"caption":"CRI e Diario de Pernambuco"},"image":{"@id":"https:\/\/diariodepe.com.br\/cri\/#\/schema\/logo\/image\/"}},{"@type":"Person","@id":"https:\/\/diariodepe.com.br\/cri\/#\/schema\/person\/e474aead631cd4098632e11d3fbce118","name":"CRI Portugu\u00eas","image":{"@type":"ImageObject","inLanguage":"pt-BR","@id":"https:\/\/secure.gravatar.com\/avatar\/e2ac889ef882d4dc53091b610766dce49106cf9fe98c76e06745abb0993b2763?s=96&d=mm&r=g","url":"https:\/\/secure.gravatar.com\/avatar\/e2ac889ef882d4dc53091b610766dce49106cf9fe98c76e06745abb0993b2763?s=96&d=mm&r=g","contentUrl":"https:\/\/secure.gravatar.com\/avatar\/e2ac889ef882d4dc53091b610766dce49106cf9fe98c76e06745abb0993b2763?s=96&d=mm&r=g","caption":"CRI Portugu\u00eas"},"sameAs":["https:\/\/www.diariodepernambuco.com.br\/"],"url":"https:\/\/diariodepe.com.br\/cri\/author\/agencia-cri\/"}]}},"cc_featured_image_caption":{"caption_text":"","source_text":"","source_url":""},"amp_enabled":true,"_links":{"self":[{"href":"https:\/\/diariodepe.com.br\/cri\/wp-json\/wp\/v2\/posts\/10129","targetHints":{"allow":["GET"]}}],"collection":[{"href":"https:\/\/diariodepe.com.br\/cri\/wp-json\/wp\/v2\/posts"}],"about":[{"href":"https:\/\/diariodepe.com.br\/cri\/wp-json\/wp\/v2\/types\/post"}],"author":[{"embeddable":true,"href":"https:\/\/diariodepe.com.br\/cri\/wp-json\/wp\/v2\/users\/5"}],"replies":[{"embeddable":true,"href":"https:\/\/diariodepe.com.br\/cri\/wp-json\/wp\/v2\/comments?post=10129"}],"version-history":[{"count":1,"href":"https:\/\/diariodepe.com.br\/cri\/wp-json\/wp\/v2\/posts\/10129\/revisions"}],"predecessor-version":[{"id":10130,"href":"https:\/\/diariodepe.com.br\/cri\/wp-json\/wp\/v2\/posts\/10129\/revisions\/10130"}],"wp:attachment":[{"href":"https:\/\/diariodepe.com.br\/cri\/wp-json\/wp\/v2\/media?parent=10129"}],"wp:term":[{"taxonomy":"category","embeddable":true,"href":"https:\/\/diariodepe.com.br\/cri\/wp-json\/wp\/v2\/categories?post=10129"},{"taxonomy":"post_tag","embeddable":true,"href":"https:\/\/diariodepe.com.br\/cri\/wp-json\/wp\/v2\/tags?post=10129"}],"curies":[{"name":"wp","href":"https:\/\/api.w.org\/{rel}","templated":true}]}}