{"id":10123,"date":"2025-12-11T04:02:59","date_gmt":"2025-12-11T07:02:59","guid":{"rendered":"https:\/\/diariodepe.com.br\/cri\/?p=10123"},"modified":"2025-12-11T04:02:59","modified_gmt":"2025-12-11T07:02:59","slug":"xi-jinping-pede-mais-que-sejam-feitos-mais-esforcos-na-administracao-integral-do-pais-conforme-a-lei","status":"publish","type":"post","link":"https:\/\/diariodepe.com.br\/cri\/2025\/12\/11\/xi-jinping-pede-mais-que-sejam-feitos-mais-esforcos-na-administracao-integral-do-pais-conforme-a-lei\/","title":{"rendered":"Xi Jinping pede mais que sejam feitos mais esfor\u00e7os na administra\u00e7\u00e3o integral do pa\u00eds conforme a lei"},"content":{"rendered":"<p><img decoding=\"async\" src=\"https:\/\/38picres.cgtn.com\/photoAlbum\/page\/performance\/img\/2025\/11\/18\/1763462738364_148.png\" \/><\/p>\n<p>O presidente da China, Xi Jinping,\u00a0tamb\u00e9m secret\u00e1rio-geral do Comit\u00ea Central do Partido Comunista da China\u00a0(PCCh)\u00a0e presidente da Comiss\u00e3o Militar Central,\u00a0pediu\u00a0para que sejam feitos mais\u00a0esfor\u00e7os conjuntos na administra\u00e7\u00e3o integral do pa\u00eds conforme a lei.\u00a0Esta observa\u00e7\u00e3o foi feita em uma recente instru\u00e7\u00e3o sobre o tema.<\/p>\n<p>Segundo o l\u00edder, na nova jornada, \u00e9 necess\u00e1rio implementar o pensamento de estado de direito socialista com caracter\u00edsticas chinesa para a nova era\u00a0de forma plena,\u00a0al\u00e9m de\u00a0aderir \u00e0 unidade entre a lideran\u00e7a do Partido, a posi\u00e7\u00e3o do povo como dono do pa\u00eds e a administra\u00e7\u00e3o do pa\u00eds conforma a lei, bem como concentrar esfor\u00e7os para realizar o aperfei\u00e7oamento\u00a0do\u00a0sistema de estado de direito socialista chin\u00eas e construir um pa\u00eds socialista com alto n\u00edvel de estado de direito.<\/p>\n<p>Xi tamb\u00e9m pediu mais aten\u00e7\u00e3o \u00e0 coordena\u00e7\u00e3o do estado de direito com a reforma, o desenvolvimento e a estabilidade, bem como \u00e0 garantia e \u00e0 promo\u00e7\u00e3o da equidade e justi\u00e7a sociais, acrescentando a import\u00e2ncia de aprimorar a legisla\u00e7\u00e3o de forma cient\u00edfica, aplicar rigorosamente a lei, manter a imparcialidade do judici\u00e1rio e fomentar o respeito \u00e0 lei por todos, al\u00e9m de realizar\u00a0os trabalhos\u00a0em todas as \u00e1reas nos termos da lei.<\/p>\n<p>A Confer\u00eancia Central sobre o Trabalho da Administra\u00e7\u00e3o Integral do Pa\u00eds comforme a Lei est\u00e1 sendo realizada em Beijing\u00a0e teve in\u00edcio no dia\u00a017, sendo conclu\u00edda no dia\u00a018 deste mesmo m\u00eas. O\u00a0presidente do Comit\u00ea Permanente da Assembleia Popular Nacoinal, Zhao Leji, proferiu um discurso\u00a0no evento, e o vice-primeiro-ministro, Din Xuexiang, por sua vez, transmitiu a importante instru\u00e7\u00e3o de Xi Jinping.<\/p>\n","protected":false},"excerpt":{"rendered":"<p>O presidente da China, Xi Jinping,\u00a0tamb\u00e9m secret\u00e1rio-geral do Comit\u00ea Central do Partido Comunista da China\u00a0(PCCh)\u00a0e presidente da Comiss\u00e3o Militar Central,\u00a0pediu\u00a0para que sejam feitos mais\u00a0esfor\u00e7os conjuntos na administra\u00e7\u00e3o integral do pa\u00eds conforme a lei.\u00a0Esta observa\u00e7\u00e3o foi feita em uma recente instru\u00e7\u00e3o&#8230;<\/p>\n","protected":false},"author":5,"featured_media":0,"comment_status":"open","ping_status":"open","sticky":false,"template":"","format":"standard","meta":{"footnotes":""},"categories":[3],"tags":[],"class_list":["post-10123","post","type-post","status-publish","format-standard","hentry","category-china"],"yoast_head":"<!-- This site is optimized with the Yoast SEO plugin v27.4 - https:\/\/yoast.com\/product\/yoast-seo-wordpress\/ -->\n<title>Xi Jinping pede mais que sejam feitos mais esfor\u00e7os na administra\u00e7\u00e3o integral do pa\u00eds conforme a lei - CRI e Diario de Pernambuco<\/title>\n<meta name=\"robots\" content=\"index, follow, max-snippet:-1, max-image-preview:large, max-video-preview:-1\" \/>\n<link rel=\"canonical\" href=\"https:\/\/diariodepe.com.br\/cri\/2025\/12\/11\/xi-jinping-pede-mais-que-sejam-feitos-mais-esforcos-na-administracao-integral-do-pais-conforme-a-lei\/\" \/>\n<meta property=\"og:locale\" content=\"pt_BR\" \/>\n<meta property=\"og:type\" content=\"article\" \/>\n<meta property=\"og:title\" content=\"Xi Jinping pede mais que sejam feitos mais esfor\u00e7os na administra\u00e7\u00e3o integral do pa\u00eds conforme a lei - CRI e Diario de Pernambuco\" \/>\n<meta property=\"og:description\" content=\"O presidente da China, Xi Jinping,\u00a0tamb\u00e9m secret\u00e1rio-geral do Comit\u00ea Central do Partido Comunista da China\u00a0(PCCh)\u00a0e presidente da Comiss\u00e3o Militar Central,\u00a0pediu\u00a0para que sejam feitos mais\u00a0esfor\u00e7os conjuntos na administra\u00e7\u00e3o integral do pa\u00eds conforme a lei.\u00a0Esta observa\u00e7\u00e3o foi feita em uma recente instru\u00e7\u00e3o...\" \/>\n<meta property=\"og:url\" content=\"https:\/\/diariodepe.com.br\/cri\/2025\/12\/11\/xi-jinping-pede-mais-que-sejam-feitos-mais-esforcos-na-administracao-integral-do-pais-conforme-a-lei\/\" \/>\n<meta property=\"og:site_name\" content=\"CRI e Diario de Pernambuco\" \/>\n<meta property=\"article:published_time\" content=\"2025-12-11T07:02:59+00:00\" \/>\n<meta property=\"og:image\" content=\"https:\/\/38picres.cgtn.com\/photoAlbum\/page\/performance\/img\/2025\/11\/18\/1763462738364_148.png\" \/>\n<meta name=\"author\" content=\"CRI Portugu\u00eas\" \/>\n<meta name=\"twitter:card\" content=\"summary_large_image\" \/>\n<meta name=\"twitter:label1\" content=\"Escrito por\" \/>\n\t<meta name=\"twitter:data1\" content=\"CRI Portugu\u00eas\" \/>\n<script type=\"application\/ld+json\" class=\"yoast-schema-graph\">{\"@context\":\"https:\\\/\\\/schema.org\",\"@graph\":[{\"@type\":\"Article\",\"@id\":\"https:\\\/\\\/diariodepe.com.br\\\/cri\\\/2025\\\/12\\\/11\\\/xi-jinping-pede-mais-que-sejam-feitos-mais-esforcos-na-administracao-integral-do-pais-conforme-a-lei\\\/#article\",\"isPartOf\":{\"@id\":\"https:\\\/\\\/diariodepe.com.br\\\/cri\\\/2025\\\/12\\\/11\\\/xi-jinping-pede-mais-que-sejam-feitos-mais-esforcos-na-administracao-integral-do-pais-conforme-a-lei\\\/\"},\"author\":{\"name\":\"CRI Portugu\u00eas\",\"@id\":\"https:\\\/\\\/diariodepe.com.br\\\/cri\\\/#\\\/schema\\\/person\\\/e474aead631cd4098632e11d3fbce118\"},\"headline\":\"Xi Jinping pede mais que sejam feitos mais esfor\u00e7os na administra\u00e7\u00e3o integral do pa\u00eds conforme a lei\",\"datePublished\":\"2025-12-11T07:02:59+00:00\",\"mainEntityOfPage\":{\"@id\":\"https:\\\/\\\/diariodepe.com.br\\\/cri\\\/2025\\\/12\\\/11\\\/xi-jinping-pede-mais-que-sejam-feitos-mais-esforcos-na-administracao-integral-do-pais-conforme-a-lei\\\/\"},\"wordCount\":316,\"commentCount\":0,\"publisher\":{\"@id\":\"https:\\\/\\\/diariodepe.com.br\\\/cri\\\/#organization\"},\"image\":{\"@id\":\"https:\\\/\\\/diariodepe.com.br\\\/cri\\\/2025\\\/12\\\/11\\\/xi-jinping-pede-mais-que-sejam-feitos-mais-esforcos-na-administracao-integral-do-pais-conforme-a-lei\\\/#primaryimage\"},\"thumbnailUrl\":\"https:\\\/\\\/38picres.cgtn.com\\\/photoAlbum\\\/page\\\/performance\\\/img\\\/2025\\\/11\\\/18\\\/1763462738364_148.png\",\"articleSection\":[\"China\"],\"inLanguage\":\"pt-BR\",\"potentialAction\":[{\"@type\":\"CommentAction\",\"name\":\"Comment\",\"target\":[\"https:\\\/\\\/diariodepe.com.br\\\/cri\\\/2025\\\/12\\\/11\\\/xi-jinping-pede-mais-que-sejam-feitos-mais-esforcos-na-administracao-integral-do-pais-conforme-a-lei\\\/#respond\"]}]},{\"@type\":\"WebPage\",\"@id\":\"https:\\\/\\\/diariodepe.com.br\\\/cri\\\/2025\\\/12\\\/11\\\/xi-jinping-pede-mais-que-sejam-feitos-mais-esforcos-na-administracao-integral-do-pais-conforme-a-lei\\\/\",\"url\":\"https:\\\/\\\/diariodepe.com.br\\\/cri\\\/2025\\\/12\\\/11\\\/xi-jinping-pede-mais-que-sejam-feitos-mais-esforcos-na-administracao-integral-do-pais-conforme-a-lei\\\/\",\"name\":\"Xi Jinping pede mais que sejam feitos mais esfor\u00e7os na administra\u00e7\u00e3o integral do pa\u00eds conforme a lei - CRI e Diario de Pernambuco\",\"isPartOf\":{\"@id\":\"https:\\\/\\\/diariodepe.com.br\\\/cri\\\/#website\"},\"primaryImageOfPage\":{\"@id\":\"https:\\\/\\\/diariodepe.com.br\\\/cri\\\/2025\\\/12\\\/11\\\/xi-jinping-pede-mais-que-sejam-feitos-mais-esforcos-na-administracao-integral-do-pais-conforme-a-lei\\\/#primaryimage\"},\"image\":{\"@id\":\"https:\\\/\\\/diariodepe.com.br\\\/cri\\\/2025\\\/12\\\/11\\\/xi-jinping-pede-mais-que-sejam-feitos-mais-esforcos-na-administracao-integral-do-pais-conforme-a-lei\\\/#primaryimage\"},\"thumbnailUrl\":\"https:\\\/\\\/38picres.cgtn.com\\\/photoAlbum\\\/page\\\/performance\\\/img\\\/2025\\\/11\\\/18\\\/1763462738364_148.png\",\"datePublished\":\"2025-12-11T07:02:59+00:00\",\"breadcrumb\":{\"@id\":\"https:\\\/\\\/diariodepe.com.br\\\/cri\\\/2025\\\/12\\\/11\\\/xi-jinping-pede-mais-que-sejam-feitos-mais-esforcos-na-administracao-integral-do-pais-conforme-a-lei\\\/#breadcrumb\"},\"inLanguage\":\"pt-BR\",\"potentialAction\":[{\"@type\":\"ReadAction\",\"target\":[\"https:\\\/\\\/diariodepe.com.br\\\/cri\\\/2025\\\/12\\\/11\\\/xi-jinping-pede-mais-que-sejam-feitos-mais-esforcos-na-administracao-integral-do-pais-conforme-a-lei\\\/\"]}]},{\"@type\":\"ImageObject\",\"inLanguage\":\"pt-BR\",\"@id\":\"https:\\\/\\\/diariodepe.com.br\\\/cri\\\/2025\\\/12\\\/11\\\/xi-jinping-pede-mais-que-sejam-feitos-mais-esforcos-na-administracao-integral-do-pais-conforme-a-lei\\\/#primaryimage\",\"url\":\"https:\\\/\\\/38picres.cgtn.com\\\/photoAlbum\\\/page\\\/performance\\\/img\\\/2025\\\/11\\\/18\\\/1763462738364_148.png\",\"contentUrl\":\"https:\\\/\\\/38picres.cgtn.com\\\/photoAlbum\\\/page\\\/performance\\\/img\\\/2025\\\/11\\\/18\\\/1763462738364_148.png\"},{\"@type\":\"BreadcrumbList\",\"@id\":\"https:\\\/\\\/diariodepe.com.br\\\/cri\\\/2025\\\/12\\\/11\\\/xi-jinping-pede-mais-que-sejam-feitos-mais-esforcos-na-administracao-integral-do-pais-conforme-a-lei\\\/#breadcrumb\",\"itemListElement\":[{\"@type\":\"ListItem\",\"position\":1,\"name\":\"In\u00edcio\",\"item\":\"https:\\\/\\\/diariodepe.com.br\\\/cri\\\/\"},{\"@type\":\"ListItem\",\"position\":2,\"name\":\"Xi Jinping pede mais que sejam feitos mais esfor\u00e7os na administra\u00e7\u00e3o integral do pa\u00eds conforme a lei\"}]},{\"@type\":\"WebSite\",\"@id\":\"https:\\\/\\\/diariodepe.com.br\\\/cri\\\/#website\",\"url\":\"https:\\\/\\\/diariodepe.com.br\\\/cri\\\/\",\"name\":\"CRI e Diario de Pernambuco\",\"description\":\"R\u00e1dio Internacional da China\",\"publisher\":{\"@id\":\"https:\\\/\\\/diariodepe.com.br\\\/cri\\\/#organization\"},\"potentialAction\":[{\"@type\":\"SearchAction\",\"target\":{\"@type\":\"EntryPoint\",\"urlTemplate\":\"https:\\\/\\\/diariodepe.com.br\\\/cri\\\/?s={search_term_string}\"},\"query-input\":{\"@type\":\"PropertyValueSpecification\",\"valueRequired\":true,\"valueName\":\"search_term_string\"}}],\"inLanguage\":\"pt-BR\"},{\"@type\":\"Organization\",\"@id\":\"https:\\\/\\\/diariodepe.com.br\\\/cri\\\/#organization\",\"name\":\"CRI e Diario de Pernambuco\",\"url\":\"https:\\\/\\\/diariodepe.com.br\\\/cri\\\/\",\"logo\":{\"@type\":\"ImageObject\",\"inLanguage\":\"pt-BR\",\"@id\":\"https:\\\/\\\/diariodepe.com.br\\\/cri\\\/#\\\/schema\\\/logo\\\/image\\\/\",\"url\":\"https:\\\/\\\/diariodepe.com.br\\\/cri\\\/wp-content\\\/uploads\\\/sites\\\/2\\\/2022\\\/12\\\/cropped-Logo.jpg\",\"contentUrl\":\"https:\\\/\\\/diariodepe.com.br\\\/cri\\\/wp-content\\\/uploads\\\/sites\\\/2\\\/2022\\\/12\\\/cropped-Logo.jpg\",\"width\":700,\"height\":59,\"caption\":\"CRI e Diario de Pernambuco\"},\"image\":{\"@id\":\"https:\\\/\\\/diariodepe.com.br\\\/cri\\\/#\\\/schema\\\/logo\\\/image\\\/\"}},{\"@type\":\"Person\",\"@id\":\"https:\\\/\\\/diariodepe.com.br\\\/cri\\\/#\\\/schema\\\/person\\\/e474aead631cd4098632e11d3fbce118\",\"name\":\"CRI Portugu\u00eas\",\"image\":{\"@type\":\"ImageObject\",\"inLanguage\":\"pt-BR\",\"@id\":\"https:\\\/\\\/secure.gravatar.com\\\/avatar\\\/e2ac889ef882d4dc53091b610766dce49106cf9fe98c76e06745abb0993b2763?s=96&d=mm&r=g\",\"url\":\"https:\\\/\\\/secure.gravatar.com\\\/avatar\\\/e2ac889ef882d4dc53091b610766dce49106cf9fe98c76e06745abb0993b2763?s=96&d=mm&r=g\",\"contentUrl\":\"https:\\\/\\\/secure.gravatar.com\\\/avatar\\\/e2ac889ef882d4dc53091b610766dce49106cf9fe98c76e06745abb0993b2763?s=96&d=mm&r=g\",\"caption\":\"CRI Portugu\u00eas\"},\"sameAs\":[\"https:\\\/\\\/www.diariodepernambuco.com.br\\\/\"],\"url\":\"https:\\\/\\\/diariodepe.com.br\\\/cri\\\/author\\\/agencia-cri\\\/\"}]}<\/script>\n<!-- \/ Yoast SEO plugin. -->","yoast_head_json":{"title":"Xi Jinping pede mais que sejam feitos mais esfor\u00e7os na administra\u00e7\u00e3o integral do pa\u00eds conforme a lei - CRI e Diario de Pernambuco","robots":{"index":"index","follow":"follow","max-snippet":"max-snippet:-1","max-image-preview":"max-image-preview:large","max-video-preview":"max-video-preview:-1"},"canonical":"https:\/\/diariodepe.com.br\/cri\/2025\/12\/11\/xi-jinping-pede-mais-que-sejam-feitos-mais-esforcos-na-administracao-integral-do-pais-conforme-a-lei\/","og_locale":"pt_BR","og_type":"article","og_title":"Xi Jinping pede mais que sejam feitos mais esfor\u00e7os na administra\u00e7\u00e3o integral do pa\u00eds conforme a lei - CRI e Diario de Pernambuco","og_description":"O presidente da China, Xi Jinping,\u00a0tamb\u00e9m secret\u00e1rio-geral do Comit\u00ea Central do Partido Comunista da China\u00a0(PCCh)\u00a0e presidente da Comiss\u00e3o Militar Central,\u00a0pediu\u00a0para que sejam feitos mais\u00a0esfor\u00e7os conjuntos na administra\u00e7\u00e3o integral do pa\u00eds conforme a lei.\u00a0Esta observa\u00e7\u00e3o foi feita em uma recente instru\u00e7\u00e3o...","og_url":"https:\/\/diariodepe.com.br\/cri\/2025\/12\/11\/xi-jinping-pede-mais-que-sejam-feitos-mais-esforcos-na-administracao-integral-do-pais-conforme-a-lei\/","og_site_name":"CRI e Diario de Pernambuco","article_published_time":"2025-12-11T07:02:59+00:00","og_image":[{"url":"https:\/\/38picres.cgtn.com\/photoAlbum\/page\/performance\/img\/2025\/11\/18\/1763462738364_148.png","type":"","width":"","height":""}],"author":"CRI Portugu\u00eas","twitter_card":"summary_large_image","twitter_misc":{"Escrito por":"CRI Portugu\u00eas"},"schema":{"@context":"https:\/\/schema.org","@graph":[{"@type":"Article","@id":"https:\/\/diariodepe.com.br\/cri\/2025\/12\/11\/xi-jinping-pede-mais-que-sejam-feitos-mais-esforcos-na-administracao-integral-do-pais-conforme-a-lei\/#article","isPartOf":{"@id":"https:\/\/diariodepe.com.br\/cri\/2025\/12\/11\/xi-jinping-pede-mais-que-sejam-feitos-mais-esforcos-na-administracao-integral-do-pais-conforme-a-lei\/"},"author":{"name":"CRI Portugu\u00eas","@id":"https:\/\/diariodepe.com.br\/cri\/#\/schema\/person\/e474aead631cd4098632e11d3fbce118"},"headline":"Xi Jinping pede mais que sejam feitos mais esfor\u00e7os na administra\u00e7\u00e3o integral do pa\u00eds conforme a lei","datePublished":"2025-12-11T07:02:59+00:00","mainEntityOfPage":{"@id":"https:\/\/diariodepe.com.br\/cri\/2025\/12\/11\/xi-jinping-pede-mais-que-sejam-feitos-mais-esforcos-na-administracao-integral-do-pais-conforme-a-lei\/"},"wordCount":316,"commentCount":0,"publisher":{"@id":"https:\/\/diariodepe.com.br\/cri\/#organization"},"image":{"@id":"https:\/\/diariodepe.com.br\/cri\/2025\/12\/11\/xi-jinping-pede-mais-que-sejam-feitos-mais-esforcos-na-administracao-integral-do-pais-conforme-a-lei\/#primaryimage"},"thumbnailUrl":"https:\/\/38picres.cgtn.com\/photoAlbum\/page\/performance\/img\/2025\/11\/18\/1763462738364_148.png","articleSection":["China"],"inLanguage":"pt-BR","potentialAction":[{"@type":"CommentAction","name":"Comment","target":["https:\/\/diariodepe.com.br\/cri\/2025\/12\/11\/xi-jinping-pede-mais-que-sejam-feitos-mais-esforcos-na-administracao-integral-do-pais-conforme-a-lei\/#respond"]}]},{"@type":"WebPage","@id":"https:\/\/diariodepe.com.br\/cri\/2025\/12\/11\/xi-jinping-pede-mais-que-sejam-feitos-mais-esforcos-na-administracao-integral-do-pais-conforme-a-lei\/","url":"https:\/\/diariodepe.com.br\/cri\/2025\/12\/11\/xi-jinping-pede-mais-que-sejam-feitos-mais-esforcos-na-administracao-integral-do-pais-conforme-a-lei\/","name":"Xi Jinping pede mais que sejam feitos mais esfor\u00e7os na administra\u00e7\u00e3o integral do pa\u00eds conforme a lei - CRI e Diario de Pernambuco","isPartOf":{"@id":"https:\/\/diariodepe.com.br\/cri\/#website"},"primaryImageOfPage":{"@id":"https:\/\/diariodepe.com.br\/cri\/2025\/12\/11\/xi-jinping-pede-mais-que-sejam-feitos-mais-esforcos-na-administracao-integral-do-pais-conforme-a-lei\/#primaryimage"},"image":{"@id":"https:\/\/diariodepe.com.br\/cri\/2025\/12\/11\/xi-jinping-pede-mais-que-sejam-feitos-mais-esforcos-na-administracao-integral-do-pais-conforme-a-lei\/#primaryimage"},"thumbnailUrl":"https:\/\/38picres.cgtn.com\/photoAlbum\/page\/performance\/img\/2025\/11\/18\/1763462738364_148.png","datePublished":"2025-12-11T07:02:59+00:00","breadcrumb":{"@id":"https:\/\/diariodepe.com.br\/cri\/2025\/12\/11\/xi-jinping-pede-mais-que-sejam-feitos-mais-esforcos-na-administracao-integral-do-pais-conforme-a-lei\/#breadcrumb"},"inLanguage":"pt-BR","potentialAction":[{"@type":"ReadAction","target":["https:\/\/diariodepe.com.br\/cri\/2025\/12\/11\/xi-jinping-pede-mais-que-sejam-feitos-mais-esforcos-na-administracao-integral-do-pais-conforme-a-lei\/"]}]},{"@type":"ImageObject","inLanguage":"pt-BR","@id":"https:\/\/diariodepe.com.br\/cri\/2025\/12\/11\/xi-jinping-pede-mais-que-sejam-feitos-mais-esforcos-na-administracao-integral-do-pais-conforme-a-lei\/#primaryimage","url":"https:\/\/38picres.cgtn.com\/photoAlbum\/page\/performance\/img\/2025\/11\/18\/1763462738364_148.png","contentUrl":"https:\/\/38picres.cgtn.com\/photoAlbum\/page\/performance\/img\/2025\/11\/18\/1763462738364_148.png"},{"@type":"BreadcrumbList","@id":"https:\/\/diariodepe.com.br\/cri\/2025\/12\/11\/xi-jinping-pede-mais-que-sejam-feitos-mais-esforcos-na-administracao-integral-do-pais-conforme-a-lei\/#breadcrumb","itemListElement":[{"@type":"ListItem","position":1,"name":"In\u00edcio","item":"https:\/\/diariodepe.com.br\/cri\/"},{"@type":"ListItem","position":2,"name":"Xi Jinping pede mais que sejam feitos mais esfor\u00e7os na administra\u00e7\u00e3o integral do pa\u00eds conforme a lei"}]},{"@type":"WebSite","@id":"https:\/\/diariodepe.com.br\/cri\/#website","url":"https:\/\/diariodepe.com.br\/cri\/","name":"CRI e Diario de Pernambuco","description":"R\u00e1dio Internacional da China","publisher":{"@id":"https:\/\/diariodepe.com.br\/cri\/#organization"},"potentialAction":[{"@type":"SearchAction","target":{"@type":"EntryPoint","urlTemplate":"https:\/\/diariodepe.com.br\/cri\/?s={search_term_string}"},"query-input":{"@type":"PropertyValueSpecification","valueRequired":true,"valueName":"search_term_string"}}],"inLanguage":"pt-BR"},{"@type":"Organization","@id":"https:\/\/diariodepe.com.br\/cri\/#organization","name":"CRI e Diario de Pernambuco","url":"https:\/\/diariodepe.com.br\/cri\/","logo":{"@type":"ImageObject","inLanguage":"pt-BR","@id":"https:\/\/diariodepe.com.br\/cri\/#\/schema\/logo\/image\/","url":"https:\/\/diariodepe.com.br\/cri\/wp-content\/uploads\/sites\/2\/2022\/12\/cropped-Logo.jpg","contentUrl":"https:\/\/diariodepe.com.br\/cri\/wp-content\/uploads\/sites\/2\/2022\/12\/cropped-Logo.jpg","width":700,"height":59,"caption":"CRI e Diario de Pernambuco"},"image":{"@id":"https:\/\/diariodepe.com.br\/cri\/#\/schema\/logo\/image\/"}},{"@type":"Person","@id":"https:\/\/diariodepe.com.br\/cri\/#\/schema\/person\/e474aead631cd4098632e11d3fbce118","name":"CRI Portugu\u00eas","image":{"@type":"ImageObject","inLanguage":"pt-BR","@id":"https:\/\/secure.gravatar.com\/avatar\/e2ac889ef882d4dc53091b610766dce49106cf9fe98c76e06745abb0993b2763?s=96&d=mm&r=g","url":"https:\/\/secure.gravatar.com\/avatar\/e2ac889ef882d4dc53091b610766dce49106cf9fe98c76e06745abb0993b2763?s=96&d=mm&r=g","contentUrl":"https:\/\/secure.gravatar.com\/avatar\/e2ac889ef882d4dc53091b610766dce49106cf9fe98c76e06745abb0993b2763?s=96&d=mm&r=g","caption":"CRI Portugu\u00eas"},"sameAs":["https:\/\/www.diariodepernambuco.com.br\/"],"url":"https:\/\/diariodepe.com.br\/cri\/author\/agencia-cri\/"}]}},"cc_featured_image_caption":{"caption_text":"","source_text":"","source_url":""},"amp_enabled":true,"_links":{"self":[{"href":"https:\/\/diariodepe.com.br\/cri\/wp-json\/wp\/v2\/posts\/10123","targetHints":{"allow":["GET"]}}],"collection":[{"href":"https:\/\/diariodepe.com.br\/cri\/wp-json\/wp\/v2\/posts"}],"about":[{"href":"https:\/\/diariodepe.com.br\/cri\/wp-json\/wp\/v2\/types\/post"}],"author":[{"embeddable":true,"href":"https:\/\/diariodepe.com.br\/cri\/wp-json\/wp\/v2\/users\/5"}],"replies":[{"embeddable":true,"href":"https:\/\/diariodepe.com.br\/cri\/wp-json\/wp\/v2\/comments?post=10123"}],"version-history":[{"count":1,"href":"https:\/\/diariodepe.com.br\/cri\/wp-json\/wp\/v2\/posts\/10123\/revisions"}],"predecessor-version":[{"id":10124,"href":"https:\/\/diariodepe.com.br\/cri\/wp-json\/wp\/v2\/posts\/10123\/revisions\/10124"}],"wp:attachment":[{"href":"https:\/\/diariodepe.com.br\/cri\/wp-json\/wp\/v2\/media?parent=10123"}],"wp:term":[{"taxonomy":"category","embeddable":true,"href":"https:\/\/diariodepe.com.br\/cri\/wp-json\/wp\/v2\/categories?post=10123"},{"taxonomy":"post_tag","embeddable":true,"href":"https:\/\/diariodepe.com.br\/cri\/wp-json\/wp\/v2\/tags?post=10123"}],"curies":[{"name":"wp","href":"https:\/\/api.w.org\/{rel}","templated":true}]}}