{"id":10117,"date":"2025-12-11T04:01:38","date_gmt":"2025-12-11T07:01:38","guid":{"rendered":"https:\/\/diariodepe.com.br\/cri\/?p=10117"},"modified":"2025-12-11T04:01:38","modified_gmt":"2025-12-11T07:01:38","slug":"entrevista-exclusiva-com-a-presidente-do-coi-kirsty-coventry","status":"publish","type":"post","link":"https:\/\/diariodepe.com.br\/cri\/2025\/12\/11\/entrevista-exclusiva-com-a-presidente-do-coi-kirsty-coventry\/","title":{"rendered":"Entrevista exclusiva com a presidente do COI, Kirsty Coventry"},"content":{"rendered":"<p>A presidente do Comit\u00ea Ol\u00edmpico Internacional (COI), Kirsty Coventry, fez sua primeira visita \u00e0 China desde que assumiu o cargo e concedeu uma entrevista exclusiva ao Grupo de M\u00eddia da China (CMG, na sigla em ing\u00eas).<\/p>\n<p><img decoding=\"async\" src=\"https:\/\/38picres.cgtn.com\/photoAlbum\/page\/performance\/img\/2025\/11\/15\/1763205482114_922.jpeg\" \/><\/p>\n<p>Jornalista: Esta cidade testemunhou um cap\u00edtulo particularmente glorioso da sua carreira atl\u00e9tica. Nos Jogos Ol\u00edmpicos de Beijing de 2008, a Sra. conquistou uma medalha de ouro e tr\u00eas de prata. Como se sente ao retornar a essa cidade repleta de mem\u00f3rias maravilhosas?<\/p>\n<p>Coventry: \u00c9 maravilhoso! Os Jogos Ol\u00edmpicos de Beijing\u00a0de 2008 foram, de fato, um dos pontos altos da minha carreira atl\u00e9tica. Retornar aqui t\u00e3o pouco tempo depois de me tornar presidente do COI tem um significado simb\u00f3lico especial. Ontem (11 de novembro), quando me encontrei com meus parceiros, eles mencionaram as\u00a0mem\u00f3rias preciosas\u00a0em Beijing de 2008. E esta visita tamb\u00e9m me trouxe novas e maravilhosas mem\u00f3rias \u2014 o encontro com o presidente Xi Jinping, a participa\u00e7\u00e3o na cerim\u00f4nia de abertura dos Jogos Nacionais\u00a0da China, as conversas com os parceiros de coopera\u00e7\u00e3o e a visita a diversos lugares na China. Estou muito feliz por estar de volta a Beijing!<\/p>\n<p>Jornalista: Durante as conversas, o presidente chin\u00eas Xi Jinping enfatizou que a China est\u00e1 disposta a aprofundar ainda mais a coopera\u00e7\u00e3o de alta qualidade com o Comit\u00ea Ol\u00edmpico Internacional e a contribuir com mais sabedoria e for\u00e7a chinesas para a governan\u00e7a esportiva global. Como o COI planeja aproveitar os pontos fortes da China para promover ainda mais o desenvolvimento do esporte internacional?<\/p>\n<p>Coventry: Acredito que podemos avan\u00e7ar nessa coopera\u00e7\u00e3o em muitos n\u00edveis. Mantemos uma coopera\u00e7\u00e3o extremamente estreita com o Comit\u00ea Ol\u00edmpico Chin\u00eas. Tamb\u00e9m tenho a grande sorte de ter v\u00e1rios membros chineses de destaque no COI, incluindo a Sra. Li Lingwei, que integra o Conselho Executivo. Acho que existem muitas outras \u00e1reas para coopera\u00e7\u00e3o. Costumo dizer que um dos momentos de maior orgulho para mim foi revisitar o &#8220;Cubo d&#8217;\u00c1gua&#8221; durante os Jogos Ol\u00edmpicos de Inverno de Beijing de 2022, onde o curling foi realizado. Fiquei profundamente impressionada\u00a0ao ver como o local ol\u00edmpico podia ser usado de forma t\u00e3o diversificada, especialmente sua capacidade de alternar com flexibilidade entre esportes de ver\u00e3o e de inverno. Muitas pessoas podem se perguntar como o curling e a nata\u00e7\u00e3o puderam ser realizados no mesmo local? Como isso foi poss\u00edvel? Acredito que isso reflete as m\u00faltiplas camadas do desenvolvimento sustent\u00e1vel e demonstra o profundo e valioso legado ol\u00edmpico. Todo o Movimento Ol\u00edmpico pode aprender com a experi\u00eancia da China e com a forma como o pa\u00eds alcan\u00e7ou tudo isso com sucesso. A China est\u00e1 se desenvolvendo rapidamente em muitos campos, especialmente nas\u00a0\u00e1reas de\u00a0ci\u00eancia e tecnologia. Espero fortalecer a coopera\u00e7\u00e3o com a China no futuro para promover conjuntamente o desenvolvimento do Movimento Ol\u00edmpico e do esporte.<\/p>\n<p><img decoding=\"async\" src=\"https:\/\/38picres.cgtn.com\/photoAlbum\/page\/performance\/img\/2025\/11\/15\/1763205504363_57.jpeg\" \/><\/p>\n<p>Jornalista: Como a Sra. avalia as conquistas da China na promo\u00e7\u00e3o do exerc\u00edcio f\u00edsico nacional e na melhoria do n\u00edvel da sa\u00fade p\u00fablica?<\/p>\n<p>Coventry: Acredito que a dimens\u00e3o dos Jogos Nacionais da China reflete o entusiasmo da popula\u00e7\u00e3o pelo esporte. Se n\u00e3o me engano, os Jogos Nacionais deste ano contaram com a participa\u00e7\u00e3o de cerca de 25\u00a0mil\u00a0atletas, incluindo aproximadamente 14\u00a0mil\u00a0em eventos ol\u00edmpicos e mais de 11\u00a0mil em eventos de demonstra\u00e7\u00e3o. Nunca vi uma escala como essa em nenhum outro lugar. \u00c9 realmente enorme! Com tantos atletas e tantas pessoas dispostas a participar, acho que \u00e9 incrivelmente significativo. Creio que a China ainda valoriza as medalhas de ouro, mas de uma forma mais abrangente e racional. Hoje em dia, mais pessoas est\u00e3o desenvolvendo suas habilidades e interesses atl\u00e9ticos, descobrindo seus pr\u00f3prios talentos. Ao mesmo tempo, o investimento do pa\u00eds em infraestrutura esportiva est\u00e1 em constante crescimento. A acessibilidade \u00e0s instala\u00e7\u00f5es esportivas \u00e9 talvez uma das maiores mudan\u00e7as que observei.<\/p>\n<p>Jornalista: Acredito que a Sra. concorda que a m\u00eddia desempenha um papel crucial na dissemina\u00e7\u00e3o do esp\u00edrito ol\u00edmpico e permite que o p\u00fablico global vivencie os Jogos Ol\u00edmpicos. Durante sua visita \u00e0 China, o Grupo de M\u00eddia da China (CMG) e o Comit\u00ea Ol\u00edmpico Internacional (COI) assinaram um acordo de direitos autorais de longo prazo para os Jogos Ol\u00edmpicos de 2026-2032. Como a Sra. v\u00ea o desenvolvimento futuro dessa parceria de longo prazo? E como avalia as contribui\u00e7\u00f5es do CMG para a expans\u00e3o da narrativa ol\u00edmpica globalmente?<\/p>\n<p><img decoding=\"async\" src=\"https:\/\/38picres.cgtn.com\/photoAlbum\/page\/performance\/img\/2025\/11\/15\/1763205517330_559.jpeg\" \/><\/p>\n<p>Coventry: Acho que os dados de transmiss\u00e3o falam por si. O CMG ajudou os Jogos Ol\u00edmpicos de Paris a alcan\u00e7arem centenas de milh\u00f5es de telespectadores na China e no exterior. Este \u00e9 um n\u00famero muito importante. Claro, os n\u00fameros s\u00e3o certamente motivo de orgulho, mas mais importante do que os n\u00fameros \u00e9 o pr\u00f3prio conte\u00fado. Sem conte\u00fado excelente, n\u00e3o haveria n\u00fameros t\u00e3o impressionantes. O conte\u00fado produzido pelo CMG \u00e9 extremamente emocionante.Ele n\u00e3o apenas apresenta as conquistas dos atletas, mas tamb\u00e9m conta suas hist\u00f3rias, mostrando a genialidade da humanidade e as complexidades da vit\u00f3ria e da derrota. Todas essas hist\u00f3rias de supera\u00e7\u00e3o ap\u00f3s quedas s\u00e3o qualidades com as quais n\u00f3s, como seres humanos, podemos nos identificar. O CMG\u00a0fez um excelente trabalho ao contar essas hist\u00f3rias e construir conex\u00f5es emocionais. Hoje em dia, qualquer pessoa pode gravar v\u00eddeos, se tornar um locutor ou um influenciador com seu celular, mas a verdadeira competitividade reside na capacidade de se conectar com o p\u00fablico e mant\u00ea-lo engajado. Acredito que \u00e9 exatamente nesse ponto que o CMG se destaca.<\/p>\n<p>Jornalista: Incorporar mais modalidades esportivas emergentes e diversificadas ao Movimento Ol\u00edmpico tamb\u00e9m \u00e9 uma maneira importante de aumentar seu apelo para a gera\u00e7\u00e3o mais jovem. Qual \u00e9 a sua vis\u00e3o a esse respeito?<\/p>\n<p>Coventry: Acredito que este \u00e9 precisamente um dos pontos que o grupo de trabalho dos programas ol\u00edmpicos est\u00e1 estudando. Devemos continuar a prestar muita aten\u00e7\u00e3o aos esportes que fazem parte das Olimp\u00edadas h\u00e1 muito tempo, estabelecemos requisitos para alguns deles, a fim de impulsionar a renova\u00e7\u00e3o, garantir seu desenvolvimento cont\u00ednuo e inspirar o interesse dos jovens em participar. Nas Olimp\u00edadas de T\u00f3quio, vimos que a gera\u00e7\u00e3o mais jovem abra\u00e7ou muito bem os esportes rec\u00e9m-adicionados, como skate, surfe e escalada, que \u00e9 exatamente o que esperamos ver. Para garantir que o Movimento Ol\u00edmpico se desenvolva com o\u00a0tempo, devemos inspirar continuamente a nova gera\u00e7\u00e3o. Acho isso muito importante.<\/p>\n<p><img decoding=\"async\" src=\"https:\/\/38picres.cgtn.com\/photoAlbum\/page\/performance\/img\/2025\/11\/15\/1763205538175_673.jpeg\" \/><\/p>\n","protected":false},"excerpt":{"rendered":"<p>A presidente do Comit\u00ea Ol\u00edmpico Internacional (COI), Kirsty Coventry, fez sua primeira visita \u00e0 China desde que assumiu o cargo e concedeu uma entrevista exclusiva ao Grupo de M\u00eddia da China (CMG, na sigla em ing\u00eas). Jornalista: Esta cidade testemunhou&#8230;<\/p>\n","protected":false},"author":5,"featured_media":0,"comment_status":"open","ping_status":"open","sticky":false,"template":"","format":"standard","meta":{"footnotes":""},"categories":[3],"tags":[],"class_list":["post-10117","post","type-post","status-publish","format-standard","hentry","category-china"],"yoast_head":"<!-- This site is optimized with the Yoast SEO plugin v27.4 - https:\/\/yoast.com\/product\/yoast-seo-wordpress\/ -->\n<title>Entrevista exclusiva com a presidente do COI, Kirsty Coventry - CRI e Diario de Pernambuco<\/title>\n<meta name=\"robots\" content=\"index, follow, max-snippet:-1, max-image-preview:large, max-video-preview:-1\" \/>\n<link rel=\"canonical\" href=\"https:\/\/diariodepe.com.br\/cri\/2025\/12\/11\/entrevista-exclusiva-com-a-presidente-do-coi-kirsty-coventry\/\" \/>\n<meta property=\"og:locale\" content=\"pt_BR\" \/>\n<meta property=\"og:type\" content=\"article\" \/>\n<meta property=\"og:title\" content=\"Entrevista exclusiva com a presidente do COI, Kirsty Coventry - CRI e Diario de Pernambuco\" \/>\n<meta property=\"og:description\" content=\"A presidente do Comit\u00ea Ol\u00edmpico Internacional (COI), Kirsty Coventry, fez sua primeira visita \u00e0 China desde que assumiu o cargo e concedeu uma entrevista exclusiva ao Grupo de M\u00eddia da China (CMG, na sigla em ing\u00eas). Jornalista: Esta cidade testemunhou...\" \/>\n<meta property=\"og:url\" content=\"https:\/\/diariodepe.com.br\/cri\/2025\/12\/11\/entrevista-exclusiva-com-a-presidente-do-coi-kirsty-coventry\/\" \/>\n<meta property=\"og:site_name\" content=\"CRI e Diario de Pernambuco\" \/>\n<meta property=\"article:published_time\" content=\"2025-12-11T07:01:38+00:00\" \/>\n<meta property=\"og:image\" content=\"https:\/\/38picres.cgtn.com\/photoAlbum\/page\/performance\/img\/2025\/11\/15\/1763205482114_922.jpeg\" \/>\n<meta name=\"author\" content=\"CRI Portugu\u00eas\" \/>\n<meta name=\"twitter:card\" content=\"summary_large_image\" \/>\n<meta name=\"twitter:label1\" content=\"Escrito por\" \/>\n\t<meta name=\"twitter:data1\" content=\"CRI Portugu\u00eas\" \/>\n\t<meta name=\"twitter:label2\" content=\"Est. tempo de leitura\" \/>\n\t<meta name=\"twitter:data2\" content=\"7 minutos\" \/>\n<script type=\"application\/ld+json\" class=\"yoast-schema-graph\">{\"@context\":\"https:\\\/\\\/schema.org\",\"@graph\":[{\"@type\":\"Article\",\"@id\":\"https:\\\/\\\/diariodepe.com.br\\\/cri\\\/2025\\\/12\\\/11\\\/entrevista-exclusiva-com-a-presidente-do-coi-kirsty-coventry\\\/#article\",\"isPartOf\":{\"@id\":\"https:\\\/\\\/diariodepe.com.br\\\/cri\\\/2025\\\/12\\\/11\\\/entrevista-exclusiva-com-a-presidente-do-coi-kirsty-coventry\\\/\"},\"author\":{\"name\":\"CRI Portugu\u00eas\",\"@id\":\"https:\\\/\\\/diariodepe.com.br\\\/cri\\\/#\\\/schema\\\/person\\\/e474aead631cd4098632e11d3fbce118\"},\"headline\":\"Entrevista exclusiva com a presidente do COI, Kirsty Coventry\",\"datePublished\":\"2025-12-11T07:01:38+00:00\",\"mainEntityOfPage\":{\"@id\":\"https:\\\/\\\/diariodepe.com.br\\\/cri\\\/2025\\\/12\\\/11\\\/entrevista-exclusiva-com-a-presidente-do-coi-kirsty-coventry\\\/\"},\"wordCount\":1136,\"commentCount\":0,\"publisher\":{\"@id\":\"https:\\\/\\\/diariodepe.com.br\\\/cri\\\/#organization\"},\"image\":{\"@id\":\"https:\\\/\\\/diariodepe.com.br\\\/cri\\\/2025\\\/12\\\/11\\\/entrevista-exclusiva-com-a-presidente-do-coi-kirsty-coventry\\\/#primaryimage\"},\"thumbnailUrl\":\"https:\\\/\\\/38picres.cgtn.com\\\/photoAlbum\\\/page\\\/performance\\\/img\\\/2025\\\/11\\\/15\\\/1763205482114_922.jpeg\",\"articleSection\":[\"China\"],\"inLanguage\":\"pt-BR\",\"potentialAction\":[{\"@type\":\"CommentAction\",\"name\":\"Comment\",\"target\":[\"https:\\\/\\\/diariodepe.com.br\\\/cri\\\/2025\\\/12\\\/11\\\/entrevista-exclusiva-com-a-presidente-do-coi-kirsty-coventry\\\/#respond\"]}]},{\"@type\":\"WebPage\",\"@id\":\"https:\\\/\\\/diariodepe.com.br\\\/cri\\\/2025\\\/12\\\/11\\\/entrevista-exclusiva-com-a-presidente-do-coi-kirsty-coventry\\\/\",\"url\":\"https:\\\/\\\/diariodepe.com.br\\\/cri\\\/2025\\\/12\\\/11\\\/entrevista-exclusiva-com-a-presidente-do-coi-kirsty-coventry\\\/\",\"name\":\"Entrevista exclusiva com a presidente do COI, Kirsty Coventry - CRI e Diario de Pernambuco\",\"isPartOf\":{\"@id\":\"https:\\\/\\\/diariodepe.com.br\\\/cri\\\/#website\"},\"primaryImageOfPage\":{\"@id\":\"https:\\\/\\\/diariodepe.com.br\\\/cri\\\/2025\\\/12\\\/11\\\/entrevista-exclusiva-com-a-presidente-do-coi-kirsty-coventry\\\/#primaryimage\"},\"image\":{\"@id\":\"https:\\\/\\\/diariodepe.com.br\\\/cri\\\/2025\\\/12\\\/11\\\/entrevista-exclusiva-com-a-presidente-do-coi-kirsty-coventry\\\/#primaryimage\"},\"thumbnailUrl\":\"https:\\\/\\\/38picres.cgtn.com\\\/photoAlbum\\\/page\\\/performance\\\/img\\\/2025\\\/11\\\/15\\\/1763205482114_922.jpeg\",\"datePublished\":\"2025-12-11T07:01:38+00:00\",\"breadcrumb\":{\"@id\":\"https:\\\/\\\/diariodepe.com.br\\\/cri\\\/2025\\\/12\\\/11\\\/entrevista-exclusiva-com-a-presidente-do-coi-kirsty-coventry\\\/#breadcrumb\"},\"inLanguage\":\"pt-BR\",\"potentialAction\":[{\"@type\":\"ReadAction\",\"target\":[\"https:\\\/\\\/diariodepe.com.br\\\/cri\\\/2025\\\/12\\\/11\\\/entrevista-exclusiva-com-a-presidente-do-coi-kirsty-coventry\\\/\"]}]},{\"@type\":\"ImageObject\",\"inLanguage\":\"pt-BR\",\"@id\":\"https:\\\/\\\/diariodepe.com.br\\\/cri\\\/2025\\\/12\\\/11\\\/entrevista-exclusiva-com-a-presidente-do-coi-kirsty-coventry\\\/#primaryimage\",\"url\":\"https:\\\/\\\/38picres.cgtn.com\\\/photoAlbum\\\/page\\\/performance\\\/img\\\/2025\\\/11\\\/15\\\/1763205482114_922.jpeg\",\"contentUrl\":\"https:\\\/\\\/38picres.cgtn.com\\\/photoAlbum\\\/page\\\/performance\\\/img\\\/2025\\\/11\\\/15\\\/1763205482114_922.jpeg\"},{\"@type\":\"BreadcrumbList\",\"@id\":\"https:\\\/\\\/diariodepe.com.br\\\/cri\\\/2025\\\/12\\\/11\\\/entrevista-exclusiva-com-a-presidente-do-coi-kirsty-coventry\\\/#breadcrumb\",\"itemListElement\":[{\"@type\":\"ListItem\",\"position\":1,\"name\":\"In\u00edcio\",\"item\":\"https:\\\/\\\/diariodepe.com.br\\\/cri\\\/\"},{\"@type\":\"ListItem\",\"position\":2,\"name\":\"Entrevista exclusiva com a presidente do COI, Kirsty Coventry\"}]},{\"@type\":\"WebSite\",\"@id\":\"https:\\\/\\\/diariodepe.com.br\\\/cri\\\/#website\",\"url\":\"https:\\\/\\\/diariodepe.com.br\\\/cri\\\/\",\"name\":\"CRI e Diario de Pernambuco\",\"description\":\"R\u00e1dio Internacional da China\",\"publisher\":{\"@id\":\"https:\\\/\\\/diariodepe.com.br\\\/cri\\\/#organization\"},\"potentialAction\":[{\"@type\":\"SearchAction\",\"target\":{\"@type\":\"EntryPoint\",\"urlTemplate\":\"https:\\\/\\\/diariodepe.com.br\\\/cri\\\/?s={search_term_string}\"},\"query-input\":{\"@type\":\"PropertyValueSpecification\",\"valueRequired\":true,\"valueName\":\"search_term_string\"}}],\"inLanguage\":\"pt-BR\"},{\"@type\":\"Organization\",\"@id\":\"https:\\\/\\\/diariodepe.com.br\\\/cri\\\/#organization\",\"name\":\"CRI e Diario de Pernambuco\",\"url\":\"https:\\\/\\\/diariodepe.com.br\\\/cri\\\/\",\"logo\":{\"@type\":\"ImageObject\",\"inLanguage\":\"pt-BR\",\"@id\":\"https:\\\/\\\/diariodepe.com.br\\\/cri\\\/#\\\/schema\\\/logo\\\/image\\\/\",\"url\":\"https:\\\/\\\/diariodepe.com.br\\\/cri\\\/wp-content\\\/uploads\\\/sites\\\/2\\\/2022\\\/12\\\/cropped-Logo.jpg\",\"contentUrl\":\"https:\\\/\\\/diariodepe.com.br\\\/cri\\\/wp-content\\\/uploads\\\/sites\\\/2\\\/2022\\\/12\\\/cropped-Logo.jpg\",\"width\":700,\"height\":59,\"caption\":\"CRI e Diario de Pernambuco\"},\"image\":{\"@id\":\"https:\\\/\\\/diariodepe.com.br\\\/cri\\\/#\\\/schema\\\/logo\\\/image\\\/\"}},{\"@type\":\"Person\",\"@id\":\"https:\\\/\\\/diariodepe.com.br\\\/cri\\\/#\\\/schema\\\/person\\\/e474aead631cd4098632e11d3fbce118\",\"name\":\"CRI Portugu\u00eas\",\"image\":{\"@type\":\"ImageObject\",\"inLanguage\":\"pt-BR\",\"@id\":\"https:\\\/\\\/secure.gravatar.com\\\/avatar\\\/e2ac889ef882d4dc53091b610766dce49106cf9fe98c76e06745abb0993b2763?s=96&d=mm&r=g\",\"url\":\"https:\\\/\\\/secure.gravatar.com\\\/avatar\\\/e2ac889ef882d4dc53091b610766dce49106cf9fe98c76e06745abb0993b2763?s=96&d=mm&r=g\",\"contentUrl\":\"https:\\\/\\\/secure.gravatar.com\\\/avatar\\\/e2ac889ef882d4dc53091b610766dce49106cf9fe98c76e06745abb0993b2763?s=96&d=mm&r=g\",\"caption\":\"CRI Portugu\u00eas\"},\"sameAs\":[\"https:\\\/\\\/www.diariodepernambuco.com.br\\\/\"],\"url\":\"https:\\\/\\\/diariodepe.com.br\\\/cri\\\/author\\\/agencia-cri\\\/\"}]}<\/script>\n<!-- \/ Yoast SEO plugin. -->","yoast_head_json":{"title":"Entrevista exclusiva com a presidente do COI, Kirsty Coventry - CRI e Diario de Pernambuco","robots":{"index":"index","follow":"follow","max-snippet":"max-snippet:-1","max-image-preview":"max-image-preview:large","max-video-preview":"max-video-preview:-1"},"canonical":"https:\/\/diariodepe.com.br\/cri\/2025\/12\/11\/entrevista-exclusiva-com-a-presidente-do-coi-kirsty-coventry\/","og_locale":"pt_BR","og_type":"article","og_title":"Entrevista exclusiva com a presidente do COI, Kirsty Coventry - CRI e Diario de Pernambuco","og_description":"A presidente do Comit\u00ea Ol\u00edmpico Internacional (COI), Kirsty Coventry, fez sua primeira visita \u00e0 China desde que assumiu o cargo e concedeu uma entrevista exclusiva ao Grupo de M\u00eddia da China (CMG, na sigla em ing\u00eas). Jornalista: Esta cidade testemunhou...","og_url":"https:\/\/diariodepe.com.br\/cri\/2025\/12\/11\/entrevista-exclusiva-com-a-presidente-do-coi-kirsty-coventry\/","og_site_name":"CRI e Diario de Pernambuco","article_published_time":"2025-12-11T07:01:38+00:00","og_image":[{"url":"https:\/\/38picres.cgtn.com\/photoAlbum\/page\/performance\/img\/2025\/11\/15\/1763205482114_922.jpeg","type":"","width":"","height":""}],"author":"CRI Portugu\u00eas","twitter_card":"summary_large_image","twitter_misc":{"Escrito por":"CRI Portugu\u00eas","Est. tempo de leitura":"7 minutos"},"schema":{"@context":"https:\/\/schema.org","@graph":[{"@type":"Article","@id":"https:\/\/diariodepe.com.br\/cri\/2025\/12\/11\/entrevista-exclusiva-com-a-presidente-do-coi-kirsty-coventry\/#article","isPartOf":{"@id":"https:\/\/diariodepe.com.br\/cri\/2025\/12\/11\/entrevista-exclusiva-com-a-presidente-do-coi-kirsty-coventry\/"},"author":{"name":"CRI Portugu\u00eas","@id":"https:\/\/diariodepe.com.br\/cri\/#\/schema\/person\/e474aead631cd4098632e11d3fbce118"},"headline":"Entrevista exclusiva com a presidente do COI, Kirsty Coventry","datePublished":"2025-12-11T07:01:38+00:00","mainEntityOfPage":{"@id":"https:\/\/diariodepe.com.br\/cri\/2025\/12\/11\/entrevista-exclusiva-com-a-presidente-do-coi-kirsty-coventry\/"},"wordCount":1136,"commentCount":0,"publisher":{"@id":"https:\/\/diariodepe.com.br\/cri\/#organization"},"image":{"@id":"https:\/\/diariodepe.com.br\/cri\/2025\/12\/11\/entrevista-exclusiva-com-a-presidente-do-coi-kirsty-coventry\/#primaryimage"},"thumbnailUrl":"https:\/\/38picres.cgtn.com\/photoAlbum\/page\/performance\/img\/2025\/11\/15\/1763205482114_922.jpeg","articleSection":["China"],"inLanguage":"pt-BR","potentialAction":[{"@type":"CommentAction","name":"Comment","target":["https:\/\/diariodepe.com.br\/cri\/2025\/12\/11\/entrevista-exclusiva-com-a-presidente-do-coi-kirsty-coventry\/#respond"]}]},{"@type":"WebPage","@id":"https:\/\/diariodepe.com.br\/cri\/2025\/12\/11\/entrevista-exclusiva-com-a-presidente-do-coi-kirsty-coventry\/","url":"https:\/\/diariodepe.com.br\/cri\/2025\/12\/11\/entrevista-exclusiva-com-a-presidente-do-coi-kirsty-coventry\/","name":"Entrevista exclusiva com a presidente do COI, Kirsty Coventry - CRI e Diario de Pernambuco","isPartOf":{"@id":"https:\/\/diariodepe.com.br\/cri\/#website"},"primaryImageOfPage":{"@id":"https:\/\/diariodepe.com.br\/cri\/2025\/12\/11\/entrevista-exclusiva-com-a-presidente-do-coi-kirsty-coventry\/#primaryimage"},"image":{"@id":"https:\/\/diariodepe.com.br\/cri\/2025\/12\/11\/entrevista-exclusiva-com-a-presidente-do-coi-kirsty-coventry\/#primaryimage"},"thumbnailUrl":"https:\/\/38picres.cgtn.com\/photoAlbum\/page\/performance\/img\/2025\/11\/15\/1763205482114_922.jpeg","datePublished":"2025-12-11T07:01:38+00:00","breadcrumb":{"@id":"https:\/\/diariodepe.com.br\/cri\/2025\/12\/11\/entrevista-exclusiva-com-a-presidente-do-coi-kirsty-coventry\/#breadcrumb"},"inLanguage":"pt-BR","potentialAction":[{"@type":"ReadAction","target":["https:\/\/diariodepe.com.br\/cri\/2025\/12\/11\/entrevista-exclusiva-com-a-presidente-do-coi-kirsty-coventry\/"]}]},{"@type":"ImageObject","inLanguage":"pt-BR","@id":"https:\/\/diariodepe.com.br\/cri\/2025\/12\/11\/entrevista-exclusiva-com-a-presidente-do-coi-kirsty-coventry\/#primaryimage","url":"https:\/\/38picres.cgtn.com\/photoAlbum\/page\/performance\/img\/2025\/11\/15\/1763205482114_922.jpeg","contentUrl":"https:\/\/38picres.cgtn.com\/photoAlbum\/page\/performance\/img\/2025\/11\/15\/1763205482114_922.jpeg"},{"@type":"BreadcrumbList","@id":"https:\/\/diariodepe.com.br\/cri\/2025\/12\/11\/entrevista-exclusiva-com-a-presidente-do-coi-kirsty-coventry\/#breadcrumb","itemListElement":[{"@type":"ListItem","position":1,"name":"In\u00edcio","item":"https:\/\/diariodepe.com.br\/cri\/"},{"@type":"ListItem","position":2,"name":"Entrevista exclusiva com a presidente do COI, Kirsty Coventry"}]},{"@type":"WebSite","@id":"https:\/\/diariodepe.com.br\/cri\/#website","url":"https:\/\/diariodepe.com.br\/cri\/","name":"CRI e Diario de Pernambuco","description":"R\u00e1dio Internacional da China","publisher":{"@id":"https:\/\/diariodepe.com.br\/cri\/#organization"},"potentialAction":[{"@type":"SearchAction","target":{"@type":"EntryPoint","urlTemplate":"https:\/\/diariodepe.com.br\/cri\/?s={search_term_string}"},"query-input":{"@type":"PropertyValueSpecification","valueRequired":true,"valueName":"search_term_string"}}],"inLanguage":"pt-BR"},{"@type":"Organization","@id":"https:\/\/diariodepe.com.br\/cri\/#organization","name":"CRI e Diario de Pernambuco","url":"https:\/\/diariodepe.com.br\/cri\/","logo":{"@type":"ImageObject","inLanguage":"pt-BR","@id":"https:\/\/diariodepe.com.br\/cri\/#\/schema\/logo\/image\/","url":"https:\/\/diariodepe.com.br\/cri\/wp-content\/uploads\/sites\/2\/2022\/12\/cropped-Logo.jpg","contentUrl":"https:\/\/diariodepe.com.br\/cri\/wp-content\/uploads\/sites\/2\/2022\/12\/cropped-Logo.jpg","width":700,"height":59,"caption":"CRI e Diario de Pernambuco"},"image":{"@id":"https:\/\/diariodepe.com.br\/cri\/#\/schema\/logo\/image\/"}},{"@type":"Person","@id":"https:\/\/diariodepe.com.br\/cri\/#\/schema\/person\/e474aead631cd4098632e11d3fbce118","name":"CRI Portugu\u00eas","image":{"@type":"ImageObject","inLanguage":"pt-BR","@id":"https:\/\/secure.gravatar.com\/avatar\/e2ac889ef882d4dc53091b610766dce49106cf9fe98c76e06745abb0993b2763?s=96&d=mm&r=g","url":"https:\/\/secure.gravatar.com\/avatar\/e2ac889ef882d4dc53091b610766dce49106cf9fe98c76e06745abb0993b2763?s=96&d=mm&r=g","contentUrl":"https:\/\/secure.gravatar.com\/avatar\/e2ac889ef882d4dc53091b610766dce49106cf9fe98c76e06745abb0993b2763?s=96&d=mm&r=g","caption":"CRI Portugu\u00eas"},"sameAs":["https:\/\/www.diariodepernambuco.com.br\/"],"url":"https:\/\/diariodepe.com.br\/cri\/author\/agencia-cri\/"}]}},"cc_featured_image_caption":{"caption_text":"","source_text":"","source_url":""},"amp_enabled":true,"_links":{"self":[{"href":"https:\/\/diariodepe.com.br\/cri\/wp-json\/wp\/v2\/posts\/10117","targetHints":{"allow":["GET"]}}],"collection":[{"href":"https:\/\/diariodepe.com.br\/cri\/wp-json\/wp\/v2\/posts"}],"about":[{"href":"https:\/\/diariodepe.com.br\/cri\/wp-json\/wp\/v2\/types\/post"}],"author":[{"embeddable":true,"href":"https:\/\/diariodepe.com.br\/cri\/wp-json\/wp\/v2\/users\/5"}],"replies":[{"embeddable":true,"href":"https:\/\/diariodepe.com.br\/cri\/wp-json\/wp\/v2\/comments?post=10117"}],"version-history":[{"count":1,"href":"https:\/\/diariodepe.com.br\/cri\/wp-json\/wp\/v2\/posts\/10117\/revisions"}],"predecessor-version":[{"id":10118,"href":"https:\/\/diariodepe.com.br\/cri\/wp-json\/wp\/v2\/posts\/10117\/revisions\/10118"}],"wp:attachment":[{"href":"https:\/\/diariodepe.com.br\/cri\/wp-json\/wp\/v2\/media?parent=10117"}],"wp:term":[{"taxonomy":"category","embeddable":true,"href":"https:\/\/diariodepe.com.br\/cri\/wp-json\/wp\/v2\/categories?post=10117"},{"taxonomy":"post_tag","embeddable":true,"href":"https:\/\/diariodepe.com.br\/cri\/wp-json\/wp\/v2\/tags?post=10117"}],"curies":[{"name":"wp","href":"https:\/\/api.w.org\/{rel}","templated":true}]}}