{"id":10115,"date":"2025-12-11T04:01:07","date_gmt":"2025-12-11T07:01:07","guid":{"rendered":"https:\/\/diariodepe.com.br\/cri\/?p=10115"},"modified":"2025-12-11T04:01:07","modified_gmt":"2025-12-11T07:01:07","slug":"opiniao-publica-condena-ambicao-de-forcas-de-direita-japonesas-de-subverter-ordem-internacional-do-pos-guerra-2","status":"publish","type":"post","link":"https:\/\/diariodepe.com.br\/cri\/2025\/12\/11\/opiniao-publica-condena-ambicao-de-forcas-de-direita-japonesas-de-subverter-ordem-internacional-do-pos-guerra-2\/","title":{"rendered":"Opini\u00e3o p\u00fablica condena ambi\u00e7\u00e3o de for\u00e7as de direita japonesas de subverter ordem internacional do p\u00f3s-guerra"},"content":{"rendered":"<p>As declara\u00e7\u00f5es provocativas da primeira-ministra japonesa, Sanae Takaichi, sobre Taiwan continuam gerando fortes cr\u00edticas da comunidade internacional. Uma pesquisa conduzida pela CGTN mostra que os entrevistados, em geral, acreditam que tal a\u00e7\u00e3o constitui uma interfer\u00eancia brutal nos assuntos internos da China e que \u00e9 preciso estar altamente vigilante com a crescente ambi\u00e7\u00e3o de for\u00e7as de direita japonesas de subverter a ordem internacional p\u00f3s-Segunda Guerra Mundial.<\/p>\n<p>Entre os participantes, 91,1% afirmaram que o Jap\u00e3o deveria refletir sobre seus crimes hist\u00f3ricos por meio de a\u00e7\u00f5es concretas, bem como respeitar a soberania e a integridade territorial da China; 88,5% criticaram a provoca\u00e7\u00e3o japonesa contra a ordem internacional do p\u00f3s-guerra. Al\u00e9m disso, 88,9% dos entrevistados condenaram o pa\u00eds pela tentativa de interfer\u00eancia no estreito de Taiwan e pelas amea\u00e7as militares \u00e0 China, afirmando que tais a\u00e7\u00f5es minar\u00e3o a paz e a estabilidade regional.<\/p>\n<p>Ainda de acordo com os resultados, 88,3% apontaram que, ao vincular a \u201cemerg\u00eancia de Taiwan\u201d com o direito \u00e0 autodefesa coletiva, Takaichi visa encontrar pretextos para uma expans\u00e3o militar. Al\u00e9m do mais, 87,2% dos entrevistados afirmaram que os sinais do ressurgimento do militarismo japon\u00eas merecem alta vigil\u00e2ncia da comunidade internacional.<\/p>\n<p>A pesquisa foi divulgada nas plataformas da CGTN em ingl\u00eas, espanhol, franc\u00eas, \u00e1rabe e russo. Ao todo, 6.643 internautas participaram e expressaram suas opini\u00f5es em 24 horas.<\/p>\n","protected":false},"excerpt":{"rendered":"<p>As declara\u00e7\u00f5es provocativas da primeira-ministra japonesa, Sanae Takaichi, sobre Taiwan continuam gerando fortes cr\u00edticas da comunidade internacional. Uma pesquisa conduzida pela CGTN mostra que os entrevistados, em geral, acreditam que tal a\u00e7\u00e3o constitui uma interfer\u00eancia brutal nos assuntos internos da&#8230;<\/p>\n","protected":false},"author":5,"featured_media":0,"comment_status":"open","ping_status":"open","sticky":false,"template":"","format":"standard","meta":{"footnotes":""},"categories":[8],"tags":[],"class_list":["post-10115","post","type-post","status-publish","format-standard","hentry","category-internacional"],"yoast_head":"<!-- This site is optimized with the Yoast SEO plugin v27.4 - https:\/\/yoast.com\/product\/yoast-seo-wordpress\/ -->\n<title>Opini\u00e3o p\u00fablica condena ambi\u00e7\u00e3o de for\u00e7as de direita japonesas de subverter ordem internacional do p\u00f3s-guerra - CRI e Diario de Pernambuco<\/title>\n<meta name=\"robots\" content=\"index, follow, max-snippet:-1, max-image-preview:large, max-video-preview:-1\" \/>\n<link rel=\"canonical\" href=\"https:\/\/diariodepe.com.br\/cri\/2025\/12\/11\/opiniao-publica-condena-ambicao-de-forcas-de-direita-japonesas-de-subverter-ordem-internacional-do-pos-guerra-2\/\" \/>\n<meta property=\"og:locale\" content=\"pt_BR\" \/>\n<meta property=\"og:type\" content=\"article\" \/>\n<meta property=\"og:title\" content=\"Opini\u00e3o p\u00fablica condena ambi\u00e7\u00e3o de for\u00e7as de direita japonesas de subverter ordem internacional do p\u00f3s-guerra - CRI e Diario de Pernambuco\" \/>\n<meta property=\"og:description\" content=\"As declara\u00e7\u00f5es provocativas da primeira-ministra japonesa, Sanae Takaichi, sobre Taiwan continuam gerando fortes cr\u00edticas da comunidade internacional. Uma pesquisa conduzida pela CGTN mostra que os entrevistados, em geral, acreditam que tal a\u00e7\u00e3o constitui uma interfer\u00eancia brutal nos assuntos internos da...\" \/>\n<meta property=\"og:url\" content=\"https:\/\/diariodepe.com.br\/cri\/2025\/12\/11\/opiniao-publica-condena-ambicao-de-forcas-de-direita-japonesas-de-subverter-ordem-internacional-do-pos-guerra-2\/\" \/>\n<meta property=\"og:site_name\" content=\"CRI e Diario de Pernambuco\" \/>\n<meta property=\"article:published_time\" content=\"2025-12-11T07:01:07+00:00\" \/>\n<meta name=\"author\" content=\"CRI Portugu\u00eas\" \/>\n<meta name=\"twitter:card\" content=\"summary_large_image\" \/>\n<meta name=\"twitter:label1\" content=\"Escrito por\" \/>\n\t<meta name=\"twitter:data1\" content=\"CRI Portugu\u00eas\" \/>\n\t<meta name=\"twitter:label2\" content=\"Est. tempo de leitura\" \/>\n\t<meta name=\"twitter:data2\" content=\"2 minutos\" \/>\n<script type=\"application\/ld+json\" class=\"yoast-schema-graph\">{\"@context\":\"https:\\\/\\\/schema.org\",\"@graph\":[{\"@type\":\"Article\",\"@id\":\"https:\\\/\\\/diariodepe.com.br\\\/cri\\\/2025\\\/12\\\/11\\\/opiniao-publica-condena-ambicao-de-forcas-de-direita-japonesas-de-subverter-ordem-internacional-do-pos-guerra-2\\\/#article\",\"isPartOf\":{\"@id\":\"https:\\\/\\\/diariodepe.com.br\\\/cri\\\/2025\\\/12\\\/11\\\/opiniao-publica-condena-ambicao-de-forcas-de-direita-japonesas-de-subverter-ordem-internacional-do-pos-guerra-2\\\/\"},\"author\":{\"name\":\"CRI Portugu\u00eas\",\"@id\":\"https:\\\/\\\/diariodepe.com.br\\\/cri\\\/#\\\/schema\\\/person\\\/e474aead631cd4098632e11d3fbce118\"},\"headline\":\"Opini\u00e3o p\u00fablica condena ambi\u00e7\u00e3o de for\u00e7as de direita japonesas de subverter ordem internacional do p\u00f3s-guerra\",\"datePublished\":\"2025-12-11T07:01:07+00:00\",\"mainEntityOfPage\":{\"@id\":\"https:\\\/\\\/diariodepe.com.br\\\/cri\\\/2025\\\/12\\\/11\\\/opiniao-publica-condena-ambicao-de-forcas-de-direita-japonesas-de-subverter-ordem-internacional-do-pos-guerra-2\\\/\"},\"wordCount\":252,\"commentCount\":0,\"publisher\":{\"@id\":\"https:\\\/\\\/diariodepe.com.br\\\/cri\\\/#organization\"},\"articleSection\":[\"Internacional\"],\"inLanguage\":\"pt-BR\",\"potentialAction\":[{\"@type\":\"CommentAction\",\"name\":\"Comment\",\"target\":[\"https:\\\/\\\/diariodepe.com.br\\\/cri\\\/2025\\\/12\\\/11\\\/opiniao-publica-condena-ambicao-de-forcas-de-direita-japonesas-de-subverter-ordem-internacional-do-pos-guerra-2\\\/#respond\"]}]},{\"@type\":\"WebPage\",\"@id\":\"https:\\\/\\\/diariodepe.com.br\\\/cri\\\/2025\\\/12\\\/11\\\/opiniao-publica-condena-ambicao-de-forcas-de-direita-japonesas-de-subverter-ordem-internacional-do-pos-guerra-2\\\/\",\"url\":\"https:\\\/\\\/diariodepe.com.br\\\/cri\\\/2025\\\/12\\\/11\\\/opiniao-publica-condena-ambicao-de-forcas-de-direita-japonesas-de-subverter-ordem-internacional-do-pos-guerra-2\\\/\",\"name\":\"Opini\u00e3o p\u00fablica condena ambi\u00e7\u00e3o de for\u00e7as de direita japonesas de subverter ordem internacional do p\u00f3s-guerra - CRI e Diario de Pernambuco\",\"isPartOf\":{\"@id\":\"https:\\\/\\\/diariodepe.com.br\\\/cri\\\/#website\"},\"datePublished\":\"2025-12-11T07:01:07+00:00\",\"breadcrumb\":{\"@id\":\"https:\\\/\\\/diariodepe.com.br\\\/cri\\\/2025\\\/12\\\/11\\\/opiniao-publica-condena-ambicao-de-forcas-de-direita-japonesas-de-subverter-ordem-internacional-do-pos-guerra-2\\\/#breadcrumb\"},\"inLanguage\":\"pt-BR\",\"potentialAction\":[{\"@type\":\"ReadAction\",\"target\":[\"https:\\\/\\\/diariodepe.com.br\\\/cri\\\/2025\\\/12\\\/11\\\/opiniao-publica-condena-ambicao-de-forcas-de-direita-japonesas-de-subverter-ordem-internacional-do-pos-guerra-2\\\/\"]}]},{\"@type\":\"BreadcrumbList\",\"@id\":\"https:\\\/\\\/diariodepe.com.br\\\/cri\\\/2025\\\/12\\\/11\\\/opiniao-publica-condena-ambicao-de-forcas-de-direita-japonesas-de-subverter-ordem-internacional-do-pos-guerra-2\\\/#breadcrumb\",\"itemListElement\":[{\"@type\":\"ListItem\",\"position\":1,\"name\":\"In\u00edcio\",\"item\":\"https:\\\/\\\/diariodepe.com.br\\\/cri\\\/\"},{\"@type\":\"ListItem\",\"position\":2,\"name\":\"Opini\u00e3o p\u00fablica condena ambi\u00e7\u00e3o de for\u00e7as de direita japonesas de subverter ordem internacional do p\u00f3s-guerra\"}]},{\"@type\":\"WebSite\",\"@id\":\"https:\\\/\\\/diariodepe.com.br\\\/cri\\\/#website\",\"url\":\"https:\\\/\\\/diariodepe.com.br\\\/cri\\\/\",\"name\":\"CRI e Diario de Pernambuco\",\"description\":\"R\u00e1dio Internacional da China\",\"publisher\":{\"@id\":\"https:\\\/\\\/diariodepe.com.br\\\/cri\\\/#organization\"},\"potentialAction\":[{\"@type\":\"SearchAction\",\"target\":{\"@type\":\"EntryPoint\",\"urlTemplate\":\"https:\\\/\\\/diariodepe.com.br\\\/cri\\\/?s={search_term_string}\"},\"query-input\":{\"@type\":\"PropertyValueSpecification\",\"valueRequired\":true,\"valueName\":\"search_term_string\"}}],\"inLanguage\":\"pt-BR\"},{\"@type\":\"Organization\",\"@id\":\"https:\\\/\\\/diariodepe.com.br\\\/cri\\\/#organization\",\"name\":\"CRI e Diario de Pernambuco\",\"url\":\"https:\\\/\\\/diariodepe.com.br\\\/cri\\\/\",\"logo\":{\"@type\":\"ImageObject\",\"inLanguage\":\"pt-BR\",\"@id\":\"https:\\\/\\\/diariodepe.com.br\\\/cri\\\/#\\\/schema\\\/logo\\\/image\\\/\",\"url\":\"https:\\\/\\\/diariodepe.com.br\\\/cri\\\/wp-content\\\/uploads\\\/sites\\\/2\\\/2022\\\/12\\\/cropped-Logo.jpg\",\"contentUrl\":\"https:\\\/\\\/diariodepe.com.br\\\/cri\\\/wp-content\\\/uploads\\\/sites\\\/2\\\/2022\\\/12\\\/cropped-Logo.jpg\",\"width\":700,\"height\":59,\"caption\":\"CRI e Diario de Pernambuco\"},\"image\":{\"@id\":\"https:\\\/\\\/diariodepe.com.br\\\/cri\\\/#\\\/schema\\\/logo\\\/image\\\/\"}},{\"@type\":\"Person\",\"@id\":\"https:\\\/\\\/diariodepe.com.br\\\/cri\\\/#\\\/schema\\\/person\\\/e474aead631cd4098632e11d3fbce118\",\"name\":\"CRI Portugu\u00eas\",\"image\":{\"@type\":\"ImageObject\",\"inLanguage\":\"pt-BR\",\"@id\":\"https:\\\/\\\/secure.gravatar.com\\\/avatar\\\/e2ac889ef882d4dc53091b610766dce49106cf9fe98c76e06745abb0993b2763?s=96&d=mm&r=g\",\"url\":\"https:\\\/\\\/secure.gravatar.com\\\/avatar\\\/e2ac889ef882d4dc53091b610766dce49106cf9fe98c76e06745abb0993b2763?s=96&d=mm&r=g\",\"contentUrl\":\"https:\\\/\\\/secure.gravatar.com\\\/avatar\\\/e2ac889ef882d4dc53091b610766dce49106cf9fe98c76e06745abb0993b2763?s=96&d=mm&r=g\",\"caption\":\"CRI Portugu\u00eas\"},\"sameAs\":[\"https:\\\/\\\/www.diariodepernambuco.com.br\\\/\"],\"url\":\"https:\\\/\\\/diariodepe.com.br\\\/cri\\\/author\\\/agencia-cri\\\/\"}]}<\/script>\n<!-- \/ Yoast SEO plugin. -->","yoast_head_json":{"title":"Opini\u00e3o p\u00fablica condena ambi\u00e7\u00e3o de for\u00e7as de direita japonesas de subverter ordem internacional do p\u00f3s-guerra - CRI e Diario de Pernambuco","robots":{"index":"index","follow":"follow","max-snippet":"max-snippet:-1","max-image-preview":"max-image-preview:large","max-video-preview":"max-video-preview:-1"},"canonical":"https:\/\/diariodepe.com.br\/cri\/2025\/12\/11\/opiniao-publica-condena-ambicao-de-forcas-de-direita-japonesas-de-subverter-ordem-internacional-do-pos-guerra-2\/","og_locale":"pt_BR","og_type":"article","og_title":"Opini\u00e3o p\u00fablica condena ambi\u00e7\u00e3o de for\u00e7as de direita japonesas de subverter ordem internacional do p\u00f3s-guerra - CRI e Diario de Pernambuco","og_description":"As declara\u00e7\u00f5es provocativas da primeira-ministra japonesa, Sanae Takaichi, sobre Taiwan continuam gerando fortes cr\u00edticas da comunidade internacional. Uma pesquisa conduzida pela CGTN mostra que os entrevistados, em geral, acreditam que tal a\u00e7\u00e3o constitui uma interfer\u00eancia brutal nos assuntos internos da...","og_url":"https:\/\/diariodepe.com.br\/cri\/2025\/12\/11\/opiniao-publica-condena-ambicao-de-forcas-de-direita-japonesas-de-subverter-ordem-internacional-do-pos-guerra-2\/","og_site_name":"CRI e Diario de Pernambuco","article_published_time":"2025-12-11T07:01:07+00:00","author":"CRI Portugu\u00eas","twitter_card":"summary_large_image","twitter_misc":{"Escrito por":"CRI Portugu\u00eas","Est. tempo de leitura":"2 minutos"},"schema":{"@context":"https:\/\/schema.org","@graph":[{"@type":"Article","@id":"https:\/\/diariodepe.com.br\/cri\/2025\/12\/11\/opiniao-publica-condena-ambicao-de-forcas-de-direita-japonesas-de-subverter-ordem-internacional-do-pos-guerra-2\/#article","isPartOf":{"@id":"https:\/\/diariodepe.com.br\/cri\/2025\/12\/11\/opiniao-publica-condena-ambicao-de-forcas-de-direita-japonesas-de-subverter-ordem-internacional-do-pos-guerra-2\/"},"author":{"name":"CRI Portugu\u00eas","@id":"https:\/\/diariodepe.com.br\/cri\/#\/schema\/person\/e474aead631cd4098632e11d3fbce118"},"headline":"Opini\u00e3o p\u00fablica condena ambi\u00e7\u00e3o de for\u00e7as de direita japonesas de subverter ordem internacional do p\u00f3s-guerra","datePublished":"2025-12-11T07:01:07+00:00","mainEntityOfPage":{"@id":"https:\/\/diariodepe.com.br\/cri\/2025\/12\/11\/opiniao-publica-condena-ambicao-de-forcas-de-direita-japonesas-de-subverter-ordem-internacional-do-pos-guerra-2\/"},"wordCount":252,"commentCount":0,"publisher":{"@id":"https:\/\/diariodepe.com.br\/cri\/#organization"},"articleSection":["Internacional"],"inLanguage":"pt-BR","potentialAction":[{"@type":"CommentAction","name":"Comment","target":["https:\/\/diariodepe.com.br\/cri\/2025\/12\/11\/opiniao-publica-condena-ambicao-de-forcas-de-direita-japonesas-de-subverter-ordem-internacional-do-pos-guerra-2\/#respond"]}]},{"@type":"WebPage","@id":"https:\/\/diariodepe.com.br\/cri\/2025\/12\/11\/opiniao-publica-condena-ambicao-de-forcas-de-direita-japonesas-de-subverter-ordem-internacional-do-pos-guerra-2\/","url":"https:\/\/diariodepe.com.br\/cri\/2025\/12\/11\/opiniao-publica-condena-ambicao-de-forcas-de-direita-japonesas-de-subverter-ordem-internacional-do-pos-guerra-2\/","name":"Opini\u00e3o p\u00fablica condena ambi\u00e7\u00e3o de for\u00e7as de direita japonesas de subverter ordem internacional do p\u00f3s-guerra - CRI e Diario de Pernambuco","isPartOf":{"@id":"https:\/\/diariodepe.com.br\/cri\/#website"},"datePublished":"2025-12-11T07:01:07+00:00","breadcrumb":{"@id":"https:\/\/diariodepe.com.br\/cri\/2025\/12\/11\/opiniao-publica-condena-ambicao-de-forcas-de-direita-japonesas-de-subverter-ordem-internacional-do-pos-guerra-2\/#breadcrumb"},"inLanguage":"pt-BR","potentialAction":[{"@type":"ReadAction","target":["https:\/\/diariodepe.com.br\/cri\/2025\/12\/11\/opiniao-publica-condena-ambicao-de-forcas-de-direita-japonesas-de-subverter-ordem-internacional-do-pos-guerra-2\/"]}]},{"@type":"BreadcrumbList","@id":"https:\/\/diariodepe.com.br\/cri\/2025\/12\/11\/opiniao-publica-condena-ambicao-de-forcas-de-direita-japonesas-de-subverter-ordem-internacional-do-pos-guerra-2\/#breadcrumb","itemListElement":[{"@type":"ListItem","position":1,"name":"In\u00edcio","item":"https:\/\/diariodepe.com.br\/cri\/"},{"@type":"ListItem","position":2,"name":"Opini\u00e3o p\u00fablica condena ambi\u00e7\u00e3o de for\u00e7as de direita japonesas de subverter ordem internacional do p\u00f3s-guerra"}]},{"@type":"WebSite","@id":"https:\/\/diariodepe.com.br\/cri\/#website","url":"https:\/\/diariodepe.com.br\/cri\/","name":"CRI e Diario de Pernambuco","description":"R\u00e1dio Internacional da China","publisher":{"@id":"https:\/\/diariodepe.com.br\/cri\/#organization"},"potentialAction":[{"@type":"SearchAction","target":{"@type":"EntryPoint","urlTemplate":"https:\/\/diariodepe.com.br\/cri\/?s={search_term_string}"},"query-input":{"@type":"PropertyValueSpecification","valueRequired":true,"valueName":"search_term_string"}}],"inLanguage":"pt-BR"},{"@type":"Organization","@id":"https:\/\/diariodepe.com.br\/cri\/#organization","name":"CRI e Diario de Pernambuco","url":"https:\/\/diariodepe.com.br\/cri\/","logo":{"@type":"ImageObject","inLanguage":"pt-BR","@id":"https:\/\/diariodepe.com.br\/cri\/#\/schema\/logo\/image\/","url":"https:\/\/diariodepe.com.br\/cri\/wp-content\/uploads\/sites\/2\/2022\/12\/cropped-Logo.jpg","contentUrl":"https:\/\/diariodepe.com.br\/cri\/wp-content\/uploads\/sites\/2\/2022\/12\/cropped-Logo.jpg","width":700,"height":59,"caption":"CRI e Diario de Pernambuco"},"image":{"@id":"https:\/\/diariodepe.com.br\/cri\/#\/schema\/logo\/image\/"}},{"@type":"Person","@id":"https:\/\/diariodepe.com.br\/cri\/#\/schema\/person\/e474aead631cd4098632e11d3fbce118","name":"CRI Portugu\u00eas","image":{"@type":"ImageObject","inLanguage":"pt-BR","@id":"https:\/\/secure.gravatar.com\/avatar\/e2ac889ef882d4dc53091b610766dce49106cf9fe98c76e06745abb0993b2763?s=96&d=mm&r=g","url":"https:\/\/secure.gravatar.com\/avatar\/e2ac889ef882d4dc53091b610766dce49106cf9fe98c76e06745abb0993b2763?s=96&d=mm&r=g","contentUrl":"https:\/\/secure.gravatar.com\/avatar\/e2ac889ef882d4dc53091b610766dce49106cf9fe98c76e06745abb0993b2763?s=96&d=mm&r=g","caption":"CRI Portugu\u00eas"},"sameAs":["https:\/\/www.diariodepernambuco.com.br\/"],"url":"https:\/\/diariodepe.com.br\/cri\/author\/agencia-cri\/"}]}},"cc_featured_image_caption":{"caption_text":"","source_text":"","source_url":""},"amp_enabled":true,"_links":{"self":[{"href":"https:\/\/diariodepe.com.br\/cri\/wp-json\/wp\/v2\/posts\/10115","targetHints":{"allow":["GET"]}}],"collection":[{"href":"https:\/\/diariodepe.com.br\/cri\/wp-json\/wp\/v2\/posts"}],"about":[{"href":"https:\/\/diariodepe.com.br\/cri\/wp-json\/wp\/v2\/types\/post"}],"author":[{"embeddable":true,"href":"https:\/\/diariodepe.com.br\/cri\/wp-json\/wp\/v2\/users\/5"}],"replies":[{"embeddable":true,"href":"https:\/\/diariodepe.com.br\/cri\/wp-json\/wp\/v2\/comments?post=10115"}],"version-history":[{"count":1,"href":"https:\/\/diariodepe.com.br\/cri\/wp-json\/wp\/v2\/posts\/10115\/revisions"}],"predecessor-version":[{"id":10116,"href":"https:\/\/diariodepe.com.br\/cri\/wp-json\/wp\/v2\/posts\/10115\/revisions\/10116"}],"wp:attachment":[{"href":"https:\/\/diariodepe.com.br\/cri\/wp-json\/wp\/v2\/media?parent=10115"}],"wp:term":[{"taxonomy":"category","embeddable":true,"href":"https:\/\/diariodepe.com.br\/cri\/wp-json\/wp\/v2\/categories?post=10115"},{"taxonomy":"post_tag","embeddable":true,"href":"https:\/\/diariodepe.com.br\/cri\/wp-json\/wp\/v2\/tags?post=10115"}],"curies":[{"name":"wp","href":"https:\/\/api.w.org\/{rel}","templated":true}]}}