{"id":10113,"date":"2025-12-11T04:00:42","date_gmt":"2025-12-11T07:00:42","guid":{"rendered":"https:\/\/diariodepe.com.br\/cri\/?p=10113"},"modified":"2025-12-11T04:00:42","modified_gmt":"2025-12-11T07:00:42","slug":"se-o-japao-se-atrever-a-agir-de-forma-imprudente-acabara-se-ferindo-gravemente-alerta-ministerio-da-defesa-2","status":"publish","type":"post","link":"https:\/\/diariodepe.com.br\/cri\/2025\/12\/11\/se-o-japao-se-atrever-a-agir-de-forma-imprudente-acabara-se-ferindo-gravemente-alerta-ministerio-da-defesa-2\/","title":{"rendered":"\u201cSe o Jap\u00e3o se atrever a agir de forma imprudente, acabar\u00e1 se ferindo gravemente\u201d, alerta Minist\u00e9rio da Defesa"},"content":{"rendered":"<p>O porta-voz do Minist\u00e9rio da Defesa da China, Jiang Bin, disse nesta sexta-feira (14) que os recentes coment\u00e1rios da primeira-ministra japonesa, Sanae Takaichi, em rela\u00e7\u00e3o a Taiwan, s\u00e3o uma grave interfer\u00eancia nos assuntos internos da China, al\u00e9m de infringir o princ\u00edpio de Uma s\u00f3 China e o esp\u00edrito dos quatro documentos pol\u00edticos China-Jap\u00e3o.<\/p>\n<p>Jiang classificou as declara\u00e7\u00f5es da l\u00edder japonesa como irrespons\u00e1veis e extremamente perigosas. \u201cSe o Jap\u00e3o n\u00e3o aprender profundamente as li\u00e7\u00f5es da hist\u00f3ria, ousar correr riscos e at\u00e9 mesmo intervir pela for\u00e7a na situa\u00e7\u00e3o do Estreito de Taiwan, certamente enfrentar\u00e1 derramamento de sangue e pagar\u00e1 um alto pre\u00e7o diante da muralha de ferro do Ex\u00e9rcito de Liberta\u00e7\u00e3o Popular da China\u201d.<\/p>\n","protected":false},"excerpt":{"rendered":"<p>O porta-voz do Minist\u00e9rio da Defesa da China, Jiang Bin, disse nesta sexta-feira (14) que os recentes coment\u00e1rios da primeira-ministra japonesa, Sanae Takaichi, em rela\u00e7\u00e3o a Taiwan, s\u00e3o uma grave interfer\u00eancia nos assuntos internos da China, al\u00e9m de infringir o&#8230;<\/p>\n","protected":false},"author":5,"featured_media":0,"comment_status":"open","ping_status":"open","sticky":false,"template":"","format":"standard","meta":{"footnotes":""},"categories":[8],"tags":[],"class_list":["post-10113","post","type-post","status-publish","format-standard","hentry","category-internacional"],"yoast_head":"<!-- This site is optimized with the Yoast SEO plugin v27.4 - https:\/\/yoast.com\/product\/yoast-seo-wordpress\/ -->\n<title>\u201cSe o Jap\u00e3o se atrever a agir de forma imprudente, acabar\u00e1 se ferindo gravemente\u201d, alerta Minist\u00e9rio da Defesa - CRI e Diario de Pernambuco<\/title>\n<meta name=\"robots\" content=\"index, follow, max-snippet:-1, max-image-preview:large, max-video-preview:-1\" \/>\n<link rel=\"canonical\" href=\"https:\/\/diariodepe.com.br\/cri\/2025\/12\/11\/se-o-japao-se-atrever-a-agir-de-forma-imprudente-acabara-se-ferindo-gravemente-alerta-ministerio-da-defesa-2\/\" \/>\n<meta property=\"og:locale\" content=\"pt_BR\" \/>\n<meta property=\"og:type\" content=\"article\" \/>\n<meta property=\"og:title\" content=\"\u201cSe o Jap\u00e3o se atrever a agir de forma imprudente, acabar\u00e1 se ferindo gravemente\u201d, alerta Minist\u00e9rio da Defesa - CRI e Diario de Pernambuco\" \/>\n<meta property=\"og:description\" content=\"O porta-voz do Minist\u00e9rio da Defesa da China, Jiang Bin, disse nesta sexta-feira (14) que os recentes coment\u00e1rios da primeira-ministra japonesa, Sanae Takaichi, em rela\u00e7\u00e3o a Taiwan, s\u00e3o uma grave interfer\u00eancia nos assuntos internos da China, al\u00e9m de infringir o...\" \/>\n<meta property=\"og:url\" content=\"https:\/\/diariodepe.com.br\/cri\/2025\/12\/11\/se-o-japao-se-atrever-a-agir-de-forma-imprudente-acabara-se-ferindo-gravemente-alerta-ministerio-da-defesa-2\/\" \/>\n<meta property=\"og:site_name\" content=\"CRI e Diario de Pernambuco\" \/>\n<meta property=\"article:published_time\" content=\"2025-12-11T07:00:42+00:00\" \/>\n<meta name=\"author\" content=\"CRI Portugu\u00eas\" \/>\n<meta name=\"twitter:card\" content=\"summary_large_image\" \/>\n<meta name=\"twitter:label1\" content=\"Escrito por\" \/>\n\t<meta name=\"twitter:data1\" content=\"CRI Portugu\u00eas\" \/>\n\t<meta name=\"twitter:label2\" content=\"Est. tempo de leitura\" \/>\n\t<meta name=\"twitter:data2\" content=\"1 minuto\" \/>\n<script type=\"application\/ld+json\" class=\"yoast-schema-graph\">{\"@context\":\"https:\\\/\\\/schema.org\",\"@graph\":[{\"@type\":\"Article\",\"@id\":\"https:\\\/\\\/diariodepe.com.br\\\/cri\\\/2025\\\/12\\\/11\\\/se-o-japao-se-atrever-a-agir-de-forma-imprudente-acabara-se-ferindo-gravemente-alerta-ministerio-da-defesa-2\\\/#article\",\"isPartOf\":{\"@id\":\"https:\\\/\\\/diariodepe.com.br\\\/cri\\\/2025\\\/12\\\/11\\\/se-o-japao-se-atrever-a-agir-de-forma-imprudente-acabara-se-ferindo-gravemente-alerta-ministerio-da-defesa-2\\\/\"},\"author\":{\"name\":\"CRI Portugu\u00eas\",\"@id\":\"https:\\\/\\\/diariodepe.com.br\\\/cri\\\/#\\\/schema\\\/person\\\/e474aead631cd4098632e11d3fbce118\"},\"headline\":\"\u201cSe o Jap\u00e3o se atrever a agir de forma imprudente, acabar\u00e1 se ferindo gravemente\u201d, alerta Minist\u00e9rio da Defesa\",\"datePublished\":\"2025-12-11T07:00:42+00:00\",\"mainEntityOfPage\":{\"@id\":\"https:\\\/\\\/diariodepe.com.br\\\/cri\\\/2025\\\/12\\\/11\\\/se-o-japao-se-atrever-a-agir-de-forma-imprudente-acabara-se-ferindo-gravemente-alerta-ministerio-da-defesa-2\\\/\"},\"wordCount\":153,\"commentCount\":0,\"publisher\":{\"@id\":\"https:\\\/\\\/diariodepe.com.br\\\/cri\\\/#organization\"},\"articleSection\":[\"Internacional\"],\"inLanguage\":\"pt-BR\",\"potentialAction\":[{\"@type\":\"CommentAction\",\"name\":\"Comment\",\"target\":[\"https:\\\/\\\/diariodepe.com.br\\\/cri\\\/2025\\\/12\\\/11\\\/se-o-japao-se-atrever-a-agir-de-forma-imprudente-acabara-se-ferindo-gravemente-alerta-ministerio-da-defesa-2\\\/#respond\"]}]},{\"@type\":\"WebPage\",\"@id\":\"https:\\\/\\\/diariodepe.com.br\\\/cri\\\/2025\\\/12\\\/11\\\/se-o-japao-se-atrever-a-agir-de-forma-imprudente-acabara-se-ferindo-gravemente-alerta-ministerio-da-defesa-2\\\/\",\"url\":\"https:\\\/\\\/diariodepe.com.br\\\/cri\\\/2025\\\/12\\\/11\\\/se-o-japao-se-atrever-a-agir-de-forma-imprudente-acabara-se-ferindo-gravemente-alerta-ministerio-da-defesa-2\\\/\",\"name\":\"\u201cSe o Jap\u00e3o se atrever a agir de forma imprudente, acabar\u00e1 se ferindo gravemente\u201d, alerta Minist\u00e9rio da Defesa - CRI e Diario de Pernambuco\",\"isPartOf\":{\"@id\":\"https:\\\/\\\/diariodepe.com.br\\\/cri\\\/#website\"},\"datePublished\":\"2025-12-11T07:00:42+00:00\",\"breadcrumb\":{\"@id\":\"https:\\\/\\\/diariodepe.com.br\\\/cri\\\/2025\\\/12\\\/11\\\/se-o-japao-se-atrever-a-agir-de-forma-imprudente-acabara-se-ferindo-gravemente-alerta-ministerio-da-defesa-2\\\/#breadcrumb\"},\"inLanguage\":\"pt-BR\",\"potentialAction\":[{\"@type\":\"ReadAction\",\"target\":[\"https:\\\/\\\/diariodepe.com.br\\\/cri\\\/2025\\\/12\\\/11\\\/se-o-japao-se-atrever-a-agir-de-forma-imprudente-acabara-se-ferindo-gravemente-alerta-ministerio-da-defesa-2\\\/\"]}]},{\"@type\":\"BreadcrumbList\",\"@id\":\"https:\\\/\\\/diariodepe.com.br\\\/cri\\\/2025\\\/12\\\/11\\\/se-o-japao-se-atrever-a-agir-de-forma-imprudente-acabara-se-ferindo-gravemente-alerta-ministerio-da-defesa-2\\\/#breadcrumb\",\"itemListElement\":[{\"@type\":\"ListItem\",\"position\":1,\"name\":\"In\u00edcio\",\"item\":\"https:\\\/\\\/diariodepe.com.br\\\/cri\\\/\"},{\"@type\":\"ListItem\",\"position\":2,\"name\":\"\u201cSe o Jap\u00e3o se atrever a agir de forma imprudente, acabar\u00e1 se ferindo gravemente\u201d, alerta Minist\u00e9rio da Defesa\"}]},{\"@type\":\"WebSite\",\"@id\":\"https:\\\/\\\/diariodepe.com.br\\\/cri\\\/#website\",\"url\":\"https:\\\/\\\/diariodepe.com.br\\\/cri\\\/\",\"name\":\"CRI e Diario de Pernambuco\",\"description\":\"R\u00e1dio Internacional da China\",\"publisher\":{\"@id\":\"https:\\\/\\\/diariodepe.com.br\\\/cri\\\/#organization\"},\"potentialAction\":[{\"@type\":\"SearchAction\",\"target\":{\"@type\":\"EntryPoint\",\"urlTemplate\":\"https:\\\/\\\/diariodepe.com.br\\\/cri\\\/?s={search_term_string}\"},\"query-input\":{\"@type\":\"PropertyValueSpecification\",\"valueRequired\":true,\"valueName\":\"search_term_string\"}}],\"inLanguage\":\"pt-BR\"},{\"@type\":\"Organization\",\"@id\":\"https:\\\/\\\/diariodepe.com.br\\\/cri\\\/#organization\",\"name\":\"CRI e Diario de Pernambuco\",\"url\":\"https:\\\/\\\/diariodepe.com.br\\\/cri\\\/\",\"logo\":{\"@type\":\"ImageObject\",\"inLanguage\":\"pt-BR\",\"@id\":\"https:\\\/\\\/diariodepe.com.br\\\/cri\\\/#\\\/schema\\\/logo\\\/image\\\/\",\"url\":\"https:\\\/\\\/diariodepe.com.br\\\/cri\\\/wp-content\\\/uploads\\\/sites\\\/2\\\/2022\\\/12\\\/cropped-Logo.jpg\",\"contentUrl\":\"https:\\\/\\\/diariodepe.com.br\\\/cri\\\/wp-content\\\/uploads\\\/sites\\\/2\\\/2022\\\/12\\\/cropped-Logo.jpg\",\"width\":700,\"height\":59,\"caption\":\"CRI e Diario de Pernambuco\"},\"image\":{\"@id\":\"https:\\\/\\\/diariodepe.com.br\\\/cri\\\/#\\\/schema\\\/logo\\\/image\\\/\"}},{\"@type\":\"Person\",\"@id\":\"https:\\\/\\\/diariodepe.com.br\\\/cri\\\/#\\\/schema\\\/person\\\/e474aead631cd4098632e11d3fbce118\",\"name\":\"CRI Portugu\u00eas\",\"image\":{\"@type\":\"ImageObject\",\"inLanguage\":\"pt-BR\",\"@id\":\"https:\\\/\\\/secure.gravatar.com\\\/avatar\\\/e2ac889ef882d4dc53091b610766dce49106cf9fe98c76e06745abb0993b2763?s=96&d=mm&r=g\",\"url\":\"https:\\\/\\\/secure.gravatar.com\\\/avatar\\\/e2ac889ef882d4dc53091b610766dce49106cf9fe98c76e06745abb0993b2763?s=96&d=mm&r=g\",\"contentUrl\":\"https:\\\/\\\/secure.gravatar.com\\\/avatar\\\/e2ac889ef882d4dc53091b610766dce49106cf9fe98c76e06745abb0993b2763?s=96&d=mm&r=g\",\"caption\":\"CRI Portugu\u00eas\"},\"sameAs\":[\"https:\\\/\\\/www.diariodepernambuco.com.br\\\/\"],\"url\":\"https:\\\/\\\/diariodepe.com.br\\\/cri\\\/author\\\/agencia-cri\\\/\"}]}<\/script>\n<!-- \/ Yoast SEO plugin. -->","yoast_head_json":{"title":"\u201cSe o Jap\u00e3o se atrever a agir de forma imprudente, acabar\u00e1 se ferindo gravemente\u201d, alerta Minist\u00e9rio da Defesa - CRI e Diario de Pernambuco","robots":{"index":"index","follow":"follow","max-snippet":"max-snippet:-1","max-image-preview":"max-image-preview:large","max-video-preview":"max-video-preview:-1"},"canonical":"https:\/\/diariodepe.com.br\/cri\/2025\/12\/11\/se-o-japao-se-atrever-a-agir-de-forma-imprudente-acabara-se-ferindo-gravemente-alerta-ministerio-da-defesa-2\/","og_locale":"pt_BR","og_type":"article","og_title":"\u201cSe o Jap\u00e3o se atrever a agir de forma imprudente, acabar\u00e1 se ferindo gravemente\u201d, alerta Minist\u00e9rio da Defesa - CRI e Diario de Pernambuco","og_description":"O porta-voz do Minist\u00e9rio da Defesa da China, Jiang Bin, disse nesta sexta-feira (14) que os recentes coment\u00e1rios da primeira-ministra japonesa, Sanae Takaichi, em rela\u00e7\u00e3o a Taiwan, s\u00e3o uma grave interfer\u00eancia nos assuntos internos da China, al\u00e9m de infringir o...","og_url":"https:\/\/diariodepe.com.br\/cri\/2025\/12\/11\/se-o-japao-se-atrever-a-agir-de-forma-imprudente-acabara-se-ferindo-gravemente-alerta-ministerio-da-defesa-2\/","og_site_name":"CRI e Diario de Pernambuco","article_published_time":"2025-12-11T07:00:42+00:00","author":"CRI Portugu\u00eas","twitter_card":"summary_large_image","twitter_misc":{"Escrito por":"CRI Portugu\u00eas","Est. tempo de leitura":"1 minuto"},"schema":{"@context":"https:\/\/schema.org","@graph":[{"@type":"Article","@id":"https:\/\/diariodepe.com.br\/cri\/2025\/12\/11\/se-o-japao-se-atrever-a-agir-de-forma-imprudente-acabara-se-ferindo-gravemente-alerta-ministerio-da-defesa-2\/#article","isPartOf":{"@id":"https:\/\/diariodepe.com.br\/cri\/2025\/12\/11\/se-o-japao-se-atrever-a-agir-de-forma-imprudente-acabara-se-ferindo-gravemente-alerta-ministerio-da-defesa-2\/"},"author":{"name":"CRI Portugu\u00eas","@id":"https:\/\/diariodepe.com.br\/cri\/#\/schema\/person\/e474aead631cd4098632e11d3fbce118"},"headline":"\u201cSe o Jap\u00e3o se atrever a agir de forma imprudente, acabar\u00e1 se ferindo gravemente\u201d, alerta Minist\u00e9rio da Defesa","datePublished":"2025-12-11T07:00:42+00:00","mainEntityOfPage":{"@id":"https:\/\/diariodepe.com.br\/cri\/2025\/12\/11\/se-o-japao-se-atrever-a-agir-de-forma-imprudente-acabara-se-ferindo-gravemente-alerta-ministerio-da-defesa-2\/"},"wordCount":153,"commentCount":0,"publisher":{"@id":"https:\/\/diariodepe.com.br\/cri\/#organization"},"articleSection":["Internacional"],"inLanguage":"pt-BR","potentialAction":[{"@type":"CommentAction","name":"Comment","target":["https:\/\/diariodepe.com.br\/cri\/2025\/12\/11\/se-o-japao-se-atrever-a-agir-de-forma-imprudente-acabara-se-ferindo-gravemente-alerta-ministerio-da-defesa-2\/#respond"]}]},{"@type":"WebPage","@id":"https:\/\/diariodepe.com.br\/cri\/2025\/12\/11\/se-o-japao-se-atrever-a-agir-de-forma-imprudente-acabara-se-ferindo-gravemente-alerta-ministerio-da-defesa-2\/","url":"https:\/\/diariodepe.com.br\/cri\/2025\/12\/11\/se-o-japao-se-atrever-a-agir-de-forma-imprudente-acabara-se-ferindo-gravemente-alerta-ministerio-da-defesa-2\/","name":"\u201cSe o Jap\u00e3o se atrever a agir de forma imprudente, acabar\u00e1 se ferindo gravemente\u201d, alerta Minist\u00e9rio da Defesa - CRI e Diario de Pernambuco","isPartOf":{"@id":"https:\/\/diariodepe.com.br\/cri\/#website"},"datePublished":"2025-12-11T07:00:42+00:00","breadcrumb":{"@id":"https:\/\/diariodepe.com.br\/cri\/2025\/12\/11\/se-o-japao-se-atrever-a-agir-de-forma-imprudente-acabara-se-ferindo-gravemente-alerta-ministerio-da-defesa-2\/#breadcrumb"},"inLanguage":"pt-BR","potentialAction":[{"@type":"ReadAction","target":["https:\/\/diariodepe.com.br\/cri\/2025\/12\/11\/se-o-japao-se-atrever-a-agir-de-forma-imprudente-acabara-se-ferindo-gravemente-alerta-ministerio-da-defesa-2\/"]}]},{"@type":"BreadcrumbList","@id":"https:\/\/diariodepe.com.br\/cri\/2025\/12\/11\/se-o-japao-se-atrever-a-agir-de-forma-imprudente-acabara-se-ferindo-gravemente-alerta-ministerio-da-defesa-2\/#breadcrumb","itemListElement":[{"@type":"ListItem","position":1,"name":"In\u00edcio","item":"https:\/\/diariodepe.com.br\/cri\/"},{"@type":"ListItem","position":2,"name":"\u201cSe o Jap\u00e3o se atrever a agir de forma imprudente, acabar\u00e1 se ferindo gravemente\u201d, alerta Minist\u00e9rio da Defesa"}]},{"@type":"WebSite","@id":"https:\/\/diariodepe.com.br\/cri\/#website","url":"https:\/\/diariodepe.com.br\/cri\/","name":"CRI e Diario de Pernambuco","description":"R\u00e1dio Internacional da China","publisher":{"@id":"https:\/\/diariodepe.com.br\/cri\/#organization"},"potentialAction":[{"@type":"SearchAction","target":{"@type":"EntryPoint","urlTemplate":"https:\/\/diariodepe.com.br\/cri\/?s={search_term_string}"},"query-input":{"@type":"PropertyValueSpecification","valueRequired":true,"valueName":"search_term_string"}}],"inLanguage":"pt-BR"},{"@type":"Organization","@id":"https:\/\/diariodepe.com.br\/cri\/#organization","name":"CRI e Diario de Pernambuco","url":"https:\/\/diariodepe.com.br\/cri\/","logo":{"@type":"ImageObject","inLanguage":"pt-BR","@id":"https:\/\/diariodepe.com.br\/cri\/#\/schema\/logo\/image\/","url":"https:\/\/diariodepe.com.br\/cri\/wp-content\/uploads\/sites\/2\/2022\/12\/cropped-Logo.jpg","contentUrl":"https:\/\/diariodepe.com.br\/cri\/wp-content\/uploads\/sites\/2\/2022\/12\/cropped-Logo.jpg","width":700,"height":59,"caption":"CRI e Diario de Pernambuco"},"image":{"@id":"https:\/\/diariodepe.com.br\/cri\/#\/schema\/logo\/image\/"}},{"@type":"Person","@id":"https:\/\/diariodepe.com.br\/cri\/#\/schema\/person\/e474aead631cd4098632e11d3fbce118","name":"CRI Portugu\u00eas","image":{"@type":"ImageObject","inLanguage":"pt-BR","@id":"https:\/\/secure.gravatar.com\/avatar\/e2ac889ef882d4dc53091b610766dce49106cf9fe98c76e06745abb0993b2763?s=96&d=mm&r=g","url":"https:\/\/secure.gravatar.com\/avatar\/e2ac889ef882d4dc53091b610766dce49106cf9fe98c76e06745abb0993b2763?s=96&d=mm&r=g","contentUrl":"https:\/\/secure.gravatar.com\/avatar\/e2ac889ef882d4dc53091b610766dce49106cf9fe98c76e06745abb0993b2763?s=96&d=mm&r=g","caption":"CRI Portugu\u00eas"},"sameAs":["https:\/\/www.diariodepernambuco.com.br\/"],"url":"https:\/\/diariodepe.com.br\/cri\/author\/agencia-cri\/"}]}},"cc_featured_image_caption":{"caption_text":"","source_text":"","source_url":""},"amp_enabled":true,"_links":{"self":[{"href":"https:\/\/diariodepe.com.br\/cri\/wp-json\/wp\/v2\/posts\/10113","targetHints":{"allow":["GET"]}}],"collection":[{"href":"https:\/\/diariodepe.com.br\/cri\/wp-json\/wp\/v2\/posts"}],"about":[{"href":"https:\/\/diariodepe.com.br\/cri\/wp-json\/wp\/v2\/types\/post"}],"author":[{"embeddable":true,"href":"https:\/\/diariodepe.com.br\/cri\/wp-json\/wp\/v2\/users\/5"}],"replies":[{"embeddable":true,"href":"https:\/\/diariodepe.com.br\/cri\/wp-json\/wp\/v2\/comments?post=10113"}],"version-history":[{"count":1,"href":"https:\/\/diariodepe.com.br\/cri\/wp-json\/wp\/v2\/posts\/10113\/revisions"}],"predecessor-version":[{"id":10114,"href":"https:\/\/diariodepe.com.br\/cri\/wp-json\/wp\/v2\/posts\/10113\/revisions\/10114"}],"wp:attachment":[{"href":"https:\/\/diariodepe.com.br\/cri\/wp-json\/wp\/v2\/media?parent=10113"}],"wp:term":[{"taxonomy":"category","embeddable":true,"href":"https:\/\/diariodepe.com.br\/cri\/wp-json\/wp\/v2\/categories?post=10113"},{"taxonomy":"post_tag","embeddable":true,"href":"https:\/\/diariodepe.com.br\/cri\/wp-json\/wp\/v2\/tags?post=10113"}],"curies":[{"name":"wp","href":"https:\/\/api.w.org\/{rel}","templated":true}]}}