{"id":10111,"date":"2025-12-11T04:00:12","date_gmt":"2025-12-11T07:00:12","guid":{"rendered":"https:\/\/diariodepe.com.br\/cri\/?p=10111"},"modified":"2025-12-11T04:00:12","modified_gmt":"2025-12-11T07:00:12","slug":"xi-jinping-se-reune-com-o-rei-da-tailandia-2","status":"publish","type":"post","link":"https:\/\/diariodepe.com.br\/cri\/2025\/12\/11\/xi-jinping-se-reune-com-o-rei-da-tailandia-2\/","title":{"rendered":"Xi Jinping se re\u00fane com o rei da Tail\u00e2ndia"},"content":{"rendered":"<p align=\"left\">O presidente da China, Xi Jinping, encontrou-se nesta sexta-feira (14) no Grande Pal\u00e1cio do Povo, em Beijing, com o rei da Tail\u00e2ndia, Maha Vajiralongkorn, ora em visita de Estado ao pa\u00eds.<\/p>\n<p><img decoding=\"async\" src=\"https:\/\/38picres.cgtn.com\/photoAlbum\/page\/performance\/img\/2025\/11\/14\/1763105986634_638.jpeg\" \/><\/p>\n<p align=\"left\">Xi Jinping afirmou que o rei Maha Vajiralongkorn optou a China como o primeiro grande pa\u00eds para sua visita de Estado, tornando-se o primeiro monarca tailand\u00eas a visitar a China desde o estabelecimento das rela\u00e7\u00f5es diplom\u00e1ticas entre as duas na\u00e7\u00f5es, o que demonstra plenamente a grande import\u00e2ncia atribu\u00edda \u00e0s rela\u00e7\u00f5es China\u2013Tail\u00e2ndia.<\/p>\n<p align=\"left\">O l\u00edder da China expressou condol\u00eancias pelo recente falecimento da rainha-m\u00e3e Sirikit, destacando que a fam\u00edlia real tailandesa mant\u00e9m la\u00e7os profundos com a China e tem feito contribui\u00e7\u00f5es importantes para promover a amizade entre os dois pa\u00edses, algo altamente apreciado pela parte chinesa.<\/p>\n<p align=\"left\">Segundo o presidente da China, este ano marca o 50\u00ba anivers\u00e1rio do estabelecimento das rela\u00e7\u00f5es diplom\u00e1ticas entre China e Tail\u00e2ndia, conhecido como os \u201c50 anos dourados da amizade China\u2013Tail\u00e2ndia\u201d. Ao longo de meio s\u00e9culo, diante das mudan\u00e7as no cen\u00e1rio internacional, a China e a Tail\u00e2ndia sempre caminharam lado a lado e se apoiaram mutuamente, sendo como verdadeiros parentes pr\u00f3ximos, bons amigos e bons parceiros.<\/p>\n<p align=\"left\">Partindo de um novo ponto hist\u00f3rico, Xi Jinping expressou disposi\u00e7\u00e3o para, junto com o rei tailand\u00eas, conduzir a constru\u00e7\u00e3o de uma comunidade de futuro compartilhado China\u2013Tail\u00e2ndia rumo a maiores avan\u00e7os nos pr\u00f3ximos 50 anos, escrevendo juntos um novo cap\u00edtulo da amizade entre os dois pa\u00edses.<\/p>\n<p align=\"left\">Xi Jinping destacou que a 4\u00aa sess\u00e3o plen\u00e1ria do 20\u00ba Comit\u00ea Central do Partido Comunista da China (PCCh) aprovou as propostas para a formula\u00e7\u00e3o do 15\u00ba Plano Quinquenal, que se concentrar\u00e1 em promover o desenvolvimento de alta qualidade e ampliar a abertura em alto n\u00edvel.<\/p>\n<p align=\"left\">O presidente chin\u00eas afirmou que a Tail\u00e2ndia tamb\u00e9m se encontra em uma fase crucial de revitaliza\u00e7\u00e3o nacional e a China est\u00e1 disposta a fortalecer o alinhamento estrat\u00e9gico com a Tail\u00e2ndia, avan\u00e7ar de forma constante em grandes projetos como a ferrovia China\u2013Tail\u00e2ndia, ampliar as importa\u00e7\u00f5es de produtos agr\u00edcolas tailandeses de alta qualidade e expandir a coopera\u00e7\u00e3o em \u00e1reas emergentes, como intelig\u00eancia artificial, economia digital e aeroespacial, para que os dois povos obtenham mais benef\u00edcios da coopera\u00e7\u00e3o bilateral.<\/p>\n<p align=\"left\">Ele acrescentou que \u00e9 importante promover a integra\u00e7\u00e3o cultural e ampliar os interc\u00e2mbios entre os povos, aproximando ainda mais as duas na\u00e7\u00f5es. A China est\u00e1 disposta a apoiar ativamente os projetos de bem-estar social da fam\u00edlia real tailandesa, fortalecer a troca de experi\u00eancias em redu\u00e7\u00e3o da pobreza e ajudar a Tail\u00e2ndia a melhorar o bem-estar de sua popula\u00e7\u00e3o.<\/p>\n<p align=\"left\">Por sua vez, o rei Maha Vajiralongkorn afirmou estar muito satisfeito em realizar uma visita de Estado \u00e0 China. Ap\u00f3s muitos anos, ao retornar ao pa\u00eds, p\u00f4de constatar as enormes transforma\u00e7\u00f5es ocorridas, que apresentam a imagem renovada de uma China moderna e bela. Ele parabenizou a na\u00e7\u00e3o pelos grandes avan\u00e7os alcan\u00e7ados em seu desenvolvimento econ\u00f4mico e social. A parte tailandesa deseja aprender e se inspirar na experi\u00eancia de desenvolvimento da China, ampliar a coopera\u00e7\u00e3o em diversas \u00e1reas e intensificar os interc\u00e2mbios culturais, tornando a amizade Tail\u00e2ndia\u2013China ainda mais enraizada no cora\u00e7\u00e3o dos povos.<\/p>\n","protected":false},"excerpt":{"rendered":"<p>O presidente da China, Xi Jinping, encontrou-se nesta sexta-feira (14) no Grande Pal\u00e1cio do Povo, em Beijing, com o rei da Tail\u00e2ndia, Maha Vajiralongkorn, ora em visita de Estado ao pa\u00eds. Xi Jinping afirmou que o rei Maha Vajiralongkorn optou&#8230;<\/p>\n","protected":false},"author":5,"featured_media":0,"comment_status":"open","ping_status":"open","sticky":false,"template":"","format":"standard","meta":{"footnotes":""},"categories":[3],"tags":[],"class_list":["post-10111","post","type-post","status-publish","format-standard","hentry","category-china"],"yoast_head":"<!-- This site is optimized with the Yoast SEO plugin v27.4 - https:\/\/yoast.com\/product\/yoast-seo-wordpress\/ -->\n<title>Xi Jinping se re\u00fane com o rei da Tail\u00e2ndia - CRI e Diario de Pernambuco<\/title>\n<meta name=\"robots\" content=\"index, follow, max-snippet:-1, max-image-preview:large, max-video-preview:-1\" \/>\n<link rel=\"canonical\" href=\"https:\/\/diariodepe.com.br\/cri\/2025\/12\/11\/xi-jinping-se-reune-com-o-rei-da-tailandia-2\/\" \/>\n<meta property=\"og:locale\" content=\"pt_BR\" \/>\n<meta property=\"og:type\" content=\"article\" \/>\n<meta property=\"og:title\" content=\"Xi Jinping se re\u00fane com o rei da Tail\u00e2ndia - CRI e Diario de Pernambuco\" \/>\n<meta property=\"og:description\" content=\"O presidente da China, Xi Jinping, encontrou-se nesta sexta-feira (14) no Grande Pal\u00e1cio do Povo, em Beijing, com o rei da Tail\u00e2ndia, Maha Vajiralongkorn, ora em visita de Estado ao pa\u00eds. Xi Jinping afirmou que o rei Maha Vajiralongkorn optou...\" \/>\n<meta property=\"og:url\" content=\"https:\/\/diariodepe.com.br\/cri\/2025\/12\/11\/xi-jinping-se-reune-com-o-rei-da-tailandia-2\/\" \/>\n<meta property=\"og:site_name\" content=\"CRI e Diario de Pernambuco\" \/>\n<meta property=\"article:published_time\" content=\"2025-12-11T07:00:12+00:00\" \/>\n<meta property=\"og:image\" content=\"https:\/\/38picres.cgtn.com\/photoAlbum\/page\/performance\/img\/2025\/11\/14\/1763105986634_638.jpeg\" \/>\n<meta name=\"author\" content=\"CRI Portugu\u00eas\" \/>\n<meta name=\"twitter:card\" content=\"summary_large_image\" \/>\n<meta name=\"twitter:label1\" content=\"Escrito por\" \/>\n\t<meta name=\"twitter:data1\" content=\"CRI Portugu\u00eas\" \/>\n\t<meta name=\"twitter:label2\" content=\"Est. tempo de leitura\" \/>\n\t<meta name=\"twitter:data2\" content=\"3 minutos\" \/>\n<script type=\"application\/ld+json\" class=\"yoast-schema-graph\">{\"@context\":\"https:\\\/\\\/schema.org\",\"@graph\":[{\"@type\":\"Article\",\"@id\":\"https:\\\/\\\/diariodepe.com.br\\\/cri\\\/2025\\\/12\\\/11\\\/xi-jinping-se-reune-com-o-rei-da-tailandia-2\\\/#article\",\"isPartOf\":{\"@id\":\"https:\\\/\\\/diariodepe.com.br\\\/cri\\\/2025\\\/12\\\/11\\\/xi-jinping-se-reune-com-o-rei-da-tailandia-2\\\/\"},\"author\":{\"name\":\"CRI Portugu\u00eas\",\"@id\":\"https:\\\/\\\/diariodepe.com.br\\\/cri\\\/#\\\/schema\\\/person\\\/e474aead631cd4098632e11d3fbce118\"},\"headline\":\"Xi Jinping se re\u00fane com o rei da Tail\u00e2ndia\",\"datePublished\":\"2025-12-11T07:00:12+00:00\",\"mainEntityOfPage\":{\"@id\":\"https:\\\/\\\/diariodepe.com.br\\\/cri\\\/2025\\\/12\\\/11\\\/xi-jinping-se-reune-com-o-rei-da-tailandia-2\\\/\"},\"wordCount\":591,\"commentCount\":0,\"publisher\":{\"@id\":\"https:\\\/\\\/diariodepe.com.br\\\/cri\\\/#organization\"},\"image\":{\"@id\":\"https:\\\/\\\/diariodepe.com.br\\\/cri\\\/2025\\\/12\\\/11\\\/xi-jinping-se-reune-com-o-rei-da-tailandia-2\\\/#primaryimage\"},\"thumbnailUrl\":\"https:\\\/\\\/38picres.cgtn.com\\\/photoAlbum\\\/page\\\/performance\\\/img\\\/2025\\\/11\\\/14\\\/1763105986634_638.jpeg\",\"articleSection\":[\"China\"],\"inLanguage\":\"pt-BR\",\"potentialAction\":[{\"@type\":\"CommentAction\",\"name\":\"Comment\",\"target\":[\"https:\\\/\\\/diariodepe.com.br\\\/cri\\\/2025\\\/12\\\/11\\\/xi-jinping-se-reune-com-o-rei-da-tailandia-2\\\/#respond\"]}]},{\"@type\":\"WebPage\",\"@id\":\"https:\\\/\\\/diariodepe.com.br\\\/cri\\\/2025\\\/12\\\/11\\\/xi-jinping-se-reune-com-o-rei-da-tailandia-2\\\/\",\"url\":\"https:\\\/\\\/diariodepe.com.br\\\/cri\\\/2025\\\/12\\\/11\\\/xi-jinping-se-reune-com-o-rei-da-tailandia-2\\\/\",\"name\":\"Xi Jinping se re\u00fane com o rei da Tail\u00e2ndia - CRI e Diario de Pernambuco\",\"isPartOf\":{\"@id\":\"https:\\\/\\\/diariodepe.com.br\\\/cri\\\/#website\"},\"primaryImageOfPage\":{\"@id\":\"https:\\\/\\\/diariodepe.com.br\\\/cri\\\/2025\\\/12\\\/11\\\/xi-jinping-se-reune-com-o-rei-da-tailandia-2\\\/#primaryimage\"},\"image\":{\"@id\":\"https:\\\/\\\/diariodepe.com.br\\\/cri\\\/2025\\\/12\\\/11\\\/xi-jinping-se-reune-com-o-rei-da-tailandia-2\\\/#primaryimage\"},\"thumbnailUrl\":\"https:\\\/\\\/38picres.cgtn.com\\\/photoAlbum\\\/page\\\/performance\\\/img\\\/2025\\\/11\\\/14\\\/1763105986634_638.jpeg\",\"datePublished\":\"2025-12-11T07:00:12+00:00\",\"breadcrumb\":{\"@id\":\"https:\\\/\\\/diariodepe.com.br\\\/cri\\\/2025\\\/12\\\/11\\\/xi-jinping-se-reune-com-o-rei-da-tailandia-2\\\/#breadcrumb\"},\"inLanguage\":\"pt-BR\",\"potentialAction\":[{\"@type\":\"ReadAction\",\"target\":[\"https:\\\/\\\/diariodepe.com.br\\\/cri\\\/2025\\\/12\\\/11\\\/xi-jinping-se-reune-com-o-rei-da-tailandia-2\\\/\"]}]},{\"@type\":\"ImageObject\",\"inLanguage\":\"pt-BR\",\"@id\":\"https:\\\/\\\/diariodepe.com.br\\\/cri\\\/2025\\\/12\\\/11\\\/xi-jinping-se-reune-com-o-rei-da-tailandia-2\\\/#primaryimage\",\"url\":\"https:\\\/\\\/38picres.cgtn.com\\\/photoAlbum\\\/page\\\/performance\\\/img\\\/2025\\\/11\\\/14\\\/1763105986634_638.jpeg\",\"contentUrl\":\"https:\\\/\\\/38picres.cgtn.com\\\/photoAlbum\\\/page\\\/performance\\\/img\\\/2025\\\/11\\\/14\\\/1763105986634_638.jpeg\"},{\"@type\":\"BreadcrumbList\",\"@id\":\"https:\\\/\\\/diariodepe.com.br\\\/cri\\\/2025\\\/12\\\/11\\\/xi-jinping-se-reune-com-o-rei-da-tailandia-2\\\/#breadcrumb\",\"itemListElement\":[{\"@type\":\"ListItem\",\"position\":1,\"name\":\"In\u00edcio\",\"item\":\"https:\\\/\\\/diariodepe.com.br\\\/cri\\\/\"},{\"@type\":\"ListItem\",\"position\":2,\"name\":\"Xi Jinping se re\u00fane com o rei da Tail\u00e2ndia\"}]},{\"@type\":\"WebSite\",\"@id\":\"https:\\\/\\\/diariodepe.com.br\\\/cri\\\/#website\",\"url\":\"https:\\\/\\\/diariodepe.com.br\\\/cri\\\/\",\"name\":\"CRI e Diario de Pernambuco\",\"description\":\"R\u00e1dio Internacional da China\",\"publisher\":{\"@id\":\"https:\\\/\\\/diariodepe.com.br\\\/cri\\\/#organization\"},\"potentialAction\":[{\"@type\":\"SearchAction\",\"target\":{\"@type\":\"EntryPoint\",\"urlTemplate\":\"https:\\\/\\\/diariodepe.com.br\\\/cri\\\/?s={search_term_string}\"},\"query-input\":{\"@type\":\"PropertyValueSpecification\",\"valueRequired\":true,\"valueName\":\"search_term_string\"}}],\"inLanguage\":\"pt-BR\"},{\"@type\":\"Organization\",\"@id\":\"https:\\\/\\\/diariodepe.com.br\\\/cri\\\/#organization\",\"name\":\"CRI e Diario de Pernambuco\",\"url\":\"https:\\\/\\\/diariodepe.com.br\\\/cri\\\/\",\"logo\":{\"@type\":\"ImageObject\",\"inLanguage\":\"pt-BR\",\"@id\":\"https:\\\/\\\/diariodepe.com.br\\\/cri\\\/#\\\/schema\\\/logo\\\/image\\\/\",\"url\":\"https:\\\/\\\/diariodepe.com.br\\\/cri\\\/wp-content\\\/uploads\\\/sites\\\/2\\\/2022\\\/12\\\/cropped-Logo.jpg\",\"contentUrl\":\"https:\\\/\\\/diariodepe.com.br\\\/cri\\\/wp-content\\\/uploads\\\/sites\\\/2\\\/2022\\\/12\\\/cropped-Logo.jpg\",\"width\":700,\"height\":59,\"caption\":\"CRI e Diario de Pernambuco\"},\"image\":{\"@id\":\"https:\\\/\\\/diariodepe.com.br\\\/cri\\\/#\\\/schema\\\/logo\\\/image\\\/\"}},{\"@type\":\"Person\",\"@id\":\"https:\\\/\\\/diariodepe.com.br\\\/cri\\\/#\\\/schema\\\/person\\\/e474aead631cd4098632e11d3fbce118\",\"name\":\"CRI Portugu\u00eas\",\"image\":{\"@type\":\"ImageObject\",\"inLanguage\":\"pt-BR\",\"@id\":\"https:\\\/\\\/secure.gravatar.com\\\/avatar\\\/e2ac889ef882d4dc53091b610766dce49106cf9fe98c76e06745abb0993b2763?s=96&d=mm&r=g\",\"url\":\"https:\\\/\\\/secure.gravatar.com\\\/avatar\\\/e2ac889ef882d4dc53091b610766dce49106cf9fe98c76e06745abb0993b2763?s=96&d=mm&r=g\",\"contentUrl\":\"https:\\\/\\\/secure.gravatar.com\\\/avatar\\\/e2ac889ef882d4dc53091b610766dce49106cf9fe98c76e06745abb0993b2763?s=96&d=mm&r=g\",\"caption\":\"CRI Portugu\u00eas\"},\"sameAs\":[\"https:\\\/\\\/www.diariodepernambuco.com.br\\\/\"],\"url\":\"https:\\\/\\\/diariodepe.com.br\\\/cri\\\/author\\\/agencia-cri\\\/\"}]}<\/script>\n<!-- \/ Yoast SEO plugin. -->","yoast_head_json":{"title":"Xi Jinping se re\u00fane com o rei da Tail\u00e2ndia - CRI e Diario de Pernambuco","robots":{"index":"index","follow":"follow","max-snippet":"max-snippet:-1","max-image-preview":"max-image-preview:large","max-video-preview":"max-video-preview:-1"},"canonical":"https:\/\/diariodepe.com.br\/cri\/2025\/12\/11\/xi-jinping-se-reune-com-o-rei-da-tailandia-2\/","og_locale":"pt_BR","og_type":"article","og_title":"Xi Jinping se re\u00fane com o rei da Tail\u00e2ndia - CRI e Diario de Pernambuco","og_description":"O presidente da China, Xi Jinping, encontrou-se nesta sexta-feira (14) no Grande Pal\u00e1cio do Povo, em Beijing, com o rei da Tail\u00e2ndia, Maha Vajiralongkorn, ora em visita de Estado ao pa\u00eds. Xi Jinping afirmou que o rei Maha Vajiralongkorn optou...","og_url":"https:\/\/diariodepe.com.br\/cri\/2025\/12\/11\/xi-jinping-se-reune-com-o-rei-da-tailandia-2\/","og_site_name":"CRI e Diario de Pernambuco","article_published_time":"2025-12-11T07:00:12+00:00","og_image":[{"url":"https:\/\/38picres.cgtn.com\/photoAlbum\/page\/performance\/img\/2025\/11\/14\/1763105986634_638.jpeg","type":"","width":"","height":""}],"author":"CRI Portugu\u00eas","twitter_card":"summary_large_image","twitter_misc":{"Escrito por":"CRI Portugu\u00eas","Est. tempo de leitura":"3 minutos"},"schema":{"@context":"https:\/\/schema.org","@graph":[{"@type":"Article","@id":"https:\/\/diariodepe.com.br\/cri\/2025\/12\/11\/xi-jinping-se-reune-com-o-rei-da-tailandia-2\/#article","isPartOf":{"@id":"https:\/\/diariodepe.com.br\/cri\/2025\/12\/11\/xi-jinping-se-reune-com-o-rei-da-tailandia-2\/"},"author":{"name":"CRI Portugu\u00eas","@id":"https:\/\/diariodepe.com.br\/cri\/#\/schema\/person\/e474aead631cd4098632e11d3fbce118"},"headline":"Xi Jinping se re\u00fane com o rei da Tail\u00e2ndia","datePublished":"2025-12-11T07:00:12+00:00","mainEntityOfPage":{"@id":"https:\/\/diariodepe.com.br\/cri\/2025\/12\/11\/xi-jinping-se-reune-com-o-rei-da-tailandia-2\/"},"wordCount":591,"commentCount":0,"publisher":{"@id":"https:\/\/diariodepe.com.br\/cri\/#organization"},"image":{"@id":"https:\/\/diariodepe.com.br\/cri\/2025\/12\/11\/xi-jinping-se-reune-com-o-rei-da-tailandia-2\/#primaryimage"},"thumbnailUrl":"https:\/\/38picres.cgtn.com\/photoAlbum\/page\/performance\/img\/2025\/11\/14\/1763105986634_638.jpeg","articleSection":["China"],"inLanguage":"pt-BR","potentialAction":[{"@type":"CommentAction","name":"Comment","target":["https:\/\/diariodepe.com.br\/cri\/2025\/12\/11\/xi-jinping-se-reune-com-o-rei-da-tailandia-2\/#respond"]}]},{"@type":"WebPage","@id":"https:\/\/diariodepe.com.br\/cri\/2025\/12\/11\/xi-jinping-se-reune-com-o-rei-da-tailandia-2\/","url":"https:\/\/diariodepe.com.br\/cri\/2025\/12\/11\/xi-jinping-se-reune-com-o-rei-da-tailandia-2\/","name":"Xi Jinping se re\u00fane com o rei da Tail\u00e2ndia - CRI e Diario de Pernambuco","isPartOf":{"@id":"https:\/\/diariodepe.com.br\/cri\/#website"},"primaryImageOfPage":{"@id":"https:\/\/diariodepe.com.br\/cri\/2025\/12\/11\/xi-jinping-se-reune-com-o-rei-da-tailandia-2\/#primaryimage"},"image":{"@id":"https:\/\/diariodepe.com.br\/cri\/2025\/12\/11\/xi-jinping-se-reune-com-o-rei-da-tailandia-2\/#primaryimage"},"thumbnailUrl":"https:\/\/38picres.cgtn.com\/photoAlbum\/page\/performance\/img\/2025\/11\/14\/1763105986634_638.jpeg","datePublished":"2025-12-11T07:00:12+00:00","breadcrumb":{"@id":"https:\/\/diariodepe.com.br\/cri\/2025\/12\/11\/xi-jinping-se-reune-com-o-rei-da-tailandia-2\/#breadcrumb"},"inLanguage":"pt-BR","potentialAction":[{"@type":"ReadAction","target":["https:\/\/diariodepe.com.br\/cri\/2025\/12\/11\/xi-jinping-se-reune-com-o-rei-da-tailandia-2\/"]}]},{"@type":"ImageObject","inLanguage":"pt-BR","@id":"https:\/\/diariodepe.com.br\/cri\/2025\/12\/11\/xi-jinping-se-reune-com-o-rei-da-tailandia-2\/#primaryimage","url":"https:\/\/38picres.cgtn.com\/photoAlbum\/page\/performance\/img\/2025\/11\/14\/1763105986634_638.jpeg","contentUrl":"https:\/\/38picres.cgtn.com\/photoAlbum\/page\/performance\/img\/2025\/11\/14\/1763105986634_638.jpeg"},{"@type":"BreadcrumbList","@id":"https:\/\/diariodepe.com.br\/cri\/2025\/12\/11\/xi-jinping-se-reune-com-o-rei-da-tailandia-2\/#breadcrumb","itemListElement":[{"@type":"ListItem","position":1,"name":"In\u00edcio","item":"https:\/\/diariodepe.com.br\/cri\/"},{"@type":"ListItem","position":2,"name":"Xi Jinping se re\u00fane com o rei da Tail\u00e2ndia"}]},{"@type":"WebSite","@id":"https:\/\/diariodepe.com.br\/cri\/#website","url":"https:\/\/diariodepe.com.br\/cri\/","name":"CRI e Diario de Pernambuco","description":"R\u00e1dio Internacional da China","publisher":{"@id":"https:\/\/diariodepe.com.br\/cri\/#organization"},"potentialAction":[{"@type":"SearchAction","target":{"@type":"EntryPoint","urlTemplate":"https:\/\/diariodepe.com.br\/cri\/?s={search_term_string}"},"query-input":{"@type":"PropertyValueSpecification","valueRequired":true,"valueName":"search_term_string"}}],"inLanguage":"pt-BR"},{"@type":"Organization","@id":"https:\/\/diariodepe.com.br\/cri\/#organization","name":"CRI e Diario de Pernambuco","url":"https:\/\/diariodepe.com.br\/cri\/","logo":{"@type":"ImageObject","inLanguage":"pt-BR","@id":"https:\/\/diariodepe.com.br\/cri\/#\/schema\/logo\/image\/","url":"https:\/\/diariodepe.com.br\/cri\/wp-content\/uploads\/sites\/2\/2022\/12\/cropped-Logo.jpg","contentUrl":"https:\/\/diariodepe.com.br\/cri\/wp-content\/uploads\/sites\/2\/2022\/12\/cropped-Logo.jpg","width":700,"height":59,"caption":"CRI e Diario de Pernambuco"},"image":{"@id":"https:\/\/diariodepe.com.br\/cri\/#\/schema\/logo\/image\/"}},{"@type":"Person","@id":"https:\/\/diariodepe.com.br\/cri\/#\/schema\/person\/e474aead631cd4098632e11d3fbce118","name":"CRI Portugu\u00eas","image":{"@type":"ImageObject","inLanguage":"pt-BR","@id":"https:\/\/secure.gravatar.com\/avatar\/e2ac889ef882d4dc53091b610766dce49106cf9fe98c76e06745abb0993b2763?s=96&d=mm&r=g","url":"https:\/\/secure.gravatar.com\/avatar\/e2ac889ef882d4dc53091b610766dce49106cf9fe98c76e06745abb0993b2763?s=96&d=mm&r=g","contentUrl":"https:\/\/secure.gravatar.com\/avatar\/e2ac889ef882d4dc53091b610766dce49106cf9fe98c76e06745abb0993b2763?s=96&d=mm&r=g","caption":"CRI Portugu\u00eas"},"sameAs":["https:\/\/www.diariodepernambuco.com.br\/"],"url":"https:\/\/diariodepe.com.br\/cri\/author\/agencia-cri\/"}]}},"cc_featured_image_caption":{"caption_text":"","source_text":"","source_url":""},"amp_enabled":true,"_links":{"self":[{"href":"https:\/\/diariodepe.com.br\/cri\/wp-json\/wp\/v2\/posts\/10111","targetHints":{"allow":["GET"]}}],"collection":[{"href":"https:\/\/diariodepe.com.br\/cri\/wp-json\/wp\/v2\/posts"}],"about":[{"href":"https:\/\/diariodepe.com.br\/cri\/wp-json\/wp\/v2\/types\/post"}],"author":[{"embeddable":true,"href":"https:\/\/diariodepe.com.br\/cri\/wp-json\/wp\/v2\/users\/5"}],"replies":[{"embeddable":true,"href":"https:\/\/diariodepe.com.br\/cri\/wp-json\/wp\/v2\/comments?post=10111"}],"version-history":[{"count":1,"href":"https:\/\/diariodepe.com.br\/cri\/wp-json\/wp\/v2\/posts\/10111\/revisions"}],"predecessor-version":[{"id":10112,"href":"https:\/\/diariodepe.com.br\/cri\/wp-json\/wp\/v2\/posts\/10111\/revisions\/10112"}],"wp:attachment":[{"href":"https:\/\/diariodepe.com.br\/cri\/wp-json\/wp\/v2\/media?parent=10111"}],"wp:term":[{"taxonomy":"category","embeddable":true,"href":"https:\/\/diariodepe.com.br\/cri\/wp-json\/wp\/v2\/categories?post=10111"},{"taxonomy":"post_tag","embeddable":true,"href":"https:\/\/diariodepe.com.br\/cri\/wp-json\/wp\/v2\/tags?post=10111"}],"curies":[{"name":"wp","href":"https:\/\/api.w.org\/{rel}","templated":true}]}}