{"id":10101,"date":"2025-12-11T03:56:28","date_gmt":"2025-12-11T06:56:28","guid":{"rendered":"https:\/\/diariodepe.com.br\/cri\/?p=10101"},"modified":"2025-12-11T03:56:28","modified_gmt":"2025-12-11T06:56:28","slug":"xi-jinping-reune-se-com-rei-da-espanha-em-beijing","status":"publish","type":"post","link":"https:\/\/diariodepe.com.br\/cri\/2025\/12\/11\/xi-jinping-reune-se-com-rei-da-espanha-em-beijing\/","title":{"rendered":"Xi Jinping re\u00fane-se com rei da Espanha em Beijing"},"content":{"rendered":"<p><img decoding=\"async\" src=\"https:\/\/38picres.cgtn.com\/photoAlbum\/page\/performance\/img\/2025\/11\/12\/1762932547037_276.jpeg\" \/><\/p>\n<p>O presidente chin\u00eas, Xi Jinping, reuniu-se\u00a0nesta quarta-feira\u00a0(12)\u00a0com o rei Felipe VI da Espanha no Grande Pal\u00e1cio do Povo,\u00a0em Beijing.\u00a0O monarca espanhol realiza uma visita de Estado \u00e0\u00a0China.<\/p>\n<p>Xi Jinping\u00a0deu as boas-vindas ao rei Felipe VI e destacou os la\u00e7os hist\u00f3ricos e culturais que unem\u00a0China e Espanha. O\u00a0presidente\u00a0lembrou que,\u00a0ao longo de mais de cinco d\u00e9cadas de\u00a0rela\u00e7\u00f5es diplom\u00e1ticas, os dois pa\u00edses\u00a0t\u00eam desenvolvido seus v\u00ednculos de uma perspectiva\u00a0estrat\u00e9gica e de longo prazo,\u00a0com base\u00a0no\u00a0respeito e\u00a0apoio m\u00fatuos,\u00a0um exemplo de amizade e\u00a0coopera\u00e7\u00e3o entre na\u00e7\u00f5es com diferentes hist\u00f3rias, culturas e sistemas sociais.\u00a0Segundo Xi, essa rela\u00e7\u00e3o tamb\u00e9m desempenha\u00a0um importante papel\u00a0na promo\u00e7\u00e3o da\u00a0abertura\u00a0global, da coopera\u00e7\u00e3o internacional e na defesa da justi\u00e7a e da equidade mundiais.<\/p>\n<p>O\u00a0l\u00edder chin\u00eas\u00a0afirmou que\u00a0a China valoriza a amizade tradicional com a Espanha\u00a0e reconhece o papel singular do pa\u00eds europeu\u00a0nos assuntos internacionais e regionais.\u00a0Xi expressou a disposi\u00e7\u00e3o de aprofundar a parceria estrat\u00e9gica abrangente entre os dois pa\u00edses,\u00a0fortalecendo a confian\u00e7a pol\u00edtica m\u00fatua,\u00a0a coopera\u00e7\u00e3o pragm\u00e1tica\u00a0e o desenvolvimento conjunto de\u00a0mercado de terceiros,\u00a0como\u00a0o da\u00a0Am\u00e9rica Latina, aproveitando suas vantagens complementares.\u00a0Ele tamb\u00e9m ressaltou a import\u00e2ncia dos\u00a0interc\u00e2mbios\u00a0cultural e interpessoal,\u00a0e anunciou a\u00a0extens\u00e3o da\u00a0isen\u00e7\u00e3o de visto\u00a0para cidad\u00e3os espanh\u00f3is, a fim de facilitar o interc\u00e2mbio entre os povos.<\/p>\n<p>Xi Jinping lembrou\u00a0ainda\u00a0que este ano marca o 80\u00ba\u00a0anivers\u00e1rio\u00a0da cria\u00e7\u00e3o\u00a0das Na\u00e7\u00f5es Unidas.\u00a0Ele observou que, em um mundo que atravessa um novo per\u00edodo de turbul\u00eancia e transforma\u00e7\u00e3o, a busca pela\u00a0paz e\u00a0pelo\u00a0desenvolvimento\u00a0continua sendo um desafio comum. O\u00a0conceito\u00a0de uma comunidade\u00a0com\u00a0futuro\u00a0compartilhado\u00a0para a humanidade, explicou Xi, visa\u00a0superar diferen\u00e7as de sistemas sociais e ideologias, promover o consenso por meio do di\u00e1logo e tornar realidade o desejo dos povos por uma vida melhor.<\/p>\n<p>O presidente chin\u00eas acrescentou que a China e a Espanha apoiam\u00a0o papel central das Na\u00e7\u00f5es Unidas nos assuntos internacionais\u00a0e defendem\u00a0as regras do livre com\u00e9rcio,\u00a0al\u00e9m de uma ordem econ\u00f4mica global mais justa e equilibrada.<\/p>\n<p><img decoding=\"async\" src=\"https:\/\/38picres.cgtn.com\/photoAlbum\/page\/performance\/img\/2025\/11\/12\/1762932563445_374.jpeg\" \/><\/p>\n<p>Por sua vez, o rei Felipe VI\u00a0expressou admira\u00e7\u00e3o pelo\u00a0progresso da China, especialmente em \u00e1reas como o\u00a0al\u00edvio da pobreza\u00a0e a transi\u00e7\u00e3o para uma economia verde. O monarca reiterou o apoio da Espanha \u00e0\u00a0pol\u00edtica de Uma S\u00f3 China e\u00a0\u00e0\u00a0integridade territorial\u00a0do pa\u00eds asi\u00e1tico. Ele afirmou ainda que a Espanha pretende fortalecer\u00a0a parceria estrat\u00e9gica abrangente com a China,\u00a0em benef\u00edcio dos dois povos e da\u00a0paz mundial.<\/p>\n<p>Felipe VI destacou que o\u00a0investimento chin\u00eas\u00a0tem contribu\u00eddo para\u00a0o desenvolvimento econ\u00f4mico e a transi\u00e7\u00e3o verde da Espanha,\u00a0e expressou o desejo de intensificar o di\u00e1logo bilateral.\u00a0O rei tamb\u00e9m elogiou\u00a0as quatro iniciativas globais\u00a0propostas por Xi Jinping e afirmou que a Espanha est\u00e1 disposta a\u00a0trabalhar junto com a China para\u00a0enfrentar as incertezas internacionais,\u00a0defender\u00a0o livre com\u00e9rcio e promover o crescimento econ\u00f4mico global.<\/p>\n<p>Ap\u00f3s o encontro, os dois chefes de Estado testemunharam a assinatura de dez acordos\u00a0de coopera\u00e7\u00e3o nas \u00e1reas de economia, com\u00e9rcio, ci\u00eancia, tecnologia e educa\u00e7\u00e3o.<\/p>\n","protected":false},"excerpt":{"rendered":"<p>O presidente chin\u00eas, Xi Jinping, reuniu-se\u00a0nesta quarta-feira\u00a0(12)\u00a0com o rei Felipe VI da Espanha no Grande Pal\u00e1cio do Povo,\u00a0em Beijing.\u00a0O monarca espanhol realiza uma visita de Estado \u00e0\u00a0China. Xi Jinping\u00a0deu as boas-vindas ao rei Felipe VI e destacou os la\u00e7os hist\u00f3ricos&#8230;<\/p>\n","protected":false},"author":5,"featured_media":0,"comment_status":"open","ping_status":"open","sticky":false,"template":"","format":"standard","meta":{"footnotes":""},"categories":[3],"tags":[],"class_list":["post-10101","post","type-post","status-publish","format-standard","hentry","category-china"],"yoast_head":"<!-- This site is optimized with the Yoast SEO plugin v27.4 - https:\/\/yoast.com\/product\/yoast-seo-wordpress\/ -->\n<title>Xi Jinping re\u00fane-se com rei da Espanha em Beijing - CRI e Diario de Pernambuco<\/title>\n<meta name=\"robots\" content=\"index, follow, max-snippet:-1, max-image-preview:large, max-video-preview:-1\" \/>\n<link rel=\"canonical\" href=\"https:\/\/diariodepe.com.br\/cri\/2025\/12\/11\/xi-jinping-reune-se-com-rei-da-espanha-em-beijing\/\" \/>\n<meta property=\"og:locale\" content=\"pt_BR\" \/>\n<meta property=\"og:type\" content=\"article\" \/>\n<meta property=\"og:title\" content=\"Xi Jinping re\u00fane-se com rei da Espanha em Beijing - CRI e Diario de Pernambuco\" \/>\n<meta property=\"og:description\" content=\"O presidente chin\u00eas, Xi Jinping, reuniu-se\u00a0nesta quarta-feira\u00a0(12)\u00a0com o rei Felipe VI da Espanha no Grande Pal\u00e1cio do Povo,\u00a0em Beijing.\u00a0O monarca espanhol realiza uma visita de Estado \u00e0\u00a0China. Xi Jinping\u00a0deu as boas-vindas ao rei Felipe VI e destacou os la\u00e7os hist\u00f3ricos...\" \/>\n<meta property=\"og:url\" content=\"https:\/\/diariodepe.com.br\/cri\/2025\/12\/11\/xi-jinping-reune-se-com-rei-da-espanha-em-beijing\/\" \/>\n<meta property=\"og:site_name\" content=\"CRI e Diario de Pernambuco\" \/>\n<meta property=\"article:published_time\" content=\"2025-12-11T06:56:28+00:00\" \/>\n<meta property=\"og:image\" content=\"https:\/\/38picres.cgtn.com\/photoAlbum\/page\/performance\/img\/2025\/11\/12\/1762932547037_276.jpeg\" \/>\n<meta name=\"author\" content=\"CRI Portugu\u00eas\" \/>\n<meta name=\"twitter:card\" content=\"summary_large_image\" \/>\n<meta name=\"twitter:label1\" content=\"Escrito por\" \/>\n\t<meta name=\"twitter:data1\" content=\"CRI Portugu\u00eas\" \/>\n\t<meta name=\"twitter:label2\" content=\"Est. tempo de leitura\" \/>\n\t<meta name=\"twitter:data2\" content=\"4 minutos\" \/>\n<script type=\"application\/ld+json\" class=\"yoast-schema-graph\">{\"@context\":\"https:\\\/\\\/schema.org\",\"@graph\":[{\"@type\":\"Article\",\"@id\":\"https:\\\/\\\/diariodepe.com.br\\\/cri\\\/2025\\\/12\\\/11\\\/xi-jinping-reune-se-com-rei-da-espanha-em-beijing\\\/#article\",\"isPartOf\":{\"@id\":\"https:\\\/\\\/diariodepe.com.br\\\/cri\\\/2025\\\/12\\\/11\\\/xi-jinping-reune-se-com-rei-da-espanha-em-beijing\\\/\"},\"author\":{\"name\":\"CRI Portugu\u00eas\",\"@id\":\"https:\\\/\\\/diariodepe.com.br\\\/cri\\\/#\\\/schema\\\/person\\\/e474aead631cd4098632e11d3fbce118\"},\"headline\":\"Xi Jinping re\u00fane-se com rei da Espanha em Beijing\",\"datePublished\":\"2025-12-11T06:56:28+00:00\",\"mainEntityOfPage\":{\"@id\":\"https:\\\/\\\/diariodepe.com.br\\\/cri\\\/2025\\\/12\\\/11\\\/xi-jinping-reune-se-com-rei-da-espanha-em-beijing\\\/\"},\"wordCount\":590,\"commentCount\":0,\"publisher\":{\"@id\":\"https:\\\/\\\/diariodepe.com.br\\\/cri\\\/#organization\"},\"image\":{\"@id\":\"https:\\\/\\\/diariodepe.com.br\\\/cri\\\/2025\\\/12\\\/11\\\/xi-jinping-reune-se-com-rei-da-espanha-em-beijing\\\/#primaryimage\"},\"thumbnailUrl\":\"https:\\\/\\\/38picres.cgtn.com\\\/photoAlbum\\\/page\\\/performance\\\/img\\\/2025\\\/11\\\/12\\\/1762932547037_276.jpeg\",\"articleSection\":[\"China\"],\"inLanguage\":\"pt-BR\",\"potentialAction\":[{\"@type\":\"CommentAction\",\"name\":\"Comment\",\"target\":[\"https:\\\/\\\/diariodepe.com.br\\\/cri\\\/2025\\\/12\\\/11\\\/xi-jinping-reune-se-com-rei-da-espanha-em-beijing\\\/#respond\"]}]},{\"@type\":\"WebPage\",\"@id\":\"https:\\\/\\\/diariodepe.com.br\\\/cri\\\/2025\\\/12\\\/11\\\/xi-jinping-reune-se-com-rei-da-espanha-em-beijing\\\/\",\"url\":\"https:\\\/\\\/diariodepe.com.br\\\/cri\\\/2025\\\/12\\\/11\\\/xi-jinping-reune-se-com-rei-da-espanha-em-beijing\\\/\",\"name\":\"Xi Jinping re\u00fane-se com rei da Espanha em Beijing - CRI e Diario de Pernambuco\",\"isPartOf\":{\"@id\":\"https:\\\/\\\/diariodepe.com.br\\\/cri\\\/#website\"},\"primaryImageOfPage\":{\"@id\":\"https:\\\/\\\/diariodepe.com.br\\\/cri\\\/2025\\\/12\\\/11\\\/xi-jinping-reune-se-com-rei-da-espanha-em-beijing\\\/#primaryimage\"},\"image\":{\"@id\":\"https:\\\/\\\/diariodepe.com.br\\\/cri\\\/2025\\\/12\\\/11\\\/xi-jinping-reune-se-com-rei-da-espanha-em-beijing\\\/#primaryimage\"},\"thumbnailUrl\":\"https:\\\/\\\/38picres.cgtn.com\\\/photoAlbum\\\/page\\\/performance\\\/img\\\/2025\\\/11\\\/12\\\/1762932547037_276.jpeg\",\"datePublished\":\"2025-12-11T06:56:28+00:00\",\"breadcrumb\":{\"@id\":\"https:\\\/\\\/diariodepe.com.br\\\/cri\\\/2025\\\/12\\\/11\\\/xi-jinping-reune-se-com-rei-da-espanha-em-beijing\\\/#breadcrumb\"},\"inLanguage\":\"pt-BR\",\"potentialAction\":[{\"@type\":\"ReadAction\",\"target\":[\"https:\\\/\\\/diariodepe.com.br\\\/cri\\\/2025\\\/12\\\/11\\\/xi-jinping-reune-se-com-rei-da-espanha-em-beijing\\\/\"]}]},{\"@type\":\"ImageObject\",\"inLanguage\":\"pt-BR\",\"@id\":\"https:\\\/\\\/diariodepe.com.br\\\/cri\\\/2025\\\/12\\\/11\\\/xi-jinping-reune-se-com-rei-da-espanha-em-beijing\\\/#primaryimage\",\"url\":\"https:\\\/\\\/38picres.cgtn.com\\\/photoAlbum\\\/page\\\/performance\\\/img\\\/2025\\\/11\\\/12\\\/1762932547037_276.jpeg\",\"contentUrl\":\"https:\\\/\\\/38picres.cgtn.com\\\/photoAlbum\\\/page\\\/performance\\\/img\\\/2025\\\/11\\\/12\\\/1762932547037_276.jpeg\"},{\"@type\":\"BreadcrumbList\",\"@id\":\"https:\\\/\\\/diariodepe.com.br\\\/cri\\\/2025\\\/12\\\/11\\\/xi-jinping-reune-se-com-rei-da-espanha-em-beijing\\\/#breadcrumb\",\"itemListElement\":[{\"@type\":\"ListItem\",\"position\":1,\"name\":\"In\u00edcio\",\"item\":\"https:\\\/\\\/diariodepe.com.br\\\/cri\\\/\"},{\"@type\":\"ListItem\",\"position\":2,\"name\":\"Xi Jinping re\u00fane-se com rei da Espanha em Beijing\"}]},{\"@type\":\"WebSite\",\"@id\":\"https:\\\/\\\/diariodepe.com.br\\\/cri\\\/#website\",\"url\":\"https:\\\/\\\/diariodepe.com.br\\\/cri\\\/\",\"name\":\"CRI e Diario de Pernambuco\",\"description\":\"R\u00e1dio Internacional da China\",\"publisher\":{\"@id\":\"https:\\\/\\\/diariodepe.com.br\\\/cri\\\/#organization\"},\"potentialAction\":[{\"@type\":\"SearchAction\",\"target\":{\"@type\":\"EntryPoint\",\"urlTemplate\":\"https:\\\/\\\/diariodepe.com.br\\\/cri\\\/?s={search_term_string}\"},\"query-input\":{\"@type\":\"PropertyValueSpecification\",\"valueRequired\":true,\"valueName\":\"search_term_string\"}}],\"inLanguage\":\"pt-BR\"},{\"@type\":\"Organization\",\"@id\":\"https:\\\/\\\/diariodepe.com.br\\\/cri\\\/#organization\",\"name\":\"CRI e Diario de Pernambuco\",\"url\":\"https:\\\/\\\/diariodepe.com.br\\\/cri\\\/\",\"logo\":{\"@type\":\"ImageObject\",\"inLanguage\":\"pt-BR\",\"@id\":\"https:\\\/\\\/diariodepe.com.br\\\/cri\\\/#\\\/schema\\\/logo\\\/image\\\/\",\"url\":\"https:\\\/\\\/diariodepe.com.br\\\/cri\\\/wp-content\\\/uploads\\\/sites\\\/2\\\/2022\\\/12\\\/cropped-Logo.jpg\",\"contentUrl\":\"https:\\\/\\\/diariodepe.com.br\\\/cri\\\/wp-content\\\/uploads\\\/sites\\\/2\\\/2022\\\/12\\\/cropped-Logo.jpg\",\"width\":700,\"height\":59,\"caption\":\"CRI e Diario de Pernambuco\"},\"image\":{\"@id\":\"https:\\\/\\\/diariodepe.com.br\\\/cri\\\/#\\\/schema\\\/logo\\\/image\\\/\"}},{\"@type\":\"Person\",\"@id\":\"https:\\\/\\\/diariodepe.com.br\\\/cri\\\/#\\\/schema\\\/person\\\/e474aead631cd4098632e11d3fbce118\",\"name\":\"CRI Portugu\u00eas\",\"image\":{\"@type\":\"ImageObject\",\"inLanguage\":\"pt-BR\",\"@id\":\"https:\\\/\\\/secure.gravatar.com\\\/avatar\\\/e2ac889ef882d4dc53091b610766dce49106cf9fe98c76e06745abb0993b2763?s=96&d=mm&r=g\",\"url\":\"https:\\\/\\\/secure.gravatar.com\\\/avatar\\\/e2ac889ef882d4dc53091b610766dce49106cf9fe98c76e06745abb0993b2763?s=96&d=mm&r=g\",\"contentUrl\":\"https:\\\/\\\/secure.gravatar.com\\\/avatar\\\/e2ac889ef882d4dc53091b610766dce49106cf9fe98c76e06745abb0993b2763?s=96&d=mm&r=g\",\"caption\":\"CRI Portugu\u00eas\"},\"sameAs\":[\"https:\\\/\\\/www.diariodepernambuco.com.br\\\/\"],\"url\":\"https:\\\/\\\/diariodepe.com.br\\\/cri\\\/author\\\/agencia-cri\\\/\"}]}<\/script>\n<!-- \/ Yoast SEO plugin. -->","yoast_head_json":{"title":"Xi Jinping re\u00fane-se com rei da Espanha em Beijing - CRI e Diario de Pernambuco","robots":{"index":"index","follow":"follow","max-snippet":"max-snippet:-1","max-image-preview":"max-image-preview:large","max-video-preview":"max-video-preview:-1"},"canonical":"https:\/\/diariodepe.com.br\/cri\/2025\/12\/11\/xi-jinping-reune-se-com-rei-da-espanha-em-beijing\/","og_locale":"pt_BR","og_type":"article","og_title":"Xi Jinping re\u00fane-se com rei da Espanha em Beijing - CRI e Diario de Pernambuco","og_description":"O presidente chin\u00eas, Xi Jinping, reuniu-se\u00a0nesta quarta-feira\u00a0(12)\u00a0com o rei Felipe VI da Espanha no Grande Pal\u00e1cio do Povo,\u00a0em Beijing.\u00a0O monarca espanhol realiza uma visita de Estado \u00e0\u00a0China. Xi Jinping\u00a0deu as boas-vindas ao rei Felipe VI e destacou os la\u00e7os hist\u00f3ricos...","og_url":"https:\/\/diariodepe.com.br\/cri\/2025\/12\/11\/xi-jinping-reune-se-com-rei-da-espanha-em-beijing\/","og_site_name":"CRI e Diario de Pernambuco","article_published_time":"2025-12-11T06:56:28+00:00","og_image":[{"url":"https:\/\/38picres.cgtn.com\/photoAlbum\/page\/performance\/img\/2025\/11\/12\/1762932547037_276.jpeg","type":"","width":"","height":""}],"author":"CRI Portugu\u00eas","twitter_card":"summary_large_image","twitter_misc":{"Escrito por":"CRI Portugu\u00eas","Est. tempo de leitura":"4 minutos"},"schema":{"@context":"https:\/\/schema.org","@graph":[{"@type":"Article","@id":"https:\/\/diariodepe.com.br\/cri\/2025\/12\/11\/xi-jinping-reune-se-com-rei-da-espanha-em-beijing\/#article","isPartOf":{"@id":"https:\/\/diariodepe.com.br\/cri\/2025\/12\/11\/xi-jinping-reune-se-com-rei-da-espanha-em-beijing\/"},"author":{"name":"CRI Portugu\u00eas","@id":"https:\/\/diariodepe.com.br\/cri\/#\/schema\/person\/e474aead631cd4098632e11d3fbce118"},"headline":"Xi Jinping re\u00fane-se com rei da Espanha em Beijing","datePublished":"2025-12-11T06:56:28+00:00","mainEntityOfPage":{"@id":"https:\/\/diariodepe.com.br\/cri\/2025\/12\/11\/xi-jinping-reune-se-com-rei-da-espanha-em-beijing\/"},"wordCount":590,"commentCount":0,"publisher":{"@id":"https:\/\/diariodepe.com.br\/cri\/#organization"},"image":{"@id":"https:\/\/diariodepe.com.br\/cri\/2025\/12\/11\/xi-jinping-reune-se-com-rei-da-espanha-em-beijing\/#primaryimage"},"thumbnailUrl":"https:\/\/38picres.cgtn.com\/photoAlbum\/page\/performance\/img\/2025\/11\/12\/1762932547037_276.jpeg","articleSection":["China"],"inLanguage":"pt-BR","potentialAction":[{"@type":"CommentAction","name":"Comment","target":["https:\/\/diariodepe.com.br\/cri\/2025\/12\/11\/xi-jinping-reune-se-com-rei-da-espanha-em-beijing\/#respond"]}]},{"@type":"WebPage","@id":"https:\/\/diariodepe.com.br\/cri\/2025\/12\/11\/xi-jinping-reune-se-com-rei-da-espanha-em-beijing\/","url":"https:\/\/diariodepe.com.br\/cri\/2025\/12\/11\/xi-jinping-reune-se-com-rei-da-espanha-em-beijing\/","name":"Xi Jinping re\u00fane-se com rei da Espanha em Beijing - CRI e Diario de Pernambuco","isPartOf":{"@id":"https:\/\/diariodepe.com.br\/cri\/#website"},"primaryImageOfPage":{"@id":"https:\/\/diariodepe.com.br\/cri\/2025\/12\/11\/xi-jinping-reune-se-com-rei-da-espanha-em-beijing\/#primaryimage"},"image":{"@id":"https:\/\/diariodepe.com.br\/cri\/2025\/12\/11\/xi-jinping-reune-se-com-rei-da-espanha-em-beijing\/#primaryimage"},"thumbnailUrl":"https:\/\/38picres.cgtn.com\/photoAlbum\/page\/performance\/img\/2025\/11\/12\/1762932547037_276.jpeg","datePublished":"2025-12-11T06:56:28+00:00","breadcrumb":{"@id":"https:\/\/diariodepe.com.br\/cri\/2025\/12\/11\/xi-jinping-reune-se-com-rei-da-espanha-em-beijing\/#breadcrumb"},"inLanguage":"pt-BR","potentialAction":[{"@type":"ReadAction","target":["https:\/\/diariodepe.com.br\/cri\/2025\/12\/11\/xi-jinping-reune-se-com-rei-da-espanha-em-beijing\/"]}]},{"@type":"ImageObject","inLanguage":"pt-BR","@id":"https:\/\/diariodepe.com.br\/cri\/2025\/12\/11\/xi-jinping-reune-se-com-rei-da-espanha-em-beijing\/#primaryimage","url":"https:\/\/38picres.cgtn.com\/photoAlbum\/page\/performance\/img\/2025\/11\/12\/1762932547037_276.jpeg","contentUrl":"https:\/\/38picres.cgtn.com\/photoAlbum\/page\/performance\/img\/2025\/11\/12\/1762932547037_276.jpeg"},{"@type":"BreadcrumbList","@id":"https:\/\/diariodepe.com.br\/cri\/2025\/12\/11\/xi-jinping-reune-se-com-rei-da-espanha-em-beijing\/#breadcrumb","itemListElement":[{"@type":"ListItem","position":1,"name":"In\u00edcio","item":"https:\/\/diariodepe.com.br\/cri\/"},{"@type":"ListItem","position":2,"name":"Xi Jinping re\u00fane-se com rei da Espanha em Beijing"}]},{"@type":"WebSite","@id":"https:\/\/diariodepe.com.br\/cri\/#website","url":"https:\/\/diariodepe.com.br\/cri\/","name":"CRI e Diario de Pernambuco","description":"R\u00e1dio Internacional da China","publisher":{"@id":"https:\/\/diariodepe.com.br\/cri\/#organization"},"potentialAction":[{"@type":"SearchAction","target":{"@type":"EntryPoint","urlTemplate":"https:\/\/diariodepe.com.br\/cri\/?s={search_term_string}"},"query-input":{"@type":"PropertyValueSpecification","valueRequired":true,"valueName":"search_term_string"}}],"inLanguage":"pt-BR"},{"@type":"Organization","@id":"https:\/\/diariodepe.com.br\/cri\/#organization","name":"CRI e Diario de Pernambuco","url":"https:\/\/diariodepe.com.br\/cri\/","logo":{"@type":"ImageObject","inLanguage":"pt-BR","@id":"https:\/\/diariodepe.com.br\/cri\/#\/schema\/logo\/image\/","url":"https:\/\/diariodepe.com.br\/cri\/wp-content\/uploads\/sites\/2\/2022\/12\/cropped-Logo.jpg","contentUrl":"https:\/\/diariodepe.com.br\/cri\/wp-content\/uploads\/sites\/2\/2022\/12\/cropped-Logo.jpg","width":700,"height":59,"caption":"CRI e Diario de Pernambuco"},"image":{"@id":"https:\/\/diariodepe.com.br\/cri\/#\/schema\/logo\/image\/"}},{"@type":"Person","@id":"https:\/\/diariodepe.com.br\/cri\/#\/schema\/person\/e474aead631cd4098632e11d3fbce118","name":"CRI Portugu\u00eas","image":{"@type":"ImageObject","inLanguage":"pt-BR","@id":"https:\/\/secure.gravatar.com\/avatar\/e2ac889ef882d4dc53091b610766dce49106cf9fe98c76e06745abb0993b2763?s=96&d=mm&r=g","url":"https:\/\/secure.gravatar.com\/avatar\/e2ac889ef882d4dc53091b610766dce49106cf9fe98c76e06745abb0993b2763?s=96&d=mm&r=g","contentUrl":"https:\/\/secure.gravatar.com\/avatar\/e2ac889ef882d4dc53091b610766dce49106cf9fe98c76e06745abb0993b2763?s=96&d=mm&r=g","caption":"CRI Portugu\u00eas"},"sameAs":["https:\/\/www.diariodepernambuco.com.br\/"],"url":"https:\/\/diariodepe.com.br\/cri\/author\/agencia-cri\/"}]}},"cc_featured_image_caption":{"caption_text":"","source_text":"","source_url":""},"amp_enabled":true,"_links":{"self":[{"href":"https:\/\/diariodepe.com.br\/cri\/wp-json\/wp\/v2\/posts\/10101","targetHints":{"allow":["GET"]}}],"collection":[{"href":"https:\/\/diariodepe.com.br\/cri\/wp-json\/wp\/v2\/posts"}],"about":[{"href":"https:\/\/diariodepe.com.br\/cri\/wp-json\/wp\/v2\/types\/post"}],"author":[{"embeddable":true,"href":"https:\/\/diariodepe.com.br\/cri\/wp-json\/wp\/v2\/users\/5"}],"replies":[{"embeddable":true,"href":"https:\/\/diariodepe.com.br\/cri\/wp-json\/wp\/v2\/comments?post=10101"}],"version-history":[{"count":1,"href":"https:\/\/diariodepe.com.br\/cri\/wp-json\/wp\/v2\/posts\/10101\/revisions"}],"predecessor-version":[{"id":10102,"href":"https:\/\/diariodepe.com.br\/cri\/wp-json\/wp\/v2\/posts\/10101\/revisions\/10102"}],"wp:attachment":[{"href":"https:\/\/diariodepe.com.br\/cri\/wp-json\/wp\/v2\/media?parent=10101"}],"wp:term":[{"taxonomy":"category","embeddable":true,"href":"https:\/\/diariodepe.com.br\/cri\/wp-json\/wp\/v2\/categories?post=10101"},{"taxonomy":"post_tag","embeddable":true,"href":"https:\/\/diariodepe.com.br\/cri\/wp-json\/wp\/v2\/tags?post=10101"}],"curies":[{"name":"wp","href":"https:\/\/api.w.org\/{rel}","templated":true}]}}