{"id":10097,"date":"2025-12-11T03:55:23","date_gmt":"2025-12-11T06:55:23","guid":{"rendered":"https:\/\/diariodepe.com.br\/cri\/?p=10097"},"modified":"2025-12-11T03:55:23","modified_gmt":"2025-12-11T06:55:23","slug":"entendendo-a-confianca-e-a-responsabilidade-da-china-em-abertura-na-ciie-2","status":"publish","type":"post","link":"https:\/\/diariodepe.com.br\/cri\/2025\/12\/11\/entendendo-a-confianca-e-a-responsabilidade-da-china-em-abertura-na-ciie-2\/","title":{"rendered":"Entendendo a confian\u00e7a e a responsabilidade da China em abertura na CIIE"},"content":{"rendered":"<p><img decoding=\"async\" src=\"https:\/\/38picres.cgtn.com\/photoAlbum\/page\/performance\/img\/2025\/11\/11\/1762842402368_449.png\" \/><\/p>\n<p>No dia 10, foi encerrada a oitava Exposi\u00e7\u00e3o Internacional de Importa\u00e7\u00e3o da China (CIIE),\u00a0em Shanghai. Os dados mostram que\u00a0esta edi\u00e7\u00e3o\u00a0alcan\u00e7ou resultados expressivos:<\/p>\n<p>&#8211;\u00a0O\u00a0valor das inten\u00e7\u00f5es de negocia\u00e7\u00e3o, calculado anualmente, atingiu US$ 83,49 bilh\u00f5es, um aumento de 4,4% em rela\u00e7\u00e3o \u00e0 edi\u00e7\u00e3o anterior,\u00a0alcan\u00e7ando\u00a0um novo recorde hist\u00f3rico;<\/p>\n<p>&#8211;\u00a0O\u00a0n\u00famero de empresas participantes\u00a0cresceu\u00a0em mais de 600 em compara\u00e7\u00e3o com o ano passado,\u00a0incluindo\u00a0290 empresas\u00a0da\u00a0Fortune Global 500 e l\u00edderes\u00a0de setor;<\/p>\n<p>&#8211;\u00a0Foram lan\u00e7ados e exibidos,\u00a0pela primeira vez, 461 novos produtos, tecnologias e servi\u00e7os;<\/p>\n<p>&#8211;\u00a0Foram\u00a0estabelecidas,\u00a0pela primeira vez,\u00a0uma \u00e1rea especial para pa\u00edses\u00a0em desenvolvimento\u00a0e uma\u00a0\u00e1rea de servi\u00e7os de com\u00e9rcio eletr\u00f4nico transfronteiri\u00e7o.<\/p>\n<p>A CIIE \u00e9 a \u00fanica feira\u00a0mundial dedicada \u00e0 importa\u00e7\u00e3o e serve como uma plataforma estrat\u00e9gica para a China avan\u00e7ar na\u00a0abertura de alto n\u00edvel.\u00a0Na\u00a0recente Quarta Sess\u00e3o\u00a0Plen\u00e1ria do 20\u00ba Comit\u00ea Central do Partido Comunista da China,\u00a0foi dedicado um cap\u00edtulo\u00a0\u00e0 expans\u00e3o\u00a0dessa abertura, definindo\u00a0tarefas importantes,\u00a0incluindo a promo\u00e7\u00e3o\u00a0ativa da abertura aut\u00f4noma.<\/p>\n<p>Atualmente, o unilateralismo e o protecionismo est\u00e3o em ascens\u00e3o, e o mercado se tornou o recurso mais escasso do mundo. Por outro lado, a maioria dos pa\u00edses em desenvolvimento\u00a0mant\u00e9m um forte desejo de crescimento\u00a0e anseia por promover seu pr\u00f3prio desenvolvimento\u00a0por meio\u00a0da participa\u00e7\u00e3o na divis\u00e3o internacional do trabalho. Nesse contexto, a cont\u00ednua expans\u00e3o da China para uma abertura de alto n\u00edvel e a expans\u00e3o ativa da abertura aut\u00f4noma n\u00e3o s\u00f3 est\u00e3o em conformidade com as leis do mercado,\u00a0como\u00a0tamb\u00e9m atendem ao desejo das pessoas por desenvolvimento e\u00a0por\u00a0uma vida\u00a0melhor.<\/p>\n<p align=\"justify\">Do ponto de vista\u00a0do mercado\u00a0interno, a China\u00a0possui\u00a0base e for\u00e7a para expandir ativamente sua abertura aut\u00f4noma. Uma\u00a0economia s\u00f3lida e resiliente permite que o pa\u00eds\u00a0promova a abertura de forma independente, sem ser afetado\u00a0por um ambiente externo complexo.<\/p>\n<p>Um mercado\u00a0de grande escala,\u00a0inova\u00e7\u00e3o tecnol\u00f3gica vibrante e um ambiente de neg\u00f3cios em constante otimiza\u00e7\u00e3o tamb\u00e9m permitem que a China, em vez de buscar unilateralmente a &#8220;reciprocidade&#8221;, conceda prefer\u00eancias e compartilhe oportunidades de desenvolvimento com o mundo.<\/p>\n<p>Como disse Kishore Mahbubani, acad\u00eamico em\u00e9rito do Instituto de Estudos Asi\u00e1ticos da Universidade Nacional de Singapura: &#8220;A China tem uma tradi\u00e7\u00e3o de abertura desde os tempos antigos, e a tend\u00eancia mundial de abertura \u00e9 impar\u00e1vel.&#8221;<\/p>\n","protected":false},"excerpt":{"rendered":"<p>No dia 10, foi encerrada a oitava Exposi\u00e7\u00e3o Internacional de Importa\u00e7\u00e3o da China (CIIE),\u00a0em Shanghai. Os dados mostram que\u00a0esta edi\u00e7\u00e3o\u00a0alcan\u00e7ou resultados expressivos: &#8211;\u00a0O\u00a0valor das inten\u00e7\u00f5es de negocia\u00e7\u00e3o, calculado anualmente, atingiu US$ 83,49 bilh\u00f5es, um aumento de 4,4% em rela\u00e7\u00e3o \u00e0&#8230;<\/p>\n","protected":false},"author":5,"featured_media":0,"comment_status":"open","ping_status":"open","sticky":false,"template":"","format":"standard","meta":{"footnotes":""},"categories":[7],"tags":[],"class_list":["post-10097","post","type-post","status-publish","format-standard","hentry","category-visao"],"yoast_head":"<!-- This site is optimized with the Yoast SEO plugin v27.4 - https:\/\/yoast.com\/product\/yoast-seo-wordpress\/ -->\n<title>Entendendo a confian\u00e7a e a responsabilidade da China em abertura na CIIE - CRI e Diario de Pernambuco<\/title>\n<meta name=\"robots\" content=\"index, follow, max-snippet:-1, max-image-preview:large, max-video-preview:-1\" \/>\n<link rel=\"canonical\" href=\"https:\/\/diariodepe.com.br\/cri\/2025\/12\/11\/entendendo-a-confianca-e-a-responsabilidade-da-china-em-abertura-na-ciie-2\/\" \/>\n<meta property=\"og:locale\" content=\"pt_BR\" \/>\n<meta property=\"og:type\" content=\"article\" \/>\n<meta property=\"og:title\" content=\"Entendendo a confian\u00e7a e a responsabilidade da China em abertura na CIIE - CRI e Diario de Pernambuco\" \/>\n<meta property=\"og:description\" content=\"No dia 10, foi encerrada a oitava Exposi\u00e7\u00e3o Internacional de Importa\u00e7\u00e3o da China (CIIE),\u00a0em Shanghai. Os dados mostram que\u00a0esta edi\u00e7\u00e3o\u00a0alcan\u00e7ou resultados expressivos: &#8211;\u00a0O\u00a0valor das inten\u00e7\u00f5es de negocia\u00e7\u00e3o, calculado anualmente, atingiu US$ 83,49 bilh\u00f5es, um aumento de 4,4% em rela\u00e7\u00e3o \u00e0...\" \/>\n<meta property=\"og:url\" content=\"https:\/\/diariodepe.com.br\/cri\/2025\/12\/11\/entendendo-a-confianca-e-a-responsabilidade-da-china-em-abertura-na-ciie-2\/\" \/>\n<meta property=\"og:site_name\" content=\"CRI e Diario de Pernambuco\" \/>\n<meta property=\"article:published_time\" content=\"2025-12-11T06:55:23+00:00\" \/>\n<meta property=\"og:image\" content=\"https:\/\/38picres.cgtn.com\/photoAlbum\/page\/performance\/img\/2025\/11\/11\/1762842402368_449.png\" \/>\n<meta name=\"author\" content=\"CRI Portugu\u00eas\" \/>\n<meta name=\"twitter:card\" content=\"summary_large_image\" \/>\n<meta name=\"twitter:label1\" content=\"Escrito por\" \/>\n\t<meta name=\"twitter:data1\" content=\"CRI Portugu\u00eas\" \/>\n\t<meta name=\"twitter:label2\" content=\"Est. tempo de leitura\" \/>\n\t<meta name=\"twitter:data2\" content=\"3 minutos\" \/>\n<script type=\"application\/ld+json\" class=\"yoast-schema-graph\">{\"@context\":\"https:\\\/\\\/schema.org\",\"@graph\":[{\"@type\":\"Article\",\"@id\":\"https:\\\/\\\/diariodepe.com.br\\\/cri\\\/2025\\\/12\\\/11\\\/entendendo-a-confianca-e-a-responsabilidade-da-china-em-abertura-na-ciie-2\\\/#article\",\"isPartOf\":{\"@id\":\"https:\\\/\\\/diariodepe.com.br\\\/cri\\\/2025\\\/12\\\/11\\\/entendendo-a-confianca-e-a-responsabilidade-da-china-em-abertura-na-ciie-2\\\/\"},\"author\":{\"name\":\"CRI Portugu\u00eas\",\"@id\":\"https:\\\/\\\/diariodepe.com.br\\\/cri\\\/#\\\/schema\\\/person\\\/e474aead631cd4098632e11d3fbce118\"},\"headline\":\"Entendendo a confian\u00e7a e a responsabilidade da China em abertura na CIIE\",\"datePublished\":\"2025-12-11T06:55:23+00:00\",\"mainEntityOfPage\":{\"@id\":\"https:\\\/\\\/diariodepe.com.br\\\/cri\\\/2025\\\/12\\\/11\\\/entendendo-a-confianca-e-a-responsabilidade-da-china-em-abertura-na-ciie-2\\\/\"},\"wordCount\":445,\"commentCount\":0,\"publisher\":{\"@id\":\"https:\\\/\\\/diariodepe.com.br\\\/cri\\\/#organization\"},\"image\":{\"@id\":\"https:\\\/\\\/diariodepe.com.br\\\/cri\\\/2025\\\/12\\\/11\\\/entendendo-a-confianca-e-a-responsabilidade-da-china-em-abertura-na-ciie-2\\\/#primaryimage\"},\"thumbnailUrl\":\"https:\\\/\\\/38picres.cgtn.com\\\/photoAlbum\\\/page\\\/performance\\\/img\\\/2025\\\/11\\\/11\\\/1762842402368_449.png\",\"articleSection\":[\"Vis\u00e3o\"],\"inLanguage\":\"pt-BR\",\"potentialAction\":[{\"@type\":\"CommentAction\",\"name\":\"Comment\",\"target\":[\"https:\\\/\\\/diariodepe.com.br\\\/cri\\\/2025\\\/12\\\/11\\\/entendendo-a-confianca-e-a-responsabilidade-da-china-em-abertura-na-ciie-2\\\/#respond\"]}]},{\"@type\":\"WebPage\",\"@id\":\"https:\\\/\\\/diariodepe.com.br\\\/cri\\\/2025\\\/12\\\/11\\\/entendendo-a-confianca-e-a-responsabilidade-da-china-em-abertura-na-ciie-2\\\/\",\"url\":\"https:\\\/\\\/diariodepe.com.br\\\/cri\\\/2025\\\/12\\\/11\\\/entendendo-a-confianca-e-a-responsabilidade-da-china-em-abertura-na-ciie-2\\\/\",\"name\":\"Entendendo a confian\u00e7a e a responsabilidade da China em abertura na CIIE - CRI e Diario de Pernambuco\",\"isPartOf\":{\"@id\":\"https:\\\/\\\/diariodepe.com.br\\\/cri\\\/#website\"},\"primaryImageOfPage\":{\"@id\":\"https:\\\/\\\/diariodepe.com.br\\\/cri\\\/2025\\\/12\\\/11\\\/entendendo-a-confianca-e-a-responsabilidade-da-china-em-abertura-na-ciie-2\\\/#primaryimage\"},\"image\":{\"@id\":\"https:\\\/\\\/diariodepe.com.br\\\/cri\\\/2025\\\/12\\\/11\\\/entendendo-a-confianca-e-a-responsabilidade-da-china-em-abertura-na-ciie-2\\\/#primaryimage\"},\"thumbnailUrl\":\"https:\\\/\\\/38picres.cgtn.com\\\/photoAlbum\\\/page\\\/performance\\\/img\\\/2025\\\/11\\\/11\\\/1762842402368_449.png\",\"datePublished\":\"2025-12-11T06:55:23+00:00\",\"breadcrumb\":{\"@id\":\"https:\\\/\\\/diariodepe.com.br\\\/cri\\\/2025\\\/12\\\/11\\\/entendendo-a-confianca-e-a-responsabilidade-da-china-em-abertura-na-ciie-2\\\/#breadcrumb\"},\"inLanguage\":\"pt-BR\",\"potentialAction\":[{\"@type\":\"ReadAction\",\"target\":[\"https:\\\/\\\/diariodepe.com.br\\\/cri\\\/2025\\\/12\\\/11\\\/entendendo-a-confianca-e-a-responsabilidade-da-china-em-abertura-na-ciie-2\\\/\"]}]},{\"@type\":\"ImageObject\",\"inLanguage\":\"pt-BR\",\"@id\":\"https:\\\/\\\/diariodepe.com.br\\\/cri\\\/2025\\\/12\\\/11\\\/entendendo-a-confianca-e-a-responsabilidade-da-china-em-abertura-na-ciie-2\\\/#primaryimage\",\"url\":\"https:\\\/\\\/38picres.cgtn.com\\\/photoAlbum\\\/page\\\/performance\\\/img\\\/2025\\\/11\\\/11\\\/1762842402368_449.png\",\"contentUrl\":\"https:\\\/\\\/38picres.cgtn.com\\\/photoAlbum\\\/page\\\/performance\\\/img\\\/2025\\\/11\\\/11\\\/1762842402368_449.png\"},{\"@type\":\"BreadcrumbList\",\"@id\":\"https:\\\/\\\/diariodepe.com.br\\\/cri\\\/2025\\\/12\\\/11\\\/entendendo-a-confianca-e-a-responsabilidade-da-china-em-abertura-na-ciie-2\\\/#breadcrumb\",\"itemListElement\":[{\"@type\":\"ListItem\",\"position\":1,\"name\":\"In\u00edcio\",\"item\":\"https:\\\/\\\/diariodepe.com.br\\\/cri\\\/\"},{\"@type\":\"ListItem\",\"position\":2,\"name\":\"Entendendo a confian\u00e7a e a responsabilidade da China em abertura na CIIE\"}]},{\"@type\":\"WebSite\",\"@id\":\"https:\\\/\\\/diariodepe.com.br\\\/cri\\\/#website\",\"url\":\"https:\\\/\\\/diariodepe.com.br\\\/cri\\\/\",\"name\":\"CRI e Diario de Pernambuco\",\"description\":\"R\u00e1dio Internacional da China\",\"publisher\":{\"@id\":\"https:\\\/\\\/diariodepe.com.br\\\/cri\\\/#organization\"},\"potentialAction\":[{\"@type\":\"SearchAction\",\"target\":{\"@type\":\"EntryPoint\",\"urlTemplate\":\"https:\\\/\\\/diariodepe.com.br\\\/cri\\\/?s={search_term_string}\"},\"query-input\":{\"@type\":\"PropertyValueSpecification\",\"valueRequired\":true,\"valueName\":\"search_term_string\"}}],\"inLanguage\":\"pt-BR\"},{\"@type\":\"Organization\",\"@id\":\"https:\\\/\\\/diariodepe.com.br\\\/cri\\\/#organization\",\"name\":\"CRI e Diario de Pernambuco\",\"url\":\"https:\\\/\\\/diariodepe.com.br\\\/cri\\\/\",\"logo\":{\"@type\":\"ImageObject\",\"inLanguage\":\"pt-BR\",\"@id\":\"https:\\\/\\\/diariodepe.com.br\\\/cri\\\/#\\\/schema\\\/logo\\\/image\\\/\",\"url\":\"https:\\\/\\\/diariodepe.com.br\\\/cri\\\/wp-content\\\/uploads\\\/sites\\\/2\\\/2022\\\/12\\\/cropped-Logo.jpg\",\"contentUrl\":\"https:\\\/\\\/diariodepe.com.br\\\/cri\\\/wp-content\\\/uploads\\\/sites\\\/2\\\/2022\\\/12\\\/cropped-Logo.jpg\",\"width\":700,\"height\":59,\"caption\":\"CRI e Diario de Pernambuco\"},\"image\":{\"@id\":\"https:\\\/\\\/diariodepe.com.br\\\/cri\\\/#\\\/schema\\\/logo\\\/image\\\/\"}},{\"@type\":\"Person\",\"@id\":\"https:\\\/\\\/diariodepe.com.br\\\/cri\\\/#\\\/schema\\\/person\\\/e474aead631cd4098632e11d3fbce118\",\"name\":\"CRI Portugu\u00eas\",\"image\":{\"@type\":\"ImageObject\",\"inLanguage\":\"pt-BR\",\"@id\":\"https:\\\/\\\/secure.gravatar.com\\\/avatar\\\/e2ac889ef882d4dc53091b610766dce49106cf9fe98c76e06745abb0993b2763?s=96&d=mm&r=g\",\"url\":\"https:\\\/\\\/secure.gravatar.com\\\/avatar\\\/e2ac889ef882d4dc53091b610766dce49106cf9fe98c76e06745abb0993b2763?s=96&d=mm&r=g\",\"contentUrl\":\"https:\\\/\\\/secure.gravatar.com\\\/avatar\\\/e2ac889ef882d4dc53091b610766dce49106cf9fe98c76e06745abb0993b2763?s=96&d=mm&r=g\",\"caption\":\"CRI Portugu\u00eas\"},\"sameAs\":[\"https:\\\/\\\/www.diariodepernambuco.com.br\\\/\"],\"url\":\"https:\\\/\\\/diariodepe.com.br\\\/cri\\\/author\\\/agencia-cri\\\/\"}]}<\/script>\n<!-- \/ Yoast SEO plugin. -->","yoast_head_json":{"title":"Entendendo a confian\u00e7a e a responsabilidade da China em abertura na CIIE - CRI e Diario de Pernambuco","robots":{"index":"index","follow":"follow","max-snippet":"max-snippet:-1","max-image-preview":"max-image-preview:large","max-video-preview":"max-video-preview:-1"},"canonical":"https:\/\/diariodepe.com.br\/cri\/2025\/12\/11\/entendendo-a-confianca-e-a-responsabilidade-da-china-em-abertura-na-ciie-2\/","og_locale":"pt_BR","og_type":"article","og_title":"Entendendo a confian\u00e7a e a responsabilidade da China em abertura na CIIE - CRI e Diario de Pernambuco","og_description":"No dia 10, foi encerrada a oitava Exposi\u00e7\u00e3o Internacional de Importa\u00e7\u00e3o da China (CIIE),\u00a0em Shanghai. Os dados mostram que\u00a0esta edi\u00e7\u00e3o\u00a0alcan\u00e7ou resultados expressivos: &#8211;\u00a0O\u00a0valor das inten\u00e7\u00f5es de negocia\u00e7\u00e3o, calculado anualmente, atingiu US$ 83,49 bilh\u00f5es, um aumento de 4,4% em rela\u00e7\u00e3o \u00e0...","og_url":"https:\/\/diariodepe.com.br\/cri\/2025\/12\/11\/entendendo-a-confianca-e-a-responsabilidade-da-china-em-abertura-na-ciie-2\/","og_site_name":"CRI e Diario de Pernambuco","article_published_time":"2025-12-11T06:55:23+00:00","og_image":[{"url":"https:\/\/38picres.cgtn.com\/photoAlbum\/page\/performance\/img\/2025\/11\/11\/1762842402368_449.png","type":"","width":"","height":""}],"author":"CRI Portugu\u00eas","twitter_card":"summary_large_image","twitter_misc":{"Escrito por":"CRI Portugu\u00eas","Est. tempo de leitura":"3 minutos"},"schema":{"@context":"https:\/\/schema.org","@graph":[{"@type":"Article","@id":"https:\/\/diariodepe.com.br\/cri\/2025\/12\/11\/entendendo-a-confianca-e-a-responsabilidade-da-china-em-abertura-na-ciie-2\/#article","isPartOf":{"@id":"https:\/\/diariodepe.com.br\/cri\/2025\/12\/11\/entendendo-a-confianca-e-a-responsabilidade-da-china-em-abertura-na-ciie-2\/"},"author":{"name":"CRI Portugu\u00eas","@id":"https:\/\/diariodepe.com.br\/cri\/#\/schema\/person\/e474aead631cd4098632e11d3fbce118"},"headline":"Entendendo a confian\u00e7a e a responsabilidade da China em abertura na CIIE","datePublished":"2025-12-11T06:55:23+00:00","mainEntityOfPage":{"@id":"https:\/\/diariodepe.com.br\/cri\/2025\/12\/11\/entendendo-a-confianca-e-a-responsabilidade-da-china-em-abertura-na-ciie-2\/"},"wordCount":445,"commentCount":0,"publisher":{"@id":"https:\/\/diariodepe.com.br\/cri\/#organization"},"image":{"@id":"https:\/\/diariodepe.com.br\/cri\/2025\/12\/11\/entendendo-a-confianca-e-a-responsabilidade-da-china-em-abertura-na-ciie-2\/#primaryimage"},"thumbnailUrl":"https:\/\/38picres.cgtn.com\/photoAlbum\/page\/performance\/img\/2025\/11\/11\/1762842402368_449.png","articleSection":["Vis\u00e3o"],"inLanguage":"pt-BR","potentialAction":[{"@type":"CommentAction","name":"Comment","target":["https:\/\/diariodepe.com.br\/cri\/2025\/12\/11\/entendendo-a-confianca-e-a-responsabilidade-da-china-em-abertura-na-ciie-2\/#respond"]}]},{"@type":"WebPage","@id":"https:\/\/diariodepe.com.br\/cri\/2025\/12\/11\/entendendo-a-confianca-e-a-responsabilidade-da-china-em-abertura-na-ciie-2\/","url":"https:\/\/diariodepe.com.br\/cri\/2025\/12\/11\/entendendo-a-confianca-e-a-responsabilidade-da-china-em-abertura-na-ciie-2\/","name":"Entendendo a confian\u00e7a e a responsabilidade da China em abertura na CIIE - CRI e Diario de Pernambuco","isPartOf":{"@id":"https:\/\/diariodepe.com.br\/cri\/#website"},"primaryImageOfPage":{"@id":"https:\/\/diariodepe.com.br\/cri\/2025\/12\/11\/entendendo-a-confianca-e-a-responsabilidade-da-china-em-abertura-na-ciie-2\/#primaryimage"},"image":{"@id":"https:\/\/diariodepe.com.br\/cri\/2025\/12\/11\/entendendo-a-confianca-e-a-responsabilidade-da-china-em-abertura-na-ciie-2\/#primaryimage"},"thumbnailUrl":"https:\/\/38picres.cgtn.com\/photoAlbum\/page\/performance\/img\/2025\/11\/11\/1762842402368_449.png","datePublished":"2025-12-11T06:55:23+00:00","breadcrumb":{"@id":"https:\/\/diariodepe.com.br\/cri\/2025\/12\/11\/entendendo-a-confianca-e-a-responsabilidade-da-china-em-abertura-na-ciie-2\/#breadcrumb"},"inLanguage":"pt-BR","potentialAction":[{"@type":"ReadAction","target":["https:\/\/diariodepe.com.br\/cri\/2025\/12\/11\/entendendo-a-confianca-e-a-responsabilidade-da-china-em-abertura-na-ciie-2\/"]}]},{"@type":"ImageObject","inLanguage":"pt-BR","@id":"https:\/\/diariodepe.com.br\/cri\/2025\/12\/11\/entendendo-a-confianca-e-a-responsabilidade-da-china-em-abertura-na-ciie-2\/#primaryimage","url":"https:\/\/38picres.cgtn.com\/photoAlbum\/page\/performance\/img\/2025\/11\/11\/1762842402368_449.png","contentUrl":"https:\/\/38picres.cgtn.com\/photoAlbum\/page\/performance\/img\/2025\/11\/11\/1762842402368_449.png"},{"@type":"BreadcrumbList","@id":"https:\/\/diariodepe.com.br\/cri\/2025\/12\/11\/entendendo-a-confianca-e-a-responsabilidade-da-china-em-abertura-na-ciie-2\/#breadcrumb","itemListElement":[{"@type":"ListItem","position":1,"name":"In\u00edcio","item":"https:\/\/diariodepe.com.br\/cri\/"},{"@type":"ListItem","position":2,"name":"Entendendo a confian\u00e7a e a responsabilidade da China em abertura na CIIE"}]},{"@type":"WebSite","@id":"https:\/\/diariodepe.com.br\/cri\/#website","url":"https:\/\/diariodepe.com.br\/cri\/","name":"CRI e Diario de Pernambuco","description":"R\u00e1dio Internacional da China","publisher":{"@id":"https:\/\/diariodepe.com.br\/cri\/#organization"},"potentialAction":[{"@type":"SearchAction","target":{"@type":"EntryPoint","urlTemplate":"https:\/\/diariodepe.com.br\/cri\/?s={search_term_string}"},"query-input":{"@type":"PropertyValueSpecification","valueRequired":true,"valueName":"search_term_string"}}],"inLanguage":"pt-BR"},{"@type":"Organization","@id":"https:\/\/diariodepe.com.br\/cri\/#organization","name":"CRI e Diario de Pernambuco","url":"https:\/\/diariodepe.com.br\/cri\/","logo":{"@type":"ImageObject","inLanguage":"pt-BR","@id":"https:\/\/diariodepe.com.br\/cri\/#\/schema\/logo\/image\/","url":"https:\/\/diariodepe.com.br\/cri\/wp-content\/uploads\/sites\/2\/2022\/12\/cropped-Logo.jpg","contentUrl":"https:\/\/diariodepe.com.br\/cri\/wp-content\/uploads\/sites\/2\/2022\/12\/cropped-Logo.jpg","width":700,"height":59,"caption":"CRI e Diario de Pernambuco"},"image":{"@id":"https:\/\/diariodepe.com.br\/cri\/#\/schema\/logo\/image\/"}},{"@type":"Person","@id":"https:\/\/diariodepe.com.br\/cri\/#\/schema\/person\/e474aead631cd4098632e11d3fbce118","name":"CRI Portugu\u00eas","image":{"@type":"ImageObject","inLanguage":"pt-BR","@id":"https:\/\/secure.gravatar.com\/avatar\/e2ac889ef882d4dc53091b610766dce49106cf9fe98c76e06745abb0993b2763?s=96&d=mm&r=g","url":"https:\/\/secure.gravatar.com\/avatar\/e2ac889ef882d4dc53091b610766dce49106cf9fe98c76e06745abb0993b2763?s=96&d=mm&r=g","contentUrl":"https:\/\/secure.gravatar.com\/avatar\/e2ac889ef882d4dc53091b610766dce49106cf9fe98c76e06745abb0993b2763?s=96&d=mm&r=g","caption":"CRI Portugu\u00eas"},"sameAs":["https:\/\/www.diariodepernambuco.com.br\/"],"url":"https:\/\/diariodepe.com.br\/cri\/author\/agencia-cri\/"}]}},"cc_featured_image_caption":{"caption_text":"","source_text":"","source_url":""},"amp_enabled":true,"_links":{"self":[{"href":"https:\/\/diariodepe.com.br\/cri\/wp-json\/wp\/v2\/posts\/10097","targetHints":{"allow":["GET"]}}],"collection":[{"href":"https:\/\/diariodepe.com.br\/cri\/wp-json\/wp\/v2\/posts"}],"about":[{"href":"https:\/\/diariodepe.com.br\/cri\/wp-json\/wp\/v2\/types\/post"}],"author":[{"embeddable":true,"href":"https:\/\/diariodepe.com.br\/cri\/wp-json\/wp\/v2\/users\/5"}],"replies":[{"embeddable":true,"href":"https:\/\/diariodepe.com.br\/cri\/wp-json\/wp\/v2\/comments?post=10097"}],"version-history":[{"count":1,"href":"https:\/\/diariodepe.com.br\/cri\/wp-json\/wp\/v2\/posts\/10097\/revisions"}],"predecessor-version":[{"id":10098,"href":"https:\/\/diariodepe.com.br\/cri\/wp-json\/wp\/v2\/posts\/10097\/revisions\/10098"}],"wp:attachment":[{"href":"https:\/\/diariodepe.com.br\/cri\/wp-json\/wp\/v2\/media?parent=10097"}],"wp:term":[{"taxonomy":"category","embeddable":true,"href":"https:\/\/diariodepe.com.br\/cri\/wp-json\/wp\/v2\/categories?post=10097"},{"taxonomy":"post_tag","embeddable":true,"href":"https:\/\/diariodepe.com.br\/cri\/wp-json\/wp\/v2\/tags?post=10097"}],"curies":[{"name":"wp","href":"https:\/\/api.w.org\/{rel}","templated":true}]}}