{"id":10081,"date":"2025-12-05T01:24:40","date_gmt":"2025-12-05T04:24:40","guid":{"rendered":"https:\/\/diariodepe.com.br\/cri\/?p=10081"},"modified":"2025-12-05T01:24:40","modified_gmt":"2025-12-05T04:24:40","slug":"xi-jinping-expressa-condolencias-as-vitimas-do-grave-incendio-em-condominio-residencial-de-hong-kong","status":"publish","type":"post","link":"https:\/\/diariodepe.com.br\/cri\/2025\/12\/05\/xi-jinping-expressa-condolencias-as-vitimas-do-grave-incendio-em-condominio-residencial-de-hong-kong\/","title":{"rendered":"Xi Jinping expressa condol\u00eancias \u00e0s v\u00edtimas do grave inc\u00eandio em condom\u00ednio residencial de Hong Kong"},"content":{"rendered":"<p>O presidente chin\u00eas, Xi Jinping, manifestou nesta quarta-feira (26) suas condol\u00eancias pelas v\u00edtimas do grave inc\u00eandio ocorrido em um conjunto de edif\u00edcios residenciais no distrito de Tai Po, em Hong Kong, incluindo os bombeiros que perderam a vida no cumprimento do dever. Ele expressou, ainda, solidariedade \u00e0s fam\u00edlias dos falecidos e \u00e0s pessoas afetadas pelo desastre, pedindo esfor\u00e7os totais para extinguir o inc\u00eandio e minimizar as perdas humanas e materiais.<\/p>\n<p>At\u00e9 o momento, o inc\u00eandio em Tai Po j\u00e1 causou 14 mortes e deixou v\u00e1rias outras pessoas feridas.<\/p>\n<p>O chefe do Executivo da Regi\u00e3o Administrativa Especial de Hong Kong (RAEHK), John Lee Ka-chiu, afirmou que o centro de monitoramento e apoio para incidentes de emerg\u00eancia j\u00e1 foi acionado imediatamente. Ele ordenou que todos os recursos fossem mobilizados para garantir o combate ao inc\u00eandio, as opera\u00e7\u00f5es de resgate e o atendimento aos feridos.<\/p>\n","protected":false},"excerpt":{"rendered":"<p>O presidente chin\u00eas, Xi Jinping, manifestou nesta quarta-feira (26) suas condol\u00eancias pelas v\u00edtimas do grave inc\u00eandio ocorrido em um conjunto de edif\u00edcios residenciais no distrito de Tai Po, em Hong Kong, incluindo os bombeiros que perderam a vida no cumprimento&#8230;<\/p>\n","protected":false},"author":5,"featured_media":0,"comment_status":"open","ping_status":"open","sticky":false,"template":"","format":"standard","meta":{"footnotes":""},"categories":[3],"tags":[],"class_list":["post-10081","post","type-post","status-publish","format-standard","hentry","category-china"],"yoast_head":"<!-- This site is optimized with the Yoast SEO plugin v27.4 - https:\/\/yoast.com\/product\/yoast-seo-wordpress\/ -->\n<title>Xi Jinping expressa condol\u00eancias \u00e0s v\u00edtimas do grave inc\u00eandio em condom\u00ednio residencial de Hong Kong - CRI e Diario de Pernambuco<\/title>\n<meta name=\"robots\" content=\"index, follow, max-snippet:-1, max-image-preview:large, max-video-preview:-1\" \/>\n<link rel=\"canonical\" href=\"https:\/\/diariodepe.com.br\/cri\/2025\/12\/05\/xi-jinping-expressa-condolencias-as-vitimas-do-grave-incendio-em-condominio-residencial-de-hong-kong\/\" \/>\n<meta property=\"og:locale\" content=\"pt_BR\" \/>\n<meta property=\"og:type\" content=\"article\" \/>\n<meta property=\"og:title\" content=\"Xi Jinping expressa condol\u00eancias \u00e0s v\u00edtimas do grave inc\u00eandio em condom\u00ednio residencial de Hong Kong - CRI e Diario de Pernambuco\" \/>\n<meta property=\"og:description\" content=\"O presidente chin\u00eas, Xi Jinping, manifestou nesta quarta-feira (26) suas condol\u00eancias pelas v\u00edtimas do grave inc\u00eandio ocorrido em um conjunto de edif\u00edcios residenciais no distrito de Tai Po, em Hong Kong, incluindo os bombeiros que perderam a vida no cumprimento...\" \/>\n<meta property=\"og:url\" content=\"https:\/\/diariodepe.com.br\/cri\/2025\/12\/05\/xi-jinping-expressa-condolencias-as-vitimas-do-grave-incendio-em-condominio-residencial-de-hong-kong\/\" \/>\n<meta property=\"og:site_name\" content=\"CRI e Diario de Pernambuco\" \/>\n<meta property=\"article:published_time\" content=\"2025-12-05T04:24:40+00:00\" \/>\n<meta name=\"author\" content=\"CRI Portugu\u00eas\" \/>\n<meta name=\"twitter:card\" content=\"summary_large_image\" \/>\n<meta name=\"twitter:label1\" content=\"Escrito por\" \/>\n\t<meta name=\"twitter:data1\" content=\"CRI Portugu\u00eas\" \/>\n\t<meta name=\"twitter:label2\" content=\"Est. tempo de leitura\" \/>\n\t<meta name=\"twitter:data2\" content=\"1 minuto\" \/>\n<script type=\"application\/ld+json\" class=\"yoast-schema-graph\">{\"@context\":\"https:\\\/\\\/schema.org\",\"@graph\":[{\"@type\":\"Article\",\"@id\":\"https:\\\/\\\/diariodepe.com.br\\\/cri\\\/2025\\\/12\\\/05\\\/xi-jinping-expressa-condolencias-as-vitimas-do-grave-incendio-em-condominio-residencial-de-hong-kong\\\/#article\",\"isPartOf\":{\"@id\":\"https:\\\/\\\/diariodepe.com.br\\\/cri\\\/2025\\\/12\\\/05\\\/xi-jinping-expressa-condolencias-as-vitimas-do-grave-incendio-em-condominio-residencial-de-hong-kong\\\/\"},\"author\":{\"name\":\"CRI Portugu\u00eas\",\"@id\":\"https:\\\/\\\/diariodepe.com.br\\\/cri\\\/#\\\/schema\\\/person\\\/e474aead631cd4098632e11d3fbce118\"},\"headline\":\"Xi Jinping expressa condol\u00eancias \u00e0s v\u00edtimas do grave inc\u00eandio em condom\u00ednio residencial de Hong Kong\",\"datePublished\":\"2025-12-05T04:24:40+00:00\",\"mainEntityOfPage\":{\"@id\":\"https:\\\/\\\/diariodepe.com.br\\\/cri\\\/2025\\\/12\\\/05\\\/xi-jinping-expressa-condolencias-as-vitimas-do-grave-incendio-em-condominio-residencial-de-hong-kong\\\/\"},\"wordCount\":173,\"commentCount\":0,\"publisher\":{\"@id\":\"https:\\\/\\\/diariodepe.com.br\\\/cri\\\/#organization\"},\"articleSection\":[\"China\"],\"inLanguage\":\"pt-BR\",\"potentialAction\":[{\"@type\":\"CommentAction\",\"name\":\"Comment\",\"target\":[\"https:\\\/\\\/diariodepe.com.br\\\/cri\\\/2025\\\/12\\\/05\\\/xi-jinping-expressa-condolencias-as-vitimas-do-grave-incendio-em-condominio-residencial-de-hong-kong\\\/#respond\"]}]},{\"@type\":\"WebPage\",\"@id\":\"https:\\\/\\\/diariodepe.com.br\\\/cri\\\/2025\\\/12\\\/05\\\/xi-jinping-expressa-condolencias-as-vitimas-do-grave-incendio-em-condominio-residencial-de-hong-kong\\\/\",\"url\":\"https:\\\/\\\/diariodepe.com.br\\\/cri\\\/2025\\\/12\\\/05\\\/xi-jinping-expressa-condolencias-as-vitimas-do-grave-incendio-em-condominio-residencial-de-hong-kong\\\/\",\"name\":\"Xi Jinping expressa condol\u00eancias \u00e0s v\u00edtimas do grave inc\u00eandio em condom\u00ednio residencial de Hong Kong - CRI e Diario de Pernambuco\",\"isPartOf\":{\"@id\":\"https:\\\/\\\/diariodepe.com.br\\\/cri\\\/#website\"},\"datePublished\":\"2025-12-05T04:24:40+00:00\",\"breadcrumb\":{\"@id\":\"https:\\\/\\\/diariodepe.com.br\\\/cri\\\/2025\\\/12\\\/05\\\/xi-jinping-expressa-condolencias-as-vitimas-do-grave-incendio-em-condominio-residencial-de-hong-kong\\\/#breadcrumb\"},\"inLanguage\":\"pt-BR\",\"potentialAction\":[{\"@type\":\"ReadAction\",\"target\":[\"https:\\\/\\\/diariodepe.com.br\\\/cri\\\/2025\\\/12\\\/05\\\/xi-jinping-expressa-condolencias-as-vitimas-do-grave-incendio-em-condominio-residencial-de-hong-kong\\\/\"]}]},{\"@type\":\"BreadcrumbList\",\"@id\":\"https:\\\/\\\/diariodepe.com.br\\\/cri\\\/2025\\\/12\\\/05\\\/xi-jinping-expressa-condolencias-as-vitimas-do-grave-incendio-em-condominio-residencial-de-hong-kong\\\/#breadcrumb\",\"itemListElement\":[{\"@type\":\"ListItem\",\"position\":1,\"name\":\"In\u00edcio\",\"item\":\"https:\\\/\\\/diariodepe.com.br\\\/cri\\\/\"},{\"@type\":\"ListItem\",\"position\":2,\"name\":\"Xi Jinping expressa condol\u00eancias \u00e0s v\u00edtimas do grave inc\u00eandio em condom\u00ednio residencial de Hong Kong\"}]},{\"@type\":\"WebSite\",\"@id\":\"https:\\\/\\\/diariodepe.com.br\\\/cri\\\/#website\",\"url\":\"https:\\\/\\\/diariodepe.com.br\\\/cri\\\/\",\"name\":\"CRI e Diario de Pernambuco\",\"description\":\"R\u00e1dio Internacional da China\",\"publisher\":{\"@id\":\"https:\\\/\\\/diariodepe.com.br\\\/cri\\\/#organization\"},\"potentialAction\":[{\"@type\":\"SearchAction\",\"target\":{\"@type\":\"EntryPoint\",\"urlTemplate\":\"https:\\\/\\\/diariodepe.com.br\\\/cri\\\/?s={search_term_string}\"},\"query-input\":{\"@type\":\"PropertyValueSpecification\",\"valueRequired\":true,\"valueName\":\"search_term_string\"}}],\"inLanguage\":\"pt-BR\"},{\"@type\":\"Organization\",\"@id\":\"https:\\\/\\\/diariodepe.com.br\\\/cri\\\/#organization\",\"name\":\"CRI e Diario de Pernambuco\",\"url\":\"https:\\\/\\\/diariodepe.com.br\\\/cri\\\/\",\"logo\":{\"@type\":\"ImageObject\",\"inLanguage\":\"pt-BR\",\"@id\":\"https:\\\/\\\/diariodepe.com.br\\\/cri\\\/#\\\/schema\\\/logo\\\/image\\\/\",\"url\":\"https:\\\/\\\/diariodepe.com.br\\\/cri\\\/wp-content\\\/uploads\\\/sites\\\/2\\\/2022\\\/12\\\/cropped-Logo.jpg\",\"contentUrl\":\"https:\\\/\\\/diariodepe.com.br\\\/cri\\\/wp-content\\\/uploads\\\/sites\\\/2\\\/2022\\\/12\\\/cropped-Logo.jpg\",\"width\":700,\"height\":59,\"caption\":\"CRI e Diario de Pernambuco\"},\"image\":{\"@id\":\"https:\\\/\\\/diariodepe.com.br\\\/cri\\\/#\\\/schema\\\/logo\\\/image\\\/\"}},{\"@type\":\"Person\",\"@id\":\"https:\\\/\\\/diariodepe.com.br\\\/cri\\\/#\\\/schema\\\/person\\\/e474aead631cd4098632e11d3fbce118\",\"name\":\"CRI Portugu\u00eas\",\"image\":{\"@type\":\"ImageObject\",\"inLanguage\":\"pt-BR\",\"@id\":\"https:\\\/\\\/secure.gravatar.com\\\/avatar\\\/e2ac889ef882d4dc53091b610766dce49106cf9fe98c76e06745abb0993b2763?s=96&d=mm&r=g\",\"url\":\"https:\\\/\\\/secure.gravatar.com\\\/avatar\\\/e2ac889ef882d4dc53091b610766dce49106cf9fe98c76e06745abb0993b2763?s=96&d=mm&r=g\",\"contentUrl\":\"https:\\\/\\\/secure.gravatar.com\\\/avatar\\\/e2ac889ef882d4dc53091b610766dce49106cf9fe98c76e06745abb0993b2763?s=96&d=mm&r=g\",\"caption\":\"CRI Portugu\u00eas\"},\"sameAs\":[\"https:\\\/\\\/www.diariodepernambuco.com.br\\\/\"],\"url\":\"https:\\\/\\\/diariodepe.com.br\\\/cri\\\/author\\\/agencia-cri\\\/\"}]}<\/script>\n<!-- \/ Yoast SEO plugin. -->","yoast_head_json":{"title":"Xi Jinping expressa condol\u00eancias \u00e0s v\u00edtimas do grave inc\u00eandio em condom\u00ednio residencial de Hong Kong - CRI e Diario de Pernambuco","robots":{"index":"index","follow":"follow","max-snippet":"max-snippet:-1","max-image-preview":"max-image-preview:large","max-video-preview":"max-video-preview:-1"},"canonical":"https:\/\/diariodepe.com.br\/cri\/2025\/12\/05\/xi-jinping-expressa-condolencias-as-vitimas-do-grave-incendio-em-condominio-residencial-de-hong-kong\/","og_locale":"pt_BR","og_type":"article","og_title":"Xi Jinping expressa condol\u00eancias \u00e0s v\u00edtimas do grave inc\u00eandio em condom\u00ednio residencial de Hong Kong - CRI e Diario de Pernambuco","og_description":"O presidente chin\u00eas, Xi Jinping, manifestou nesta quarta-feira (26) suas condol\u00eancias pelas v\u00edtimas do grave inc\u00eandio ocorrido em um conjunto de edif\u00edcios residenciais no distrito de Tai Po, em Hong Kong, incluindo os bombeiros que perderam a vida no cumprimento...","og_url":"https:\/\/diariodepe.com.br\/cri\/2025\/12\/05\/xi-jinping-expressa-condolencias-as-vitimas-do-grave-incendio-em-condominio-residencial-de-hong-kong\/","og_site_name":"CRI e Diario de Pernambuco","article_published_time":"2025-12-05T04:24:40+00:00","author":"CRI Portugu\u00eas","twitter_card":"summary_large_image","twitter_misc":{"Escrito por":"CRI Portugu\u00eas","Est. tempo de leitura":"1 minuto"},"schema":{"@context":"https:\/\/schema.org","@graph":[{"@type":"Article","@id":"https:\/\/diariodepe.com.br\/cri\/2025\/12\/05\/xi-jinping-expressa-condolencias-as-vitimas-do-grave-incendio-em-condominio-residencial-de-hong-kong\/#article","isPartOf":{"@id":"https:\/\/diariodepe.com.br\/cri\/2025\/12\/05\/xi-jinping-expressa-condolencias-as-vitimas-do-grave-incendio-em-condominio-residencial-de-hong-kong\/"},"author":{"name":"CRI Portugu\u00eas","@id":"https:\/\/diariodepe.com.br\/cri\/#\/schema\/person\/e474aead631cd4098632e11d3fbce118"},"headline":"Xi Jinping expressa condol\u00eancias \u00e0s v\u00edtimas do grave inc\u00eandio em condom\u00ednio residencial de Hong Kong","datePublished":"2025-12-05T04:24:40+00:00","mainEntityOfPage":{"@id":"https:\/\/diariodepe.com.br\/cri\/2025\/12\/05\/xi-jinping-expressa-condolencias-as-vitimas-do-grave-incendio-em-condominio-residencial-de-hong-kong\/"},"wordCount":173,"commentCount":0,"publisher":{"@id":"https:\/\/diariodepe.com.br\/cri\/#organization"},"articleSection":["China"],"inLanguage":"pt-BR","potentialAction":[{"@type":"CommentAction","name":"Comment","target":["https:\/\/diariodepe.com.br\/cri\/2025\/12\/05\/xi-jinping-expressa-condolencias-as-vitimas-do-grave-incendio-em-condominio-residencial-de-hong-kong\/#respond"]}]},{"@type":"WebPage","@id":"https:\/\/diariodepe.com.br\/cri\/2025\/12\/05\/xi-jinping-expressa-condolencias-as-vitimas-do-grave-incendio-em-condominio-residencial-de-hong-kong\/","url":"https:\/\/diariodepe.com.br\/cri\/2025\/12\/05\/xi-jinping-expressa-condolencias-as-vitimas-do-grave-incendio-em-condominio-residencial-de-hong-kong\/","name":"Xi Jinping expressa condol\u00eancias \u00e0s v\u00edtimas do grave inc\u00eandio em condom\u00ednio residencial de Hong Kong - CRI e Diario de Pernambuco","isPartOf":{"@id":"https:\/\/diariodepe.com.br\/cri\/#website"},"datePublished":"2025-12-05T04:24:40+00:00","breadcrumb":{"@id":"https:\/\/diariodepe.com.br\/cri\/2025\/12\/05\/xi-jinping-expressa-condolencias-as-vitimas-do-grave-incendio-em-condominio-residencial-de-hong-kong\/#breadcrumb"},"inLanguage":"pt-BR","potentialAction":[{"@type":"ReadAction","target":["https:\/\/diariodepe.com.br\/cri\/2025\/12\/05\/xi-jinping-expressa-condolencias-as-vitimas-do-grave-incendio-em-condominio-residencial-de-hong-kong\/"]}]},{"@type":"BreadcrumbList","@id":"https:\/\/diariodepe.com.br\/cri\/2025\/12\/05\/xi-jinping-expressa-condolencias-as-vitimas-do-grave-incendio-em-condominio-residencial-de-hong-kong\/#breadcrumb","itemListElement":[{"@type":"ListItem","position":1,"name":"In\u00edcio","item":"https:\/\/diariodepe.com.br\/cri\/"},{"@type":"ListItem","position":2,"name":"Xi Jinping expressa condol\u00eancias \u00e0s v\u00edtimas do grave inc\u00eandio em condom\u00ednio residencial de Hong Kong"}]},{"@type":"WebSite","@id":"https:\/\/diariodepe.com.br\/cri\/#website","url":"https:\/\/diariodepe.com.br\/cri\/","name":"CRI e Diario de Pernambuco","description":"R\u00e1dio Internacional da China","publisher":{"@id":"https:\/\/diariodepe.com.br\/cri\/#organization"},"potentialAction":[{"@type":"SearchAction","target":{"@type":"EntryPoint","urlTemplate":"https:\/\/diariodepe.com.br\/cri\/?s={search_term_string}"},"query-input":{"@type":"PropertyValueSpecification","valueRequired":true,"valueName":"search_term_string"}}],"inLanguage":"pt-BR"},{"@type":"Organization","@id":"https:\/\/diariodepe.com.br\/cri\/#organization","name":"CRI e Diario de Pernambuco","url":"https:\/\/diariodepe.com.br\/cri\/","logo":{"@type":"ImageObject","inLanguage":"pt-BR","@id":"https:\/\/diariodepe.com.br\/cri\/#\/schema\/logo\/image\/","url":"https:\/\/diariodepe.com.br\/cri\/wp-content\/uploads\/sites\/2\/2022\/12\/cropped-Logo.jpg","contentUrl":"https:\/\/diariodepe.com.br\/cri\/wp-content\/uploads\/sites\/2\/2022\/12\/cropped-Logo.jpg","width":700,"height":59,"caption":"CRI e Diario de Pernambuco"},"image":{"@id":"https:\/\/diariodepe.com.br\/cri\/#\/schema\/logo\/image\/"}},{"@type":"Person","@id":"https:\/\/diariodepe.com.br\/cri\/#\/schema\/person\/e474aead631cd4098632e11d3fbce118","name":"CRI Portugu\u00eas","image":{"@type":"ImageObject","inLanguage":"pt-BR","@id":"https:\/\/secure.gravatar.com\/avatar\/e2ac889ef882d4dc53091b610766dce49106cf9fe98c76e06745abb0993b2763?s=96&d=mm&r=g","url":"https:\/\/secure.gravatar.com\/avatar\/e2ac889ef882d4dc53091b610766dce49106cf9fe98c76e06745abb0993b2763?s=96&d=mm&r=g","contentUrl":"https:\/\/secure.gravatar.com\/avatar\/e2ac889ef882d4dc53091b610766dce49106cf9fe98c76e06745abb0993b2763?s=96&d=mm&r=g","caption":"CRI Portugu\u00eas"},"sameAs":["https:\/\/www.diariodepernambuco.com.br\/"],"url":"https:\/\/diariodepe.com.br\/cri\/author\/agencia-cri\/"}]}},"cc_featured_image_caption":{"caption_text":"","source_text":"","source_url":""},"amp_enabled":true,"_links":{"self":[{"href":"https:\/\/diariodepe.com.br\/cri\/wp-json\/wp\/v2\/posts\/10081","targetHints":{"allow":["GET"]}}],"collection":[{"href":"https:\/\/diariodepe.com.br\/cri\/wp-json\/wp\/v2\/posts"}],"about":[{"href":"https:\/\/diariodepe.com.br\/cri\/wp-json\/wp\/v2\/types\/post"}],"author":[{"embeddable":true,"href":"https:\/\/diariodepe.com.br\/cri\/wp-json\/wp\/v2\/users\/5"}],"replies":[{"embeddable":true,"href":"https:\/\/diariodepe.com.br\/cri\/wp-json\/wp\/v2\/comments?post=10081"}],"version-history":[{"count":1,"href":"https:\/\/diariodepe.com.br\/cri\/wp-json\/wp\/v2\/posts\/10081\/revisions"}],"predecessor-version":[{"id":10082,"href":"https:\/\/diariodepe.com.br\/cri\/wp-json\/wp\/v2\/posts\/10081\/revisions\/10082"}],"wp:attachment":[{"href":"https:\/\/diariodepe.com.br\/cri\/wp-json\/wp\/v2\/media?parent=10081"}],"wp:term":[{"taxonomy":"category","embeddable":true,"href":"https:\/\/diariodepe.com.br\/cri\/wp-json\/wp\/v2\/categories?post=10081"},{"taxonomy":"post_tag","embeddable":true,"href":"https:\/\/diariodepe.com.br\/cri\/wp-json\/wp\/v2\/tags?post=10081"}],"curies":[{"name":"wp","href":"https:\/\/api.w.org\/{rel}","templated":true}]}}