{"id":10077,"date":"2025-12-04T23:33:55","date_gmt":"2025-12-05T02:33:55","guid":{"rendered":"https:\/\/diariodepe.com.br\/cri\/?p=10077"},"modified":"2025-12-04T23:33:55","modified_gmt":"2025-12-05T02:33:55","slug":"xi-jinping-ressalta-cooperacao-e-multilateralismo-em-encontro-com-macron","status":"publish","type":"post","link":"https:\/\/diariodepe.com.br\/cri\/2025\/12\/04\/xi-jinping-ressalta-cooperacao-e-multilateralismo-em-encontro-com-macron\/","title":{"rendered":"Xi Jinping ressalta coopera\u00e7\u00e3o e multilateralismo em encontro com Macron"},"content":{"rendered":"<p>O presidente chin\u00eas, Xi Jinping, recebeu nesta quinta-feira (4), no Grande Pal\u00e1cio do Povo, em Beijing, o presidente franc\u00eas, Emmanuel Macron, que est\u00e1 fazendo uma vista de Estado ao pa\u00eds.<\/p>\n<p>&nbsp;<\/p>\n<p>Xi Jinping disse que a China e a Fran\u00e7a s\u00e3o pa\u00edses grandes, independentes e aut\u00f4nomos, com vis\u00e3o de longo prazo e responsabilidades, sendo for\u00e7as construtivas para promover a multipolaridade mundial e a coopera\u00e7\u00e3o e unidade da humanidade.<\/p>\n<p>Atualmente, as transforma\u00e7\u00f5es sem precedentes nos \u00faltimos cem anos est\u00e3o se acelerando, e a humanidade mais uma vez se encontra diante de uma encruzilhada. Por isso, segundo Xi Jinping, a China e a Fran\u00e7a devem assumir responsabilidades, levantar firmemente a bandeira do multilateralismo e se posicionar de forma determinada do lado certo da hist\u00f3ria.<\/p>\n<p>&nbsp;<\/p>\n<p>O l\u00edder chin\u00eas lembrou que o Partido Comunista da China (PCCh) acabou de aprovar as propostas sobre o 15\u00ba Plano Quinquenal (2026-2030) para o desenvolvimento do pa\u00eds nos pr\u00f3ximos cinco anos.<\/p>\n<p>Xi Jinping enfatizou que os dois lados devem aproveitar a oportunidade para ampliar o espa\u00e7o de coopera\u00e7\u00e3o em setores tradicionais, como avia\u00e7\u00e3o, aeroespacial e energia nuclear, al\u00e9m de explorar o potencial das economias verde e digital, da biomedicina, da intelig\u00eancia artificial, das novas energias e de outras \u00e1reas emergentes. Ele tamb\u00e9m salientou a import\u00e2ncia de fortalecer os interc\u00e2mbios culturais e interpessoais.<\/p>\n<p>Sobre a governan\u00e7a global, Xi Jinping indicou que como fundadores das Na\u00e7\u00f5es Unidas e membros permanentes do Conselho de Seguran\u00e7a, os dois pa\u00edses devem praticar o verdadeiro multilateralismo, defender o sistema internacional centrado nas Na\u00e7\u00f5es Unidas e a ordem internacional baseada no Direito Internacional, e refor\u00e7ar a comunica\u00e7\u00e3o e a coordena\u00e7\u00e3o na solu\u00e7\u00e3o pol\u00edtica de disputas e na promo\u00e7\u00e3o da paz e estabilidade mundial.<\/p>\n<p>No encontro, Emmanuel Macron reafirmou que a Fran\u00e7a persiste no princ\u00edpio de Uma S\u00f3 China e quer aprofundar a parceria estrat\u00e9gica abrangente com a China. Ele acrescentou que, al\u00e9m de fortalecer os interc\u00e2mbios e coopera\u00e7\u00f5es bilaterais, seu pa\u00eds tamb\u00e9m se dedica ao impulso do desenvolvimento das rela\u00e7\u00f5es sino-europeias.<\/p>\n<p>O presidente franc\u00eas tamb\u00e9m disse concordar completamente com as propostas de Xi Jinping sobre a melhoria da governan\u00e7a global. Eles tamb\u00e9m trocaram opini\u00f5es sobre a crise da Ucr\u00e2nia.<\/p>\n<p>Ap\u00f3s o encontro, os dois chefes de Estado testemunharam a assinatura de v\u00e1rios acordos de coopera\u00e7\u00e3o bilateral e se encontraram com a imprensa.<\/p>\n","protected":false},"excerpt":{"rendered":"<p>O presidente chin\u00eas, Xi Jinping, recebeu nesta quinta-feira (4), no Grande Pal\u00e1cio do Povo, em Beijing, o presidente franc\u00eas, Emmanuel Macron, que est\u00e1 fazendo uma vista de Estado ao pa\u00eds. &nbsp; Xi Jinping disse que a China e a Fran\u00e7a&#8230;<\/p>\n","protected":false},"author":5,"featured_media":0,"comment_status":"open","ping_status":"open","sticky":false,"template":"","format":"standard","meta":{"footnotes":""},"categories":[3],"tags":[],"class_list":["post-10077","post","type-post","status-publish","format-standard","hentry","category-china"],"yoast_head":"<!-- This site is optimized with the Yoast SEO plugin v27.4 - https:\/\/yoast.com\/product\/yoast-seo-wordpress\/ -->\n<title>Xi Jinping ressalta coopera\u00e7\u00e3o e multilateralismo em encontro com Macron - CRI e Diario de Pernambuco<\/title>\n<meta name=\"robots\" content=\"index, follow, max-snippet:-1, max-image-preview:large, max-video-preview:-1\" \/>\n<link rel=\"canonical\" href=\"https:\/\/diariodepe.com.br\/cri\/2025\/12\/04\/xi-jinping-ressalta-cooperacao-e-multilateralismo-em-encontro-com-macron\/\" \/>\n<meta property=\"og:locale\" content=\"pt_BR\" \/>\n<meta property=\"og:type\" content=\"article\" \/>\n<meta property=\"og:title\" content=\"Xi Jinping ressalta coopera\u00e7\u00e3o e multilateralismo em encontro com Macron - CRI e Diario de Pernambuco\" \/>\n<meta property=\"og:description\" content=\"O presidente chin\u00eas, Xi Jinping, recebeu nesta quinta-feira (4), no Grande Pal\u00e1cio do Povo, em Beijing, o presidente franc\u00eas, Emmanuel Macron, que est\u00e1 fazendo uma vista de Estado ao pa\u00eds. &nbsp; Xi Jinping disse que a China e a Fran\u00e7a...\" \/>\n<meta property=\"og:url\" content=\"https:\/\/diariodepe.com.br\/cri\/2025\/12\/04\/xi-jinping-ressalta-cooperacao-e-multilateralismo-em-encontro-com-macron\/\" \/>\n<meta property=\"og:site_name\" content=\"CRI e Diario de Pernambuco\" \/>\n<meta property=\"article:published_time\" content=\"2025-12-05T02:33:55+00:00\" \/>\n<meta name=\"author\" content=\"CRI Portugu\u00eas\" \/>\n<meta name=\"twitter:card\" content=\"summary_large_image\" \/>\n<meta name=\"twitter:label1\" content=\"Escrito por\" \/>\n\t<meta name=\"twitter:data1\" content=\"CRI Portugu\u00eas\" \/>\n\t<meta name=\"twitter:label2\" content=\"Est. tempo de leitura\" \/>\n\t<meta name=\"twitter:data2\" content=\"3 minutos\" \/>\n<script type=\"application\/ld+json\" class=\"yoast-schema-graph\">{\"@context\":\"https:\\\/\\\/schema.org\",\"@graph\":[{\"@type\":\"Article\",\"@id\":\"https:\\\/\\\/diariodepe.com.br\\\/cri\\\/2025\\\/12\\\/04\\\/xi-jinping-ressalta-cooperacao-e-multilateralismo-em-encontro-com-macron\\\/#article\",\"isPartOf\":{\"@id\":\"https:\\\/\\\/diariodepe.com.br\\\/cri\\\/2025\\\/12\\\/04\\\/xi-jinping-ressalta-cooperacao-e-multilateralismo-em-encontro-com-macron\\\/\"},\"author\":{\"name\":\"CRI Portugu\u00eas\",\"@id\":\"https:\\\/\\\/diariodepe.com.br\\\/cri\\\/#\\\/schema\\\/person\\\/e474aead631cd4098632e11d3fbce118\"},\"headline\":\"Xi Jinping ressalta coopera\u00e7\u00e3o e multilateralismo em encontro com Macron\",\"datePublished\":\"2025-12-05T02:33:55+00:00\",\"mainEntityOfPage\":{\"@id\":\"https:\\\/\\\/diariodepe.com.br\\\/cri\\\/2025\\\/12\\\/04\\\/xi-jinping-ressalta-cooperacao-e-multilateralismo-em-encontro-com-macron\\\/\"},\"wordCount\":443,\"commentCount\":0,\"publisher\":{\"@id\":\"https:\\\/\\\/diariodepe.com.br\\\/cri\\\/#organization\"},\"articleSection\":[\"China\"],\"inLanguage\":\"pt-BR\",\"potentialAction\":[{\"@type\":\"CommentAction\",\"name\":\"Comment\",\"target\":[\"https:\\\/\\\/diariodepe.com.br\\\/cri\\\/2025\\\/12\\\/04\\\/xi-jinping-ressalta-cooperacao-e-multilateralismo-em-encontro-com-macron\\\/#respond\"]}]},{\"@type\":\"WebPage\",\"@id\":\"https:\\\/\\\/diariodepe.com.br\\\/cri\\\/2025\\\/12\\\/04\\\/xi-jinping-ressalta-cooperacao-e-multilateralismo-em-encontro-com-macron\\\/\",\"url\":\"https:\\\/\\\/diariodepe.com.br\\\/cri\\\/2025\\\/12\\\/04\\\/xi-jinping-ressalta-cooperacao-e-multilateralismo-em-encontro-com-macron\\\/\",\"name\":\"Xi Jinping ressalta coopera\u00e7\u00e3o e multilateralismo em encontro com Macron - CRI e Diario de Pernambuco\",\"isPartOf\":{\"@id\":\"https:\\\/\\\/diariodepe.com.br\\\/cri\\\/#website\"},\"datePublished\":\"2025-12-05T02:33:55+00:00\",\"breadcrumb\":{\"@id\":\"https:\\\/\\\/diariodepe.com.br\\\/cri\\\/2025\\\/12\\\/04\\\/xi-jinping-ressalta-cooperacao-e-multilateralismo-em-encontro-com-macron\\\/#breadcrumb\"},\"inLanguage\":\"pt-BR\",\"potentialAction\":[{\"@type\":\"ReadAction\",\"target\":[\"https:\\\/\\\/diariodepe.com.br\\\/cri\\\/2025\\\/12\\\/04\\\/xi-jinping-ressalta-cooperacao-e-multilateralismo-em-encontro-com-macron\\\/\"]}]},{\"@type\":\"BreadcrumbList\",\"@id\":\"https:\\\/\\\/diariodepe.com.br\\\/cri\\\/2025\\\/12\\\/04\\\/xi-jinping-ressalta-cooperacao-e-multilateralismo-em-encontro-com-macron\\\/#breadcrumb\",\"itemListElement\":[{\"@type\":\"ListItem\",\"position\":1,\"name\":\"In\u00edcio\",\"item\":\"https:\\\/\\\/diariodepe.com.br\\\/cri\\\/\"},{\"@type\":\"ListItem\",\"position\":2,\"name\":\"Xi Jinping ressalta coopera\u00e7\u00e3o e multilateralismo em encontro com Macron\"}]},{\"@type\":\"WebSite\",\"@id\":\"https:\\\/\\\/diariodepe.com.br\\\/cri\\\/#website\",\"url\":\"https:\\\/\\\/diariodepe.com.br\\\/cri\\\/\",\"name\":\"CRI e Diario de Pernambuco\",\"description\":\"R\u00e1dio Internacional da China\",\"publisher\":{\"@id\":\"https:\\\/\\\/diariodepe.com.br\\\/cri\\\/#organization\"},\"potentialAction\":[{\"@type\":\"SearchAction\",\"target\":{\"@type\":\"EntryPoint\",\"urlTemplate\":\"https:\\\/\\\/diariodepe.com.br\\\/cri\\\/?s={search_term_string}\"},\"query-input\":{\"@type\":\"PropertyValueSpecification\",\"valueRequired\":true,\"valueName\":\"search_term_string\"}}],\"inLanguage\":\"pt-BR\"},{\"@type\":\"Organization\",\"@id\":\"https:\\\/\\\/diariodepe.com.br\\\/cri\\\/#organization\",\"name\":\"CRI e Diario de Pernambuco\",\"url\":\"https:\\\/\\\/diariodepe.com.br\\\/cri\\\/\",\"logo\":{\"@type\":\"ImageObject\",\"inLanguage\":\"pt-BR\",\"@id\":\"https:\\\/\\\/diariodepe.com.br\\\/cri\\\/#\\\/schema\\\/logo\\\/image\\\/\",\"url\":\"https:\\\/\\\/diariodepe.com.br\\\/cri\\\/wp-content\\\/uploads\\\/sites\\\/2\\\/2022\\\/12\\\/cropped-Logo.jpg\",\"contentUrl\":\"https:\\\/\\\/diariodepe.com.br\\\/cri\\\/wp-content\\\/uploads\\\/sites\\\/2\\\/2022\\\/12\\\/cropped-Logo.jpg\",\"width\":700,\"height\":59,\"caption\":\"CRI e Diario de Pernambuco\"},\"image\":{\"@id\":\"https:\\\/\\\/diariodepe.com.br\\\/cri\\\/#\\\/schema\\\/logo\\\/image\\\/\"}},{\"@type\":\"Person\",\"@id\":\"https:\\\/\\\/diariodepe.com.br\\\/cri\\\/#\\\/schema\\\/person\\\/e474aead631cd4098632e11d3fbce118\",\"name\":\"CRI Portugu\u00eas\",\"image\":{\"@type\":\"ImageObject\",\"inLanguage\":\"pt-BR\",\"@id\":\"https:\\\/\\\/secure.gravatar.com\\\/avatar\\\/e2ac889ef882d4dc53091b610766dce49106cf9fe98c76e06745abb0993b2763?s=96&d=mm&r=g\",\"url\":\"https:\\\/\\\/secure.gravatar.com\\\/avatar\\\/e2ac889ef882d4dc53091b610766dce49106cf9fe98c76e06745abb0993b2763?s=96&d=mm&r=g\",\"contentUrl\":\"https:\\\/\\\/secure.gravatar.com\\\/avatar\\\/e2ac889ef882d4dc53091b610766dce49106cf9fe98c76e06745abb0993b2763?s=96&d=mm&r=g\",\"caption\":\"CRI Portugu\u00eas\"},\"sameAs\":[\"https:\\\/\\\/www.diariodepernambuco.com.br\\\/\"],\"url\":\"https:\\\/\\\/diariodepe.com.br\\\/cri\\\/author\\\/agencia-cri\\\/\"}]}<\/script>\n<!-- \/ Yoast SEO plugin. -->","yoast_head_json":{"title":"Xi Jinping ressalta coopera\u00e7\u00e3o e multilateralismo em encontro com Macron - CRI e Diario de Pernambuco","robots":{"index":"index","follow":"follow","max-snippet":"max-snippet:-1","max-image-preview":"max-image-preview:large","max-video-preview":"max-video-preview:-1"},"canonical":"https:\/\/diariodepe.com.br\/cri\/2025\/12\/04\/xi-jinping-ressalta-cooperacao-e-multilateralismo-em-encontro-com-macron\/","og_locale":"pt_BR","og_type":"article","og_title":"Xi Jinping ressalta coopera\u00e7\u00e3o e multilateralismo em encontro com Macron - CRI e Diario de Pernambuco","og_description":"O presidente chin\u00eas, Xi Jinping, recebeu nesta quinta-feira (4), no Grande Pal\u00e1cio do Povo, em Beijing, o presidente franc\u00eas, Emmanuel Macron, que est\u00e1 fazendo uma vista de Estado ao pa\u00eds. &nbsp; Xi Jinping disse que a China e a Fran\u00e7a...","og_url":"https:\/\/diariodepe.com.br\/cri\/2025\/12\/04\/xi-jinping-ressalta-cooperacao-e-multilateralismo-em-encontro-com-macron\/","og_site_name":"CRI e Diario de Pernambuco","article_published_time":"2025-12-05T02:33:55+00:00","author":"CRI Portugu\u00eas","twitter_card":"summary_large_image","twitter_misc":{"Escrito por":"CRI Portugu\u00eas","Est. tempo de leitura":"3 minutos"},"schema":{"@context":"https:\/\/schema.org","@graph":[{"@type":"Article","@id":"https:\/\/diariodepe.com.br\/cri\/2025\/12\/04\/xi-jinping-ressalta-cooperacao-e-multilateralismo-em-encontro-com-macron\/#article","isPartOf":{"@id":"https:\/\/diariodepe.com.br\/cri\/2025\/12\/04\/xi-jinping-ressalta-cooperacao-e-multilateralismo-em-encontro-com-macron\/"},"author":{"name":"CRI Portugu\u00eas","@id":"https:\/\/diariodepe.com.br\/cri\/#\/schema\/person\/e474aead631cd4098632e11d3fbce118"},"headline":"Xi Jinping ressalta coopera\u00e7\u00e3o e multilateralismo em encontro com Macron","datePublished":"2025-12-05T02:33:55+00:00","mainEntityOfPage":{"@id":"https:\/\/diariodepe.com.br\/cri\/2025\/12\/04\/xi-jinping-ressalta-cooperacao-e-multilateralismo-em-encontro-com-macron\/"},"wordCount":443,"commentCount":0,"publisher":{"@id":"https:\/\/diariodepe.com.br\/cri\/#organization"},"articleSection":["China"],"inLanguage":"pt-BR","potentialAction":[{"@type":"CommentAction","name":"Comment","target":["https:\/\/diariodepe.com.br\/cri\/2025\/12\/04\/xi-jinping-ressalta-cooperacao-e-multilateralismo-em-encontro-com-macron\/#respond"]}]},{"@type":"WebPage","@id":"https:\/\/diariodepe.com.br\/cri\/2025\/12\/04\/xi-jinping-ressalta-cooperacao-e-multilateralismo-em-encontro-com-macron\/","url":"https:\/\/diariodepe.com.br\/cri\/2025\/12\/04\/xi-jinping-ressalta-cooperacao-e-multilateralismo-em-encontro-com-macron\/","name":"Xi Jinping ressalta coopera\u00e7\u00e3o e multilateralismo em encontro com Macron - CRI e Diario de Pernambuco","isPartOf":{"@id":"https:\/\/diariodepe.com.br\/cri\/#website"},"datePublished":"2025-12-05T02:33:55+00:00","breadcrumb":{"@id":"https:\/\/diariodepe.com.br\/cri\/2025\/12\/04\/xi-jinping-ressalta-cooperacao-e-multilateralismo-em-encontro-com-macron\/#breadcrumb"},"inLanguage":"pt-BR","potentialAction":[{"@type":"ReadAction","target":["https:\/\/diariodepe.com.br\/cri\/2025\/12\/04\/xi-jinping-ressalta-cooperacao-e-multilateralismo-em-encontro-com-macron\/"]}]},{"@type":"BreadcrumbList","@id":"https:\/\/diariodepe.com.br\/cri\/2025\/12\/04\/xi-jinping-ressalta-cooperacao-e-multilateralismo-em-encontro-com-macron\/#breadcrumb","itemListElement":[{"@type":"ListItem","position":1,"name":"In\u00edcio","item":"https:\/\/diariodepe.com.br\/cri\/"},{"@type":"ListItem","position":2,"name":"Xi Jinping ressalta coopera\u00e7\u00e3o e multilateralismo em encontro com Macron"}]},{"@type":"WebSite","@id":"https:\/\/diariodepe.com.br\/cri\/#website","url":"https:\/\/diariodepe.com.br\/cri\/","name":"CRI e Diario de Pernambuco","description":"R\u00e1dio Internacional da China","publisher":{"@id":"https:\/\/diariodepe.com.br\/cri\/#organization"},"potentialAction":[{"@type":"SearchAction","target":{"@type":"EntryPoint","urlTemplate":"https:\/\/diariodepe.com.br\/cri\/?s={search_term_string}"},"query-input":{"@type":"PropertyValueSpecification","valueRequired":true,"valueName":"search_term_string"}}],"inLanguage":"pt-BR"},{"@type":"Organization","@id":"https:\/\/diariodepe.com.br\/cri\/#organization","name":"CRI e Diario de Pernambuco","url":"https:\/\/diariodepe.com.br\/cri\/","logo":{"@type":"ImageObject","inLanguage":"pt-BR","@id":"https:\/\/diariodepe.com.br\/cri\/#\/schema\/logo\/image\/","url":"https:\/\/diariodepe.com.br\/cri\/wp-content\/uploads\/sites\/2\/2022\/12\/cropped-Logo.jpg","contentUrl":"https:\/\/diariodepe.com.br\/cri\/wp-content\/uploads\/sites\/2\/2022\/12\/cropped-Logo.jpg","width":700,"height":59,"caption":"CRI e Diario de Pernambuco"},"image":{"@id":"https:\/\/diariodepe.com.br\/cri\/#\/schema\/logo\/image\/"}},{"@type":"Person","@id":"https:\/\/diariodepe.com.br\/cri\/#\/schema\/person\/e474aead631cd4098632e11d3fbce118","name":"CRI Portugu\u00eas","image":{"@type":"ImageObject","inLanguage":"pt-BR","@id":"https:\/\/secure.gravatar.com\/avatar\/e2ac889ef882d4dc53091b610766dce49106cf9fe98c76e06745abb0993b2763?s=96&d=mm&r=g","url":"https:\/\/secure.gravatar.com\/avatar\/e2ac889ef882d4dc53091b610766dce49106cf9fe98c76e06745abb0993b2763?s=96&d=mm&r=g","contentUrl":"https:\/\/secure.gravatar.com\/avatar\/e2ac889ef882d4dc53091b610766dce49106cf9fe98c76e06745abb0993b2763?s=96&d=mm&r=g","caption":"CRI Portugu\u00eas"},"sameAs":["https:\/\/www.diariodepernambuco.com.br\/"],"url":"https:\/\/diariodepe.com.br\/cri\/author\/agencia-cri\/"}]}},"cc_featured_image_caption":{"caption_text":"","source_text":"","source_url":""},"amp_enabled":true,"_links":{"self":[{"href":"https:\/\/diariodepe.com.br\/cri\/wp-json\/wp\/v2\/posts\/10077","targetHints":{"allow":["GET"]}}],"collection":[{"href":"https:\/\/diariodepe.com.br\/cri\/wp-json\/wp\/v2\/posts"}],"about":[{"href":"https:\/\/diariodepe.com.br\/cri\/wp-json\/wp\/v2\/types\/post"}],"author":[{"embeddable":true,"href":"https:\/\/diariodepe.com.br\/cri\/wp-json\/wp\/v2\/users\/5"}],"replies":[{"embeddable":true,"href":"https:\/\/diariodepe.com.br\/cri\/wp-json\/wp\/v2\/comments?post=10077"}],"version-history":[{"count":1,"href":"https:\/\/diariodepe.com.br\/cri\/wp-json\/wp\/v2\/posts\/10077\/revisions"}],"predecessor-version":[{"id":10078,"href":"https:\/\/diariodepe.com.br\/cri\/wp-json\/wp\/v2\/posts\/10077\/revisions\/10078"}],"wp:attachment":[{"href":"https:\/\/diariodepe.com.br\/cri\/wp-json\/wp\/v2\/media?parent=10077"}],"wp:term":[{"taxonomy":"category","embeddable":true,"href":"https:\/\/diariodepe.com.br\/cri\/wp-json\/wp\/v2\/categories?post=10077"},{"taxonomy":"post_tag","embeddable":true,"href":"https:\/\/diariodepe.com.br\/cri\/wp-json\/wp\/v2\/tags?post=10077"}],"curies":[{"name":"wp","href":"https:\/\/api.w.org\/{rel}","templated":true}]}}