{"id":1005,"date":"2023-04-13T06:21:27","date_gmt":"2023-04-13T09:21:27","guid":{"rendered":"https:\/\/diariodepe.com.br\/cri\/?p=1005"},"modified":"2023-04-13T06:21:27","modified_gmt":"2023-04-13T09:21:27","slug":"a-diplomacia-francesa-conduz-de-novo-a-ue-para-a-cooperacao-com-a-china","status":"publish","type":"post","link":"https:\/\/diariodepe.com.br\/cri\/2023\/04\/13\/a-diplomacia-francesa-conduz-de-novo-a-ue-para-a-cooperacao-com-a-china\/","title":{"rendered":"A diplomacia francesa conduz de novo a UE para a coopera\u00e7\u00e3o com a China"},"content":{"rendered":"<p>Por Ant\u00f3nio dos Santos Queir\u00f3s, professor e investigador, Universidade de Lisboa<\/p>\n<p>O presidente franc\u00eas, Emmanuel Macron,\u00a0convidou a presidente da Comiss\u00e3o Europeia,\u00a0Ursula von der Leyen, para o acompanhar na sua visita de Estado \u00e0 China. O discurso que ela proferiu antecipadamente perante dois think-tanks europeus e a Declara\u00e7\u00e3o Conjunta entre a Rep\u00fablica Francesa e a Rep\u00fablica Popular da China revelam as diverg\u00eancias latentes entre os l\u00edderes europeus: a deriva da Comiss\u00e3o Europeia para a perda de autonomia estrat\u00e9gica \u00e9 agora problematizada pelo discurso amb\u00edguo da pr\u00f3pria l\u00edder; a posi\u00e7\u00e3o da Fran\u00e7a, de \u201crelan\u00e7ar a din\u00e2mica das rela\u00e7\u00f5es franco-chinesas em todos os dom\u00ednios\u201d, parece traduzir a vontade da maioria dos governos europeus, de reavivar os la\u00e7os comerciais e diplom\u00e1ticos com a China.<\/p>\n<p>O discurso da presidente da Comiss\u00e3o Europeia, ao propor uma \u201cestrat\u00e9gia de redu\u00e7\u00e3o dos riscos econ\u00f3micos\u201d, afirma que a Uni\u00e3o Europeia precisa definir o seu futuro relacionamento com \u201ca China e outros pa\u00edses em \u00e1reas sens\u00edveis de alta tecnologia, como microeletr\u00f4nica, computa\u00e7\u00e3o qu\u00e2ntica, rob\u00f3tica, intelig\u00eancia artificial e biotecnologia\u201d, mas omite quais s\u00e3o esses outros pa\u00edses e sobretudo, oculta a cr\u00edtica \u00e0 lei\/plano dos Estados Unidos \u201ccontra a infla\u00e7\u00e3o\u201d, que visa subsidiar a produ\u00e7\u00e3o em territ\u00f3rio americano de tecnologias limpas com 370 mil milh\u00f5es de d\u00f3lares, que a pr\u00f3pria UE considera discriminat\u00f3ria, e contr\u00e1rio \u00e0s regras da Organiza\u00e7\u00e3o Mundial do Com\u00e9rcio e que, em paralelo com a escalada inflacion\u00e1ria, amea\u00e7a levar as empresas europeias a abandonar o seu continente.<\/p>\n<p>Hoje h\u00e1 sinais claros de que os partidos e pol\u00edticos conservadores e neoliberais que dominam o parlamento europeu e escolhem os l\u00edderes da Comiss\u00e3o, j\u00e1 n\u00e3o representam nem os interesses do seu sector empresarial, nem da maioria dos seus cidad\u00e3os, abrindo um largo campo pol\u00edtico para o crescimento da extrema-direita chauvinista. A presidente de Comiss\u00e3o Europeia, que negociou com a China durante sete anos o Acordo Global de Investimento (CAI, sigla em ingl\u00eas) e celebrou a sua import\u00e2ncia para a recupera\u00e7\u00e3o econ\u00f3mica e a prosperidade comum, afirma no seu discurso que o documento deve ser revisto porque pode p\u00f4r em causa a seguran\u00e7a europeia! Acusa a pol\u00edtica chinesa de sobrepor o imperativo de seguran\u00e7a e controle \u00e0 l\u00f3gica dos mercados livres e do com\u00e9rcio aberto, mas prop\u00f5e aos governos europeus fazer exatamente aquilo de que a China \u00e9 acusada, servindo-se dos regulamentos e das san\u00e7\u00f5es!?<\/p>\n<p>Contudo, nem a burocracia de Bruxelas pode negar os contributos decisivos da China para a erradica\u00e7\u00e3o da pobreza e a diplomacia da paz, que constituem a ess\u00eancia da Declara\u00e7\u00e3o Universal dos Direitos do Homem e, n\u00e3o menos importante, o seu papel na transi\u00e7\u00e3o ecol\u00f3gica e do desenvolvimento sustent\u00e1vel. \u201cEm menos de 50 anos, a China saiu da pobreza generalizada e do isolamento econ\u00f4mico para se tornar a segunda maior economia do mundo e l\u00edder em muitas tecnologias de ponta. Desde 1978, o crescimento m\u00e9dio foi de mais de 9% ao ano e cerca\u00a0de 800 milh\u00f5es de pessoas sa\u00edram da pobreza. Esta \u00e9 uma das maiores realiza\u00e7\u00f5es do \u00faltimo meio s\u00e9culo.\u201d\u2026 Existem algumas ilhas de oportunidade nas quais podemos construir. Vejam as mudan\u00e7as clim\u00e1ticas e a prote\u00e7\u00e3o da natureza. Congratulo-me com o papel de lideran\u00e7a que a China desempenhou na garantia do hist\u00f3rico Quadro Global de Biodiversidade\u00a0Kunming-Montreal. E, algumas semanas atr\u00e1s, a China tamb\u00e9m foi um participante ativo no acordo global para proteger a biodiversidade em \u00e1guas internacionais. Num momento de conflito e tens\u00e3o global, essas s\u00e3o conquistas diplom\u00e1ticas not\u00e1veis \u2013 nas quais a China e a Uni\u00e3o Europeia trabalharam juntas\u201d, afirmou Ursula. \u201cExistem algumas ilhas de oportunidade nas quais podemos construir (\u2026) a diplomacia ainda pode funcionar \u2013 seja na prepara\u00e7\u00e3o para uma pandemia, na n\u00e3o prolifera\u00e7\u00e3o nuclear ou na estabilidade financeira global (\u2026) A China \u00e9 um parceiro comercial vital \u2013 respondendo por 9% de nossas exporta\u00e7\u00f5es de mercadorias e mais de 20% de nossas importa\u00e7\u00f5es de mercadorias. Enquanto os desequil\u00edbrios est\u00e3o crescendo, a maior parte do nosso com\u00e9rcio de bens e servi\u00e7os permanece mutuamente ben\u00e9fico e &#8216;sem riscos&#8217;\u201d, concluiu.<\/p>\n<p>A presidente da Comiss\u00e3o Europeia, logo se contradiz ao postular como \u201ca quarta parte da estrat\u00e9gia de redu\u00e7\u00e3o de riscos econ\u00f4micos o alinhamento com os parceiros do G7 e do G20\u201d, (orientados para acordos de livre com\u00e9rcio onde ainda n\u00e3o os temos) como com a Nova Zel\u00e2ndia, Austr\u00e1lia, \u00cdndia, os nossos parceiros da Asean e do Mercosul, e o Jap\u00e3o, atrav\u00e9s da iniciativa estrat\u00e9gica Global Gateway, que procura mimetizar a nova Rota da Seda.<\/p>\n<p>Enfim, a Comiss\u00e3o Europeia pretende tra\u00e7ar a sua pol\u00edtica internacional, como se a Organiza\u00e7\u00e3o das Na\u00e7\u00f5es Unidas n\u00e3o existisse e ignorando que, sob a batuta dos EUA, seguindo a estrat\u00e9gia dos te\u00f3ricos \u201cda Velha e da Nova Europa\u201d, o pr\u00f3prio presidente dos EUA criou na pr\u00e1tica um novo bloco pol\u00edtico-militar, a pretexto da guerra na Ucr\u00e2nia, que congrega a maioria das antigas rep\u00fablicas socialistas, tendo o governo da Pol\u00f3nia como cabe\u00e7a pol\u00edtica e quartel-general da sua geoestrat\u00e9gia.<\/p>\n<p>No caminho da parceria estrat\u00e9gica, pela paz e pelo desenvolvimento sustent\u00e1vel<\/p>\n<p>A pol\u00edtica internacional da Fran\u00e7a, apesar de enfraquecida pela crise social que nela alastra, tem na Declara\u00e7\u00e3o Conjunta um projeto de coopera\u00e7\u00e3o que serve, em primeiro lugar, o objetivo de recuperar a autonomia da UE, no advento de uma nova ordem internacional. S\u00e3o os governos da Fran\u00e7a e da Alemanha quem realmente decidem a pol\u00edtica da UE. Citemos a sua linha geral:<\/p>\n<p>A Fran\u00e7a e a China, membros permanentes do Conselho de Seguran\u00e7a das Na\u00e7\u00f5es Unidas, acreditam que as diferen\u00e7as e disputas entre os Estados devem ser resolvidas pacificamente por meio do di\u00e1logo e da consulta. Procuram fortalecer o sistema internacional multilateral sob a \u00e9gide das Na\u00e7\u00f5es Unidas, num mundo multipolar.<\/p>\n<p>A Fran\u00e7a e a China reafirmam o seu compromisso de promover de forma equilibrada os tr\u00eas pilares do Tratado de N\u00e3o Prolifera\u00e7\u00e3o de Armas Nucleares, uma guerra nuclear n\u00e3o pode ser vencida e nunca deve ser travada.<\/p>\n<p>Ambas as partes apoiam todos os esfor\u00e7os para restabelecer a paz na Ucr\u00e2nia com base no direito internacional e nos prop\u00f3sitos e princ\u00edpios da Carta das Na\u00e7\u00f5es Unidas. A Fran\u00e7a reafirma o seu apego \u00e0 pol\u00edtica de uma s\u00f3 China.<\/p>\n<p>A Fran\u00e7a e a China comprometem-se a conceder condi\u00e7\u00f5es de concorr\u00eancia justas e n\u00e3o discriminat\u00f3rias \u00e0s empresas. A China e a Fran\u00e7a sa\u00fadam os resultados obtidos pelo acordo intergovernamental de 2015 sobre parcerias em terceiros mercados.<\/p>\n<p>As duas partes reafirmam o desejo de fortalecer a coopera\u00e7\u00e3o no campo das ind\u00fastrias culturais e criativas, a coopera\u00e7\u00e3o no ensino rec\u00edproco da l\u00edngua, a coopera\u00e7\u00e3o no ensino superior e na forma\u00e7\u00e3o profissional.<\/p>\n<p>A Fran\u00e7a e a China concordaram com a import\u00e2ncia de aumentar o apoio prestado aos pa\u00edses mais afetados pela crise alimentar, incluindo os seus parceiros africanos, nomeadamente atrav\u00e9s da Organiza\u00e7\u00e3o das Na\u00e7\u00f5es Unidas.<\/p>\n<p>A Fran\u00e7a e a China refor\u00e7am o seu apoio ao sistema multilateral de com\u00e9rcio centrado na Organiza\u00e7\u00e3o Mundial do Com\u00e9rcio e na sua reforma. Pretendem cooperar para remediar as dificuldades de acesso ao financiamento das economias em desenvolvimento e emergentes, nomeadamente com \u00a0a implementa\u00e7\u00e3o do Quadro Comum para o Tratamento da D\u00edvida adotado pelo G20 e pelo Clube de Paris e incentivar uma acelera\u00e7\u00e3o de sua transi\u00e7\u00e3o energ\u00e9tica e clim\u00e1tica, apoiando o seu desenvolvimento sustent\u00e1vel. A China participar\u00e1 da C\u00fapula para um Novo Pacto Financeiro Global em Paris em junho de 2023. A Fran\u00e7a participar\u00e1 do Terceiro F\u00f3rum do Cintur\u00e3o e Rota para Coopera\u00e7\u00e3o Internacional.<\/p>\n<p>A Fran\u00e7a e a China reafirmam os seus respetivos compromissos de neutralidade clim\u00e1tica\/neutralidade de carbono e efetiva implementa\u00e7\u00e3o do Quadro Kunming-Montreal, apoiam a promo\u00e7\u00e3o e o desenvolvimento de financiamentos que contribuam para a transi\u00e7\u00e3o ecol\u00f3gica. Os dois pa\u00edses sa\u00fadam o acordo Confer\u00eancia Intergovernamental sobre Biodiversidade Marinha de \u00c1reas Al\u00e9m da Jurisdi\u00e7\u00e3o Nacional (BBNJ).<\/p>\n<p>A Fran\u00e7a e a China enfatizam a import\u00e2ncia, para o desenvolvimento de cada pa\u00eds, da promo\u00e7\u00e3o e prote\u00e7\u00e3o dos direitos humanos e liberdades fundamentais de acordo com os prop\u00f3sitos e princ\u00edpios da Carta das Na\u00e7\u00f5es Unidas.<\/p>\n","protected":false},"excerpt":{"rendered":"<p>Por Ant\u00f3nio dos Santos Queir\u00f3s, professor e investigador, Universidade de Lisboa O presidente franc\u00eas, Emmanuel Macron,\u00a0convidou a presidente da Comiss\u00e3o Europeia,\u00a0Ursula von der Leyen, para o acompanhar na sua visita de Estado \u00e0 China. O discurso que ela proferiu antecipadamente&#8230;<\/p>\n","protected":false},"author":2,"featured_media":1006,"comment_status":"open","ping_status":"open","sticky":false,"template":"","format":"standard","meta":{"footnotes":""},"categories":[7],"tags":[],"class_list":["post-1005","post","type-post","status-publish","format-standard","has-post-thumbnail","hentry","category-visao"],"yoast_head":"<!-- This site is optimized with the Yoast SEO plugin v27.4 - https:\/\/yoast.com\/product\/yoast-seo-wordpress\/ -->\n<title>A diplomacia francesa conduz de novo a UE para a coopera\u00e7\u00e3o com a China - CRI e Diario de Pernambuco<\/title>\n<meta name=\"robots\" content=\"index, follow, max-snippet:-1, max-image-preview:large, max-video-preview:-1\" \/>\n<link rel=\"canonical\" href=\"https:\/\/diariodepe.com.br\/cri\/2023\/04\/13\/a-diplomacia-francesa-conduz-de-novo-a-ue-para-a-cooperacao-com-a-china\/\" \/>\n<meta property=\"og:locale\" content=\"pt_BR\" \/>\n<meta property=\"og:type\" content=\"article\" \/>\n<meta property=\"og:title\" content=\"A diplomacia francesa conduz de novo a UE para a coopera\u00e7\u00e3o com a China - CRI e Diario de Pernambuco\" \/>\n<meta property=\"og:description\" content=\"Por Ant\u00f3nio dos Santos Queir\u00f3s, professor e investigador, Universidade de Lisboa O presidente franc\u00eas, Emmanuel Macron,\u00a0convidou a presidente da Comiss\u00e3o Europeia,\u00a0Ursula von der Leyen, para o acompanhar na sua visita de Estado \u00e0 China. O discurso que ela proferiu antecipadamente...\" \/>\n<meta property=\"og:url\" content=\"https:\/\/diariodepe.com.br\/cri\/2023\/04\/13\/a-diplomacia-francesa-conduz-de-novo-a-ue-para-a-cooperacao-com-a-china\/\" \/>\n<meta property=\"og:site_name\" content=\"CRI e Diario de Pernambuco\" \/>\n<meta property=\"article:published_time\" content=\"2023-04-13T09:21:27+00:00\" \/>\n<meta property=\"og:image\" content=\"https:\/\/diariodepe.com.br\/cri\/wp-content\/uploads\/sites\/2\/2023\/04\/\u5fae\u4fe1\u56fe\u7247_20230413172019_\u526f\u672c.jpg\" \/>\n\t<meta property=\"og:image:width\" content=\"560\" \/>\n\t<meta property=\"og:image:height\" content=\"371\" \/>\n\t<meta property=\"og:image:type\" content=\"image\/jpeg\" \/>\n<meta name=\"author\" content=\"Ismael Lucas S. Pereira\" \/>\n<meta name=\"twitter:card\" content=\"summary_large_image\" \/>\n<meta name=\"twitter:label1\" content=\"Escrito por\" \/>\n\t<meta name=\"twitter:data1\" content=\"Ismael Lucas S. Pereira\" \/>\n\t<meta name=\"twitter:label2\" content=\"Est. tempo de leitura\" \/>\n\t<meta name=\"twitter:data2\" content=\"8 minutos\" \/>\n<script type=\"application\/ld+json\" class=\"yoast-schema-graph\">{\"@context\":\"https:\\\/\\\/schema.org\",\"@graph\":[{\"@type\":\"Article\",\"@id\":\"https:\\\/\\\/diariodepe.com.br\\\/cri\\\/2023\\\/04\\\/13\\\/a-diplomacia-francesa-conduz-de-novo-a-ue-para-a-cooperacao-com-a-china\\\/#article\",\"isPartOf\":{\"@id\":\"https:\\\/\\\/diariodepe.com.br\\\/cri\\\/2023\\\/04\\\/13\\\/a-diplomacia-francesa-conduz-de-novo-a-ue-para-a-cooperacao-com-a-china\\\/\"},\"author\":{\"name\":\"Ismael Lucas S. Pereira\",\"@id\":\"https:\\\/\\\/diariodepe.com.br\\\/cri\\\/#\\\/schema\\\/person\\\/121bb28d84f1a5b1205ef4ce9c2e0c6b\"},\"headline\":\"A diplomacia francesa conduz de novo a UE para a coopera\u00e7\u00e3o com a China\",\"datePublished\":\"2023-04-13T09:21:27+00:00\",\"mainEntityOfPage\":{\"@id\":\"https:\\\/\\\/diariodepe.com.br\\\/cri\\\/2023\\\/04\\\/13\\\/a-diplomacia-francesa-conduz-de-novo-a-ue-para-a-cooperacao-com-a-china\\\/\"},\"wordCount\":1514,\"commentCount\":0,\"publisher\":{\"@id\":\"https:\\\/\\\/diariodepe.com.br\\\/cri\\\/#organization\"},\"image\":{\"@id\":\"https:\\\/\\\/diariodepe.com.br\\\/cri\\\/2023\\\/04\\\/13\\\/a-diplomacia-francesa-conduz-de-novo-a-ue-para-a-cooperacao-com-a-china\\\/#primaryimage\"},\"thumbnailUrl\":\"https:\\\/\\\/diariodepe.com.br\\\/cri\\\/wp-content\\\/uploads\\\/sites\\\/2\\\/2023\\\/04\\\/\u5fae\u4fe1\u56fe\u7247_20230413172019_\u526f\u672c.jpg\",\"articleSection\":[\"Vis\u00e3o\"],\"inLanguage\":\"pt-BR\",\"potentialAction\":[{\"@type\":\"CommentAction\",\"name\":\"Comment\",\"target\":[\"https:\\\/\\\/diariodepe.com.br\\\/cri\\\/2023\\\/04\\\/13\\\/a-diplomacia-francesa-conduz-de-novo-a-ue-para-a-cooperacao-com-a-china\\\/#respond\"]}]},{\"@type\":\"WebPage\",\"@id\":\"https:\\\/\\\/diariodepe.com.br\\\/cri\\\/2023\\\/04\\\/13\\\/a-diplomacia-francesa-conduz-de-novo-a-ue-para-a-cooperacao-com-a-china\\\/\",\"url\":\"https:\\\/\\\/diariodepe.com.br\\\/cri\\\/2023\\\/04\\\/13\\\/a-diplomacia-francesa-conduz-de-novo-a-ue-para-a-cooperacao-com-a-china\\\/\",\"name\":\"A diplomacia francesa conduz de novo a UE para a coopera\u00e7\u00e3o com a China - CRI e Diario de Pernambuco\",\"isPartOf\":{\"@id\":\"https:\\\/\\\/diariodepe.com.br\\\/cri\\\/#website\"},\"primaryImageOfPage\":{\"@id\":\"https:\\\/\\\/diariodepe.com.br\\\/cri\\\/2023\\\/04\\\/13\\\/a-diplomacia-francesa-conduz-de-novo-a-ue-para-a-cooperacao-com-a-china\\\/#primaryimage\"},\"image\":{\"@id\":\"https:\\\/\\\/diariodepe.com.br\\\/cri\\\/2023\\\/04\\\/13\\\/a-diplomacia-francesa-conduz-de-novo-a-ue-para-a-cooperacao-com-a-china\\\/#primaryimage\"},\"thumbnailUrl\":\"https:\\\/\\\/diariodepe.com.br\\\/cri\\\/wp-content\\\/uploads\\\/sites\\\/2\\\/2023\\\/04\\\/\u5fae\u4fe1\u56fe\u7247_20230413172019_\u526f\u672c.jpg\",\"datePublished\":\"2023-04-13T09:21:27+00:00\",\"breadcrumb\":{\"@id\":\"https:\\\/\\\/diariodepe.com.br\\\/cri\\\/2023\\\/04\\\/13\\\/a-diplomacia-francesa-conduz-de-novo-a-ue-para-a-cooperacao-com-a-china\\\/#breadcrumb\"},\"inLanguage\":\"pt-BR\",\"potentialAction\":[{\"@type\":\"ReadAction\",\"target\":[\"https:\\\/\\\/diariodepe.com.br\\\/cri\\\/2023\\\/04\\\/13\\\/a-diplomacia-francesa-conduz-de-novo-a-ue-para-a-cooperacao-com-a-china\\\/\"]}]},{\"@type\":\"ImageObject\",\"inLanguage\":\"pt-BR\",\"@id\":\"https:\\\/\\\/diariodepe.com.br\\\/cri\\\/2023\\\/04\\\/13\\\/a-diplomacia-francesa-conduz-de-novo-a-ue-para-a-cooperacao-com-a-china\\\/#primaryimage\",\"url\":\"https:\\\/\\\/diariodepe.com.br\\\/cri\\\/wp-content\\\/uploads\\\/sites\\\/2\\\/2023\\\/04\\\/\u5fae\u4fe1\u56fe\u7247_20230413172019_\u526f\u672c.jpg\",\"contentUrl\":\"https:\\\/\\\/diariodepe.com.br\\\/cri\\\/wp-content\\\/uploads\\\/sites\\\/2\\\/2023\\\/04\\\/\u5fae\u4fe1\u56fe\u7247_20230413172019_\u526f\u672c.jpg\",\"width\":560,\"height\":371},{\"@type\":\"BreadcrumbList\",\"@id\":\"https:\\\/\\\/diariodepe.com.br\\\/cri\\\/2023\\\/04\\\/13\\\/a-diplomacia-francesa-conduz-de-novo-a-ue-para-a-cooperacao-com-a-china\\\/#breadcrumb\",\"itemListElement\":[{\"@type\":\"ListItem\",\"position\":1,\"name\":\"In\u00edcio\",\"item\":\"https:\\\/\\\/diariodepe.com.br\\\/cri\\\/\"},{\"@type\":\"ListItem\",\"position\":2,\"name\":\"A diplomacia francesa conduz de novo a UE para a coopera\u00e7\u00e3o com a China\"}]},{\"@type\":\"WebSite\",\"@id\":\"https:\\\/\\\/diariodepe.com.br\\\/cri\\\/#website\",\"url\":\"https:\\\/\\\/diariodepe.com.br\\\/cri\\\/\",\"name\":\"CRI e Diario de Pernambuco\",\"description\":\"R\u00e1dio Internacional da China\",\"publisher\":{\"@id\":\"https:\\\/\\\/diariodepe.com.br\\\/cri\\\/#organization\"},\"potentialAction\":[{\"@type\":\"SearchAction\",\"target\":{\"@type\":\"EntryPoint\",\"urlTemplate\":\"https:\\\/\\\/diariodepe.com.br\\\/cri\\\/?s={search_term_string}\"},\"query-input\":{\"@type\":\"PropertyValueSpecification\",\"valueRequired\":true,\"valueName\":\"search_term_string\"}}],\"inLanguage\":\"pt-BR\"},{\"@type\":\"Organization\",\"@id\":\"https:\\\/\\\/diariodepe.com.br\\\/cri\\\/#organization\",\"name\":\"CRI e Diario de Pernambuco\",\"url\":\"https:\\\/\\\/diariodepe.com.br\\\/cri\\\/\",\"logo\":{\"@type\":\"ImageObject\",\"inLanguage\":\"pt-BR\",\"@id\":\"https:\\\/\\\/diariodepe.com.br\\\/cri\\\/#\\\/schema\\\/logo\\\/image\\\/\",\"url\":\"https:\\\/\\\/diariodepe.com.br\\\/cri\\\/wp-content\\\/uploads\\\/sites\\\/2\\\/2022\\\/12\\\/cropped-Logo.jpg\",\"contentUrl\":\"https:\\\/\\\/diariodepe.com.br\\\/cri\\\/wp-content\\\/uploads\\\/sites\\\/2\\\/2022\\\/12\\\/cropped-Logo.jpg\",\"width\":700,\"height\":59,\"caption\":\"CRI e Diario de Pernambuco\"},\"image\":{\"@id\":\"https:\\\/\\\/diariodepe.com.br\\\/cri\\\/#\\\/schema\\\/logo\\\/image\\\/\"}},{\"@type\":\"Person\",\"@id\":\"https:\\\/\\\/diariodepe.com.br\\\/cri\\\/#\\\/schema\\\/person\\\/121bb28d84f1a5b1205ef4ce9c2e0c6b\",\"name\":\"Ismael Lucas S. Pereira\",\"image\":{\"@type\":\"ImageObject\",\"inLanguage\":\"pt-BR\",\"@id\":\"https:\\\/\\\/secure.gravatar.com\\\/avatar\\\/887a0f3b5a7ceea963a48499fb883ffce6b5037362def025c52c2505b15d63e4?s=96&d=mm&r=g\",\"url\":\"https:\\\/\\\/secure.gravatar.com\\\/avatar\\\/887a0f3b5a7ceea963a48499fb883ffce6b5037362def025c52c2505b15d63e4?s=96&d=mm&r=g\",\"contentUrl\":\"https:\\\/\\\/secure.gravatar.com\\\/avatar\\\/887a0f3b5a7ceea963a48499fb883ffce6b5037362def025c52c2505b15d63e4?s=96&d=mm&r=g\",\"caption\":\"Ismael Lucas S. Pereira\"},\"url\":\"https:\\\/\\\/diariodepe.com.br\\\/cri\\\/author\\\/ismael-lucas\\\/\"}]}<\/script>\n<!-- \/ Yoast SEO plugin. -->","yoast_head_json":{"title":"A diplomacia francesa conduz de novo a UE para a coopera\u00e7\u00e3o com a China - CRI e Diario de Pernambuco","robots":{"index":"index","follow":"follow","max-snippet":"max-snippet:-1","max-image-preview":"max-image-preview:large","max-video-preview":"max-video-preview:-1"},"canonical":"https:\/\/diariodepe.com.br\/cri\/2023\/04\/13\/a-diplomacia-francesa-conduz-de-novo-a-ue-para-a-cooperacao-com-a-china\/","og_locale":"pt_BR","og_type":"article","og_title":"A diplomacia francesa conduz de novo a UE para a coopera\u00e7\u00e3o com a China - CRI e Diario de Pernambuco","og_description":"Por Ant\u00f3nio dos Santos Queir\u00f3s, professor e investigador, Universidade de Lisboa O presidente franc\u00eas, Emmanuel Macron,\u00a0convidou a presidente da Comiss\u00e3o Europeia,\u00a0Ursula von der Leyen, para o acompanhar na sua visita de Estado \u00e0 China. O discurso que ela proferiu antecipadamente...","og_url":"https:\/\/diariodepe.com.br\/cri\/2023\/04\/13\/a-diplomacia-francesa-conduz-de-novo-a-ue-para-a-cooperacao-com-a-china\/","og_site_name":"CRI e Diario de Pernambuco","article_published_time":"2023-04-13T09:21:27+00:00","og_image":[{"width":560,"height":371,"url":"https:\/\/diariodepe.com.br\/cri\/wp-content\/uploads\/sites\/2\/2023\/04\/\u5fae\u4fe1\u56fe\u7247_20230413172019_\u526f\u672c.jpg","type":"image\/jpeg"}],"author":"Ismael Lucas S. Pereira","twitter_card":"summary_large_image","twitter_misc":{"Escrito por":"Ismael Lucas S. Pereira","Est. tempo de leitura":"8 minutos"},"schema":{"@context":"https:\/\/schema.org","@graph":[{"@type":"Article","@id":"https:\/\/diariodepe.com.br\/cri\/2023\/04\/13\/a-diplomacia-francesa-conduz-de-novo-a-ue-para-a-cooperacao-com-a-china\/#article","isPartOf":{"@id":"https:\/\/diariodepe.com.br\/cri\/2023\/04\/13\/a-diplomacia-francesa-conduz-de-novo-a-ue-para-a-cooperacao-com-a-china\/"},"author":{"name":"Ismael Lucas S. Pereira","@id":"https:\/\/diariodepe.com.br\/cri\/#\/schema\/person\/121bb28d84f1a5b1205ef4ce9c2e0c6b"},"headline":"A diplomacia francesa conduz de novo a UE para a coopera\u00e7\u00e3o com a China","datePublished":"2023-04-13T09:21:27+00:00","mainEntityOfPage":{"@id":"https:\/\/diariodepe.com.br\/cri\/2023\/04\/13\/a-diplomacia-francesa-conduz-de-novo-a-ue-para-a-cooperacao-com-a-china\/"},"wordCount":1514,"commentCount":0,"publisher":{"@id":"https:\/\/diariodepe.com.br\/cri\/#organization"},"image":{"@id":"https:\/\/diariodepe.com.br\/cri\/2023\/04\/13\/a-diplomacia-francesa-conduz-de-novo-a-ue-para-a-cooperacao-com-a-china\/#primaryimage"},"thumbnailUrl":"https:\/\/diariodepe.com.br\/cri\/wp-content\/uploads\/sites\/2\/2023\/04\/\u5fae\u4fe1\u56fe\u7247_20230413172019_\u526f\u672c.jpg","articleSection":["Vis\u00e3o"],"inLanguage":"pt-BR","potentialAction":[{"@type":"CommentAction","name":"Comment","target":["https:\/\/diariodepe.com.br\/cri\/2023\/04\/13\/a-diplomacia-francesa-conduz-de-novo-a-ue-para-a-cooperacao-com-a-china\/#respond"]}]},{"@type":"WebPage","@id":"https:\/\/diariodepe.com.br\/cri\/2023\/04\/13\/a-diplomacia-francesa-conduz-de-novo-a-ue-para-a-cooperacao-com-a-china\/","url":"https:\/\/diariodepe.com.br\/cri\/2023\/04\/13\/a-diplomacia-francesa-conduz-de-novo-a-ue-para-a-cooperacao-com-a-china\/","name":"A diplomacia francesa conduz de novo a UE para a coopera\u00e7\u00e3o com a China - CRI e Diario de Pernambuco","isPartOf":{"@id":"https:\/\/diariodepe.com.br\/cri\/#website"},"primaryImageOfPage":{"@id":"https:\/\/diariodepe.com.br\/cri\/2023\/04\/13\/a-diplomacia-francesa-conduz-de-novo-a-ue-para-a-cooperacao-com-a-china\/#primaryimage"},"image":{"@id":"https:\/\/diariodepe.com.br\/cri\/2023\/04\/13\/a-diplomacia-francesa-conduz-de-novo-a-ue-para-a-cooperacao-com-a-china\/#primaryimage"},"thumbnailUrl":"https:\/\/diariodepe.com.br\/cri\/wp-content\/uploads\/sites\/2\/2023\/04\/\u5fae\u4fe1\u56fe\u7247_20230413172019_\u526f\u672c.jpg","datePublished":"2023-04-13T09:21:27+00:00","breadcrumb":{"@id":"https:\/\/diariodepe.com.br\/cri\/2023\/04\/13\/a-diplomacia-francesa-conduz-de-novo-a-ue-para-a-cooperacao-com-a-china\/#breadcrumb"},"inLanguage":"pt-BR","potentialAction":[{"@type":"ReadAction","target":["https:\/\/diariodepe.com.br\/cri\/2023\/04\/13\/a-diplomacia-francesa-conduz-de-novo-a-ue-para-a-cooperacao-com-a-china\/"]}]},{"@type":"ImageObject","inLanguage":"pt-BR","@id":"https:\/\/diariodepe.com.br\/cri\/2023\/04\/13\/a-diplomacia-francesa-conduz-de-novo-a-ue-para-a-cooperacao-com-a-china\/#primaryimage","url":"https:\/\/diariodepe.com.br\/cri\/wp-content\/uploads\/sites\/2\/2023\/04\/\u5fae\u4fe1\u56fe\u7247_20230413172019_\u526f\u672c.jpg","contentUrl":"https:\/\/diariodepe.com.br\/cri\/wp-content\/uploads\/sites\/2\/2023\/04\/\u5fae\u4fe1\u56fe\u7247_20230413172019_\u526f\u672c.jpg","width":560,"height":371},{"@type":"BreadcrumbList","@id":"https:\/\/diariodepe.com.br\/cri\/2023\/04\/13\/a-diplomacia-francesa-conduz-de-novo-a-ue-para-a-cooperacao-com-a-china\/#breadcrumb","itemListElement":[{"@type":"ListItem","position":1,"name":"In\u00edcio","item":"https:\/\/diariodepe.com.br\/cri\/"},{"@type":"ListItem","position":2,"name":"A diplomacia francesa conduz de novo a UE para a coopera\u00e7\u00e3o com a China"}]},{"@type":"WebSite","@id":"https:\/\/diariodepe.com.br\/cri\/#website","url":"https:\/\/diariodepe.com.br\/cri\/","name":"CRI e Diario de Pernambuco","description":"R\u00e1dio Internacional da China","publisher":{"@id":"https:\/\/diariodepe.com.br\/cri\/#organization"},"potentialAction":[{"@type":"SearchAction","target":{"@type":"EntryPoint","urlTemplate":"https:\/\/diariodepe.com.br\/cri\/?s={search_term_string}"},"query-input":{"@type":"PropertyValueSpecification","valueRequired":true,"valueName":"search_term_string"}}],"inLanguage":"pt-BR"},{"@type":"Organization","@id":"https:\/\/diariodepe.com.br\/cri\/#organization","name":"CRI e Diario de Pernambuco","url":"https:\/\/diariodepe.com.br\/cri\/","logo":{"@type":"ImageObject","inLanguage":"pt-BR","@id":"https:\/\/diariodepe.com.br\/cri\/#\/schema\/logo\/image\/","url":"https:\/\/diariodepe.com.br\/cri\/wp-content\/uploads\/sites\/2\/2022\/12\/cropped-Logo.jpg","contentUrl":"https:\/\/diariodepe.com.br\/cri\/wp-content\/uploads\/sites\/2\/2022\/12\/cropped-Logo.jpg","width":700,"height":59,"caption":"CRI e Diario de Pernambuco"},"image":{"@id":"https:\/\/diariodepe.com.br\/cri\/#\/schema\/logo\/image\/"}},{"@type":"Person","@id":"https:\/\/diariodepe.com.br\/cri\/#\/schema\/person\/121bb28d84f1a5b1205ef4ce9c2e0c6b","name":"Ismael Lucas S. Pereira","image":{"@type":"ImageObject","inLanguage":"pt-BR","@id":"https:\/\/secure.gravatar.com\/avatar\/887a0f3b5a7ceea963a48499fb883ffce6b5037362def025c52c2505b15d63e4?s=96&d=mm&r=g","url":"https:\/\/secure.gravatar.com\/avatar\/887a0f3b5a7ceea963a48499fb883ffce6b5037362def025c52c2505b15d63e4?s=96&d=mm&r=g","contentUrl":"https:\/\/secure.gravatar.com\/avatar\/887a0f3b5a7ceea963a48499fb883ffce6b5037362def025c52c2505b15d63e4?s=96&d=mm&r=g","caption":"Ismael Lucas S. Pereira"},"url":"https:\/\/diariodepe.com.br\/cri\/author\/ismael-lucas\/"}]}},"cc_featured_image_caption":{"caption_text":false,"source_text":false,"source_url":false},"amp_enabled":true,"_links":{"self":[{"href":"https:\/\/diariodepe.com.br\/cri\/wp-json\/wp\/v2\/posts\/1005","targetHints":{"allow":["GET"]}}],"collection":[{"href":"https:\/\/diariodepe.com.br\/cri\/wp-json\/wp\/v2\/posts"}],"about":[{"href":"https:\/\/diariodepe.com.br\/cri\/wp-json\/wp\/v2\/types\/post"}],"author":[{"embeddable":true,"href":"https:\/\/diariodepe.com.br\/cri\/wp-json\/wp\/v2\/users\/2"}],"replies":[{"embeddable":true,"href":"https:\/\/diariodepe.com.br\/cri\/wp-json\/wp\/v2\/comments?post=1005"}],"version-history":[{"count":1,"href":"https:\/\/diariodepe.com.br\/cri\/wp-json\/wp\/v2\/posts\/1005\/revisions"}],"predecessor-version":[{"id":1007,"href":"https:\/\/diariodepe.com.br\/cri\/wp-json\/wp\/v2\/posts\/1005\/revisions\/1007"}],"wp:featuredmedia":[{"embeddable":true,"href":"https:\/\/diariodepe.com.br\/cri\/wp-json\/wp\/v2\/media\/1006"}],"wp:attachment":[{"href":"https:\/\/diariodepe.com.br\/cri\/wp-json\/wp\/v2\/media?parent=1005"}],"wp:term":[{"taxonomy":"category","embeddable":true,"href":"https:\/\/diariodepe.com.br\/cri\/wp-json\/wp\/v2\/categories?post=1005"},{"taxonomy":"post_tag","embeddable":true,"href":"https:\/\/diariodepe.com.br\/cri\/wp-json\/wp\/v2\/tags?post=1005"}],"curies":[{"name":"wp","href":"https:\/\/api.w.org\/{rel}","templated":true}]}}