{"id":1003,"date":"2023-04-13T03:42:03","date_gmt":"2023-04-13T06:42:03","guid":{"rendered":"https:\/\/diariodepe.com.br\/cri\/?p=1003"},"modified":"2023-04-13T03:42:03","modified_gmt":"2023-04-13T06:42:03","slug":"consumo-de-segunda-mao-lidera-nova-tendencia-de-baixo-carbono","status":"publish","type":"post","link":"https:\/\/diariodepe.com.br\/cri\/2023\/04\/13\/consumo-de-segunda-mao-lidera-nova-tendencia-de-baixo-carbono\/","title":{"rendered":"Consumo de segunda m\u00e3o lidera nova tend\u00eancia de baixo carbono"},"content":{"rendered":"<p>Em 2022, o n\u00famero de usu\u00e1rios de com\u00e9rcio eletr\u00f4nico de segunda m\u00e3o na China chegou a 263 milh\u00f5es. Entre eles, jovens com idade inferior a 35 anos s\u00e3o os principais usu\u00e1rios. A fim de incentivar o com\u00e9rcio de segunda m\u00e3o, que ajudar\u00e1 a reduzir as emiss\u00f5es de carbono, algumas plataformas de com\u00e9rcio de segunda m\u00e3o tamb\u00e9m lan\u00e7aram atividades para recompensar os usu\u00e1rios com pontos de carbono. Assim, os usu\u00e1rios podem usar os pontos para trocar por mercadorias gratuitamente. Em 2022, quase 20 milh\u00f5es de usu\u00e1rios negociaram bens\u00a0de segunda m\u00e3o na plataforma Zhuanzhuan, e um total de 668 mil toneladas de emiss\u00f5es de carbono foram reduzidas. Mais de 3,48 milh\u00f5es de livros de segunda m\u00e3o foram vendidos, o que equivale \u00e0 prote\u00e7\u00e3o de 30 mil \u00e1rvores.<\/p>\n<p><iframe title=\"Consumo de segunda m\u00e3o lidera nova tend\u00eancia de baixo carbono\" width=\"640\" height=\"360\" src=\"https:\/\/www.youtube.com\/embed\/Oj7Sa3P5RDY?feature=oembed\" frameborder=\"0\" allow=\"accelerometer; autoplay; clipboard-write; encrypted-media; gyroscope; picture-in-picture; web-share\" referrerpolicy=\"strict-origin-when-cross-origin\" allowfullscreen><\/iframe><\/p>\n","protected":false},"excerpt":{"rendered":"<p>Em 2022, o n\u00famero de usu\u00e1rios de com\u00e9rcio eletr\u00f4nico de segunda m\u00e3o na China chegou a 263 milh\u00f5es. Entre eles, jovens com idade inferior a 35 anos s\u00e3o os principais usu\u00e1rios. A fim de incentivar o com\u00e9rcio de segunda m\u00e3o,&#8230;<\/p>\n","protected":false},"author":2,"featured_media":0,"comment_status":"open","ping_status":"open","sticky":false,"template":"","format":"standard","meta":{"footnotes":""},"categories":[11],"tags":[],"class_list":["post-1003","post","type-post","status-publish","format-standard","hentry","category-videos"],"yoast_head":"<!-- This site is optimized with the Yoast SEO plugin v27.4 - https:\/\/yoast.com\/product\/yoast-seo-wordpress\/ -->\n<title>Consumo de segunda m\u00e3o lidera nova tend\u00eancia de baixo carbono - CRI e Diario de Pernambuco<\/title>\n<meta name=\"robots\" content=\"index, follow, max-snippet:-1, max-image-preview:large, max-video-preview:-1\" \/>\n<link rel=\"canonical\" href=\"https:\/\/diariodepe.com.br\/cri\/2023\/04\/13\/consumo-de-segunda-mao-lidera-nova-tendencia-de-baixo-carbono\/\" \/>\n<meta property=\"og:locale\" content=\"pt_BR\" \/>\n<meta property=\"og:type\" content=\"article\" \/>\n<meta property=\"og:title\" content=\"Consumo de segunda m\u00e3o lidera nova tend\u00eancia de baixo carbono - CRI e Diario de Pernambuco\" \/>\n<meta property=\"og:description\" content=\"Em 2022, o n\u00famero de usu\u00e1rios de com\u00e9rcio eletr\u00f4nico de segunda m\u00e3o na China chegou a 263 milh\u00f5es. Entre eles, jovens com idade inferior a 35 anos s\u00e3o os principais usu\u00e1rios. A fim de incentivar o com\u00e9rcio de segunda m\u00e3o,...\" \/>\n<meta property=\"og:url\" content=\"https:\/\/diariodepe.com.br\/cri\/2023\/04\/13\/consumo-de-segunda-mao-lidera-nova-tendencia-de-baixo-carbono\/\" \/>\n<meta property=\"og:site_name\" content=\"CRI e Diario de Pernambuco\" \/>\n<meta property=\"article:published_time\" content=\"2023-04-13T06:42:03+00:00\" \/>\n<meta name=\"author\" content=\"Ismael Lucas S. Pereira\" \/>\n<meta name=\"twitter:card\" content=\"summary_large_image\" \/>\n<meta name=\"twitter:label1\" content=\"Escrito por\" \/>\n\t<meta name=\"twitter:data1\" content=\"Ismael Lucas S. Pereira\" \/>\n\t<meta name=\"twitter:label2\" content=\"Est. tempo de leitura\" \/>\n\t<meta name=\"twitter:data2\" content=\"1 minuto\" \/>\n<script type=\"application\/ld+json\" class=\"yoast-schema-graph\">{\"@context\":\"https:\\\/\\\/schema.org\",\"@graph\":[{\"@type\":\"Article\",\"@id\":\"https:\\\/\\\/diariodepe.com.br\\\/cri\\\/2023\\\/04\\\/13\\\/consumo-de-segunda-mao-lidera-nova-tendencia-de-baixo-carbono\\\/#article\",\"isPartOf\":{\"@id\":\"https:\\\/\\\/diariodepe.com.br\\\/cri\\\/2023\\\/04\\\/13\\\/consumo-de-segunda-mao-lidera-nova-tendencia-de-baixo-carbono\\\/\"},\"author\":{\"name\":\"Ismael Lucas S. Pereira\",\"@id\":\"https:\\\/\\\/diariodepe.com.br\\\/cri\\\/#\\\/schema\\\/person\\\/121bb28d84f1a5b1205ef4ce9c2e0c6b\"},\"headline\":\"Consumo de segunda m\u00e3o lidera nova tend\u00eancia de baixo carbono\",\"datePublished\":\"2023-04-13T06:42:03+00:00\",\"mainEntityOfPage\":{\"@id\":\"https:\\\/\\\/diariodepe.com.br\\\/cri\\\/2023\\\/04\\\/13\\\/consumo-de-segunda-mao-lidera-nova-tendencia-de-baixo-carbono\\\/\"},\"wordCount\":165,\"commentCount\":0,\"publisher\":{\"@id\":\"https:\\\/\\\/diariodepe.com.br\\\/cri\\\/#organization\"},\"articleSection\":[\"V\u00eddeos\"],\"inLanguage\":\"pt-BR\",\"potentialAction\":[{\"@type\":\"CommentAction\",\"name\":\"Comment\",\"target\":[\"https:\\\/\\\/diariodepe.com.br\\\/cri\\\/2023\\\/04\\\/13\\\/consumo-de-segunda-mao-lidera-nova-tendencia-de-baixo-carbono\\\/#respond\"]}]},{\"@type\":\"WebPage\",\"@id\":\"https:\\\/\\\/diariodepe.com.br\\\/cri\\\/2023\\\/04\\\/13\\\/consumo-de-segunda-mao-lidera-nova-tendencia-de-baixo-carbono\\\/\",\"url\":\"https:\\\/\\\/diariodepe.com.br\\\/cri\\\/2023\\\/04\\\/13\\\/consumo-de-segunda-mao-lidera-nova-tendencia-de-baixo-carbono\\\/\",\"name\":\"Consumo de segunda m\u00e3o lidera nova tend\u00eancia de baixo carbono - CRI e Diario de Pernambuco\",\"isPartOf\":{\"@id\":\"https:\\\/\\\/diariodepe.com.br\\\/cri\\\/#website\"},\"datePublished\":\"2023-04-13T06:42:03+00:00\",\"breadcrumb\":{\"@id\":\"https:\\\/\\\/diariodepe.com.br\\\/cri\\\/2023\\\/04\\\/13\\\/consumo-de-segunda-mao-lidera-nova-tendencia-de-baixo-carbono\\\/#breadcrumb\"},\"inLanguage\":\"pt-BR\",\"potentialAction\":[{\"@type\":\"ReadAction\",\"target\":[\"https:\\\/\\\/diariodepe.com.br\\\/cri\\\/2023\\\/04\\\/13\\\/consumo-de-segunda-mao-lidera-nova-tendencia-de-baixo-carbono\\\/\"]}]},{\"@type\":\"BreadcrumbList\",\"@id\":\"https:\\\/\\\/diariodepe.com.br\\\/cri\\\/2023\\\/04\\\/13\\\/consumo-de-segunda-mao-lidera-nova-tendencia-de-baixo-carbono\\\/#breadcrumb\",\"itemListElement\":[{\"@type\":\"ListItem\",\"position\":1,\"name\":\"In\u00edcio\",\"item\":\"https:\\\/\\\/diariodepe.com.br\\\/cri\\\/\"},{\"@type\":\"ListItem\",\"position\":2,\"name\":\"Consumo de segunda m\u00e3o lidera nova tend\u00eancia de baixo carbono\"}]},{\"@type\":\"WebSite\",\"@id\":\"https:\\\/\\\/diariodepe.com.br\\\/cri\\\/#website\",\"url\":\"https:\\\/\\\/diariodepe.com.br\\\/cri\\\/\",\"name\":\"CRI e Diario de Pernambuco\",\"description\":\"R\u00e1dio Internacional da China\",\"publisher\":{\"@id\":\"https:\\\/\\\/diariodepe.com.br\\\/cri\\\/#organization\"},\"potentialAction\":[{\"@type\":\"SearchAction\",\"target\":{\"@type\":\"EntryPoint\",\"urlTemplate\":\"https:\\\/\\\/diariodepe.com.br\\\/cri\\\/?s={search_term_string}\"},\"query-input\":{\"@type\":\"PropertyValueSpecification\",\"valueRequired\":true,\"valueName\":\"search_term_string\"}}],\"inLanguage\":\"pt-BR\"},{\"@type\":\"Organization\",\"@id\":\"https:\\\/\\\/diariodepe.com.br\\\/cri\\\/#organization\",\"name\":\"CRI e Diario de Pernambuco\",\"url\":\"https:\\\/\\\/diariodepe.com.br\\\/cri\\\/\",\"logo\":{\"@type\":\"ImageObject\",\"inLanguage\":\"pt-BR\",\"@id\":\"https:\\\/\\\/diariodepe.com.br\\\/cri\\\/#\\\/schema\\\/logo\\\/image\\\/\",\"url\":\"https:\\\/\\\/diariodepe.com.br\\\/cri\\\/wp-content\\\/uploads\\\/sites\\\/2\\\/2022\\\/12\\\/cropped-Logo.jpg\",\"contentUrl\":\"https:\\\/\\\/diariodepe.com.br\\\/cri\\\/wp-content\\\/uploads\\\/sites\\\/2\\\/2022\\\/12\\\/cropped-Logo.jpg\",\"width\":700,\"height\":59,\"caption\":\"CRI e Diario de Pernambuco\"},\"image\":{\"@id\":\"https:\\\/\\\/diariodepe.com.br\\\/cri\\\/#\\\/schema\\\/logo\\\/image\\\/\"}},{\"@type\":\"Person\",\"@id\":\"https:\\\/\\\/diariodepe.com.br\\\/cri\\\/#\\\/schema\\\/person\\\/121bb28d84f1a5b1205ef4ce9c2e0c6b\",\"name\":\"Ismael Lucas S. Pereira\",\"image\":{\"@type\":\"ImageObject\",\"inLanguage\":\"pt-BR\",\"@id\":\"https:\\\/\\\/secure.gravatar.com\\\/avatar\\\/887a0f3b5a7ceea963a48499fb883ffce6b5037362def025c52c2505b15d63e4?s=96&d=mm&r=g\",\"url\":\"https:\\\/\\\/secure.gravatar.com\\\/avatar\\\/887a0f3b5a7ceea963a48499fb883ffce6b5037362def025c52c2505b15d63e4?s=96&d=mm&r=g\",\"contentUrl\":\"https:\\\/\\\/secure.gravatar.com\\\/avatar\\\/887a0f3b5a7ceea963a48499fb883ffce6b5037362def025c52c2505b15d63e4?s=96&d=mm&r=g\",\"caption\":\"Ismael Lucas S. Pereira\"},\"url\":\"https:\\\/\\\/diariodepe.com.br\\\/cri\\\/author\\\/ismael-lucas\\\/\"}]}<\/script>\n<!-- \/ Yoast SEO plugin. -->","yoast_head_json":{"title":"Consumo de segunda m\u00e3o lidera nova tend\u00eancia de baixo carbono - CRI e Diario de Pernambuco","robots":{"index":"index","follow":"follow","max-snippet":"max-snippet:-1","max-image-preview":"max-image-preview:large","max-video-preview":"max-video-preview:-1"},"canonical":"https:\/\/diariodepe.com.br\/cri\/2023\/04\/13\/consumo-de-segunda-mao-lidera-nova-tendencia-de-baixo-carbono\/","og_locale":"pt_BR","og_type":"article","og_title":"Consumo de segunda m\u00e3o lidera nova tend\u00eancia de baixo carbono - CRI e Diario de Pernambuco","og_description":"Em 2022, o n\u00famero de usu\u00e1rios de com\u00e9rcio eletr\u00f4nico de segunda m\u00e3o na China chegou a 263 milh\u00f5es. Entre eles, jovens com idade inferior a 35 anos s\u00e3o os principais usu\u00e1rios. A fim de incentivar o com\u00e9rcio de segunda m\u00e3o,...","og_url":"https:\/\/diariodepe.com.br\/cri\/2023\/04\/13\/consumo-de-segunda-mao-lidera-nova-tendencia-de-baixo-carbono\/","og_site_name":"CRI e Diario de Pernambuco","article_published_time":"2023-04-13T06:42:03+00:00","author":"Ismael Lucas S. Pereira","twitter_card":"summary_large_image","twitter_misc":{"Escrito por":"Ismael Lucas S. Pereira","Est. tempo de leitura":"1 minuto"},"schema":{"@context":"https:\/\/schema.org","@graph":[{"@type":"Article","@id":"https:\/\/diariodepe.com.br\/cri\/2023\/04\/13\/consumo-de-segunda-mao-lidera-nova-tendencia-de-baixo-carbono\/#article","isPartOf":{"@id":"https:\/\/diariodepe.com.br\/cri\/2023\/04\/13\/consumo-de-segunda-mao-lidera-nova-tendencia-de-baixo-carbono\/"},"author":{"name":"Ismael Lucas S. Pereira","@id":"https:\/\/diariodepe.com.br\/cri\/#\/schema\/person\/121bb28d84f1a5b1205ef4ce9c2e0c6b"},"headline":"Consumo de segunda m\u00e3o lidera nova tend\u00eancia de baixo carbono","datePublished":"2023-04-13T06:42:03+00:00","mainEntityOfPage":{"@id":"https:\/\/diariodepe.com.br\/cri\/2023\/04\/13\/consumo-de-segunda-mao-lidera-nova-tendencia-de-baixo-carbono\/"},"wordCount":165,"commentCount":0,"publisher":{"@id":"https:\/\/diariodepe.com.br\/cri\/#organization"},"articleSection":["V\u00eddeos"],"inLanguage":"pt-BR","potentialAction":[{"@type":"CommentAction","name":"Comment","target":["https:\/\/diariodepe.com.br\/cri\/2023\/04\/13\/consumo-de-segunda-mao-lidera-nova-tendencia-de-baixo-carbono\/#respond"]}]},{"@type":"WebPage","@id":"https:\/\/diariodepe.com.br\/cri\/2023\/04\/13\/consumo-de-segunda-mao-lidera-nova-tendencia-de-baixo-carbono\/","url":"https:\/\/diariodepe.com.br\/cri\/2023\/04\/13\/consumo-de-segunda-mao-lidera-nova-tendencia-de-baixo-carbono\/","name":"Consumo de segunda m\u00e3o lidera nova tend\u00eancia de baixo carbono - CRI e Diario de Pernambuco","isPartOf":{"@id":"https:\/\/diariodepe.com.br\/cri\/#website"},"datePublished":"2023-04-13T06:42:03+00:00","breadcrumb":{"@id":"https:\/\/diariodepe.com.br\/cri\/2023\/04\/13\/consumo-de-segunda-mao-lidera-nova-tendencia-de-baixo-carbono\/#breadcrumb"},"inLanguage":"pt-BR","potentialAction":[{"@type":"ReadAction","target":["https:\/\/diariodepe.com.br\/cri\/2023\/04\/13\/consumo-de-segunda-mao-lidera-nova-tendencia-de-baixo-carbono\/"]}]},{"@type":"BreadcrumbList","@id":"https:\/\/diariodepe.com.br\/cri\/2023\/04\/13\/consumo-de-segunda-mao-lidera-nova-tendencia-de-baixo-carbono\/#breadcrumb","itemListElement":[{"@type":"ListItem","position":1,"name":"In\u00edcio","item":"https:\/\/diariodepe.com.br\/cri\/"},{"@type":"ListItem","position":2,"name":"Consumo de segunda m\u00e3o lidera nova tend\u00eancia de baixo carbono"}]},{"@type":"WebSite","@id":"https:\/\/diariodepe.com.br\/cri\/#website","url":"https:\/\/diariodepe.com.br\/cri\/","name":"CRI e Diario de Pernambuco","description":"R\u00e1dio Internacional da China","publisher":{"@id":"https:\/\/diariodepe.com.br\/cri\/#organization"},"potentialAction":[{"@type":"SearchAction","target":{"@type":"EntryPoint","urlTemplate":"https:\/\/diariodepe.com.br\/cri\/?s={search_term_string}"},"query-input":{"@type":"PropertyValueSpecification","valueRequired":true,"valueName":"search_term_string"}}],"inLanguage":"pt-BR"},{"@type":"Organization","@id":"https:\/\/diariodepe.com.br\/cri\/#organization","name":"CRI e Diario de Pernambuco","url":"https:\/\/diariodepe.com.br\/cri\/","logo":{"@type":"ImageObject","inLanguage":"pt-BR","@id":"https:\/\/diariodepe.com.br\/cri\/#\/schema\/logo\/image\/","url":"https:\/\/diariodepe.com.br\/cri\/wp-content\/uploads\/sites\/2\/2022\/12\/cropped-Logo.jpg","contentUrl":"https:\/\/diariodepe.com.br\/cri\/wp-content\/uploads\/sites\/2\/2022\/12\/cropped-Logo.jpg","width":700,"height":59,"caption":"CRI e Diario de Pernambuco"},"image":{"@id":"https:\/\/diariodepe.com.br\/cri\/#\/schema\/logo\/image\/"}},{"@type":"Person","@id":"https:\/\/diariodepe.com.br\/cri\/#\/schema\/person\/121bb28d84f1a5b1205ef4ce9c2e0c6b","name":"Ismael Lucas S. Pereira","image":{"@type":"ImageObject","inLanguage":"pt-BR","@id":"https:\/\/secure.gravatar.com\/avatar\/887a0f3b5a7ceea963a48499fb883ffce6b5037362def025c52c2505b15d63e4?s=96&d=mm&r=g","url":"https:\/\/secure.gravatar.com\/avatar\/887a0f3b5a7ceea963a48499fb883ffce6b5037362def025c52c2505b15d63e4?s=96&d=mm&r=g","contentUrl":"https:\/\/secure.gravatar.com\/avatar\/887a0f3b5a7ceea963a48499fb883ffce6b5037362def025c52c2505b15d63e4?s=96&d=mm&r=g","caption":"Ismael Lucas S. Pereira"},"url":"https:\/\/diariodepe.com.br\/cri\/author\/ismael-lucas\/"}]}},"cc_featured_image_caption":{"caption_text":false,"source_text":false,"source_url":false},"amp_enabled":true,"_links":{"self":[{"href":"https:\/\/diariodepe.com.br\/cri\/wp-json\/wp\/v2\/posts\/1003","targetHints":{"allow":["GET"]}}],"collection":[{"href":"https:\/\/diariodepe.com.br\/cri\/wp-json\/wp\/v2\/posts"}],"about":[{"href":"https:\/\/diariodepe.com.br\/cri\/wp-json\/wp\/v2\/types\/post"}],"author":[{"embeddable":true,"href":"https:\/\/diariodepe.com.br\/cri\/wp-json\/wp\/v2\/users\/2"}],"replies":[{"embeddable":true,"href":"https:\/\/diariodepe.com.br\/cri\/wp-json\/wp\/v2\/comments?post=1003"}],"version-history":[{"count":1,"href":"https:\/\/diariodepe.com.br\/cri\/wp-json\/wp\/v2\/posts\/1003\/revisions"}],"predecessor-version":[{"id":1004,"href":"https:\/\/diariodepe.com.br\/cri\/wp-json\/wp\/v2\/posts\/1003\/revisions\/1004"}],"wp:attachment":[{"href":"https:\/\/diariodepe.com.br\/cri\/wp-json\/wp\/v2\/media?parent=1003"}],"wp:term":[{"taxonomy":"category","embeddable":true,"href":"https:\/\/diariodepe.com.br\/cri\/wp-json\/wp\/v2\/categories?post=1003"},{"taxonomy":"post_tag","embeddable":true,"href":"https:\/\/diariodepe.com.br\/cri\/wp-json\/wp\/v2\/tags?post=1003"}],"curies":[{"name":"wp","href":"https:\/\/api.w.org\/{rel}","templated":true}]}}