{"id":10013,"date":"2025-11-21T09:05:54","date_gmt":"2025-11-21T12:05:54","guid":{"rendered":"https:\/\/diariodepe.com.br\/cri\/?p=10013"},"modified":"2025-11-21T09:05:54","modified_gmt":"2025-11-21T12:05:54","slug":"o-caminho-da-transformacao-na-nova-era-revitalizacao-industrial-em-fulaerji","status":"publish","type":"post","link":"https:\/\/diariodepe.com.br\/cri\/2025\/11\/21\/o-caminho-da-transformacao-na-nova-era-revitalizacao-industrial-em-fulaerji\/","title":{"rendered":"O caminho da transforma\u00e7\u00e3o na nova era : Revitaliza\u00e7\u00e3o industrial em Fulaerji"},"content":{"rendered":"<p>Sabe uma companhia aclamada como a \u201cprimog\u00eanita da Rep\u00fablica Popular da China\u201d? Sim, \u00e9 China First Heavy Industries, CFHI, fundada em 1954 no nordeste do pa\u00eds, sendo um projeto importante de apoio da ent\u00e3o Uni\u00e3o Sovi\u00e9tica durante o per\u00edodo do Primeiro Plano Quinquenal chin\u00eas. H\u00e1 uma d\u00e9cada, ela estava \u00e0 beira da fal\u00eancia. Hoje, se tornou um l\u00edder global em equipamentos de energia nuclear e manufatura de ponta. Conhe\u00e7a a transforma\u00e7\u00e3o das antigas bases industriais na China.<\/p>\n<p><iframe title=\"O caminho da transforma\u00e7\u00e3o na nova era : Revitaliza\u00e7\u00e3o industrial em Fulaerji\" width=\"640\" height=\"360\" src=\"https:\/\/www.youtube.com\/embed\/wdZ9OaLksB8?feature=oembed\" frameborder=\"0\" allow=\"accelerometer; autoplay; clipboard-write; encrypted-media; gyroscope; picture-in-picture; web-share\" referrerpolicy=\"strict-origin-when-cross-origin\" allowfullscreen><\/iframe><\/p>\n","protected":false},"excerpt":{"rendered":"<p>Sabe uma companhia aclamada como a \u201cprimog\u00eanita da Rep\u00fablica Popular da China\u201d? Sim, \u00e9 China First Heavy Industries, CFHI, fundada em 1954 no nordeste do pa\u00eds, sendo um projeto importante de apoio da ent\u00e3o Uni\u00e3o Sovi\u00e9tica durante o per\u00edodo do&#8230;<\/p>\n","protected":false},"author":5,"featured_media":0,"comment_status":"open","ping_status":"open","sticky":false,"template":"","format":"standard","meta":{"footnotes":""},"categories":[5,11],"tags":[],"class_list":["post-10013","post","type-post","status-publish","format-standard","hentry","category-destaques-capa","category-videos"],"yoast_head":"<!-- This site is optimized with the Yoast SEO plugin v27.4 - https:\/\/yoast.com\/product\/yoast-seo-wordpress\/ -->\n<title>O caminho da transforma\u00e7\u00e3o na nova era : Revitaliza\u00e7\u00e3o industrial em Fulaerji - CRI e Diario de Pernambuco<\/title>\n<meta name=\"robots\" content=\"index, follow, max-snippet:-1, max-image-preview:large, max-video-preview:-1\" \/>\n<link rel=\"canonical\" href=\"https:\/\/diariodepe.com.br\/cri\/2025\/11\/21\/o-caminho-da-transformacao-na-nova-era-revitalizacao-industrial-em-fulaerji\/\" \/>\n<meta property=\"og:locale\" content=\"pt_BR\" \/>\n<meta property=\"og:type\" content=\"article\" \/>\n<meta property=\"og:title\" content=\"O caminho da transforma\u00e7\u00e3o na nova era : Revitaliza\u00e7\u00e3o industrial em Fulaerji - CRI e Diario de Pernambuco\" \/>\n<meta property=\"og:description\" content=\"Sabe uma companhia aclamada como a \u201cprimog\u00eanita da Rep\u00fablica Popular da China\u201d? Sim, \u00e9 China First Heavy Industries, CFHI, fundada em 1954 no nordeste do pa\u00eds, sendo um projeto importante de apoio da ent\u00e3o Uni\u00e3o Sovi\u00e9tica durante o per\u00edodo do...\" \/>\n<meta property=\"og:url\" content=\"https:\/\/diariodepe.com.br\/cri\/2025\/11\/21\/o-caminho-da-transformacao-na-nova-era-revitalizacao-industrial-em-fulaerji\/\" \/>\n<meta property=\"og:site_name\" content=\"CRI e Diario de Pernambuco\" \/>\n<meta property=\"article:published_time\" content=\"2025-11-21T12:05:54+00:00\" \/>\n<meta name=\"author\" content=\"CRI Portugu\u00eas\" \/>\n<meta name=\"twitter:card\" content=\"summary_large_image\" \/>\n<meta name=\"twitter:label1\" content=\"Escrito por\" \/>\n\t<meta name=\"twitter:data1\" content=\"CRI Portugu\u00eas\" \/>\n\t<meta name=\"twitter:label2\" content=\"Est. tempo de leitura\" \/>\n\t<meta name=\"twitter:data2\" content=\"1 minuto\" \/>\n<script type=\"application\/ld+json\" class=\"yoast-schema-graph\">{\"@context\":\"https:\\\/\\\/schema.org\",\"@graph\":[{\"@type\":\"Article\",\"@id\":\"https:\\\/\\\/diariodepe.com.br\\\/cri\\\/2025\\\/11\\\/21\\\/o-caminho-da-transformacao-na-nova-era-revitalizacao-industrial-em-fulaerji\\\/#article\",\"isPartOf\":{\"@id\":\"https:\\\/\\\/diariodepe.com.br\\\/cri\\\/2025\\\/11\\\/21\\\/o-caminho-da-transformacao-na-nova-era-revitalizacao-industrial-em-fulaerji\\\/\"},\"author\":{\"name\":\"CRI Portugu\u00eas\",\"@id\":\"https:\\\/\\\/diariodepe.com.br\\\/cri\\\/#\\\/schema\\\/person\\\/e474aead631cd4098632e11d3fbce118\"},\"headline\":\"O caminho da transforma\u00e7\u00e3o na nova era : Revitaliza\u00e7\u00e3o industrial em Fulaerji\",\"datePublished\":\"2025-11-21T12:05:54+00:00\",\"mainEntityOfPage\":{\"@id\":\"https:\\\/\\\/diariodepe.com.br\\\/cri\\\/2025\\\/11\\\/21\\\/o-caminho-da-transformacao-na-nova-era-revitalizacao-industrial-em-fulaerji\\\/\"},\"wordCount\":110,\"commentCount\":0,\"publisher\":{\"@id\":\"https:\\\/\\\/diariodepe.com.br\\\/cri\\\/#organization\"},\"articleSection\":[\"Destaques Capa\",\"V\u00eddeos\"],\"inLanguage\":\"pt-BR\",\"potentialAction\":[{\"@type\":\"CommentAction\",\"name\":\"Comment\",\"target\":[\"https:\\\/\\\/diariodepe.com.br\\\/cri\\\/2025\\\/11\\\/21\\\/o-caminho-da-transformacao-na-nova-era-revitalizacao-industrial-em-fulaerji\\\/#respond\"]}]},{\"@type\":\"WebPage\",\"@id\":\"https:\\\/\\\/diariodepe.com.br\\\/cri\\\/2025\\\/11\\\/21\\\/o-caminho-da-transformacao-na-nova-era-revitalizacao-industrial-em-fulaerji\\\/\",\"url\":\"https:\\\/\\\/diariodepe.com.br\\\/cri\\\/2025\\\/11\\\/21\\\/o-caminho-da-transformacao-na-nova-era-revitalizacao-industrial-em-fulaerji\\\/\",\"name\":\"O caminho da transforma\u00e7\u00e3o na nova era : Revitaliza\u00e7\u00e3o industrial em Fulaerji - CRI e Diario de Pernambuco\",\"isPartOf\":{\"@id\":\"https:\\\/\\\/diariodepe.com.br\\\/cri\\\/#website\"},\"datePublished\":\"2025-11-21T12:05:54+00:00\",\"breadcrumb\":{\"@id\":\"https:\\\/\\\/diariodepe.com.br\\\/cri\\\/2025\\\/11\\\/21\\\/o-caminho-da-transformacao-na-nova-era-revitalizacao-industrial-em-fulaerji\\\/#breadcrumb\"},\"inLanguage\":\"pt-BR\",\"potentialAction\":[{\"@type\":\"ReadAction\",\"target\":[\"https:\\\/\\\/diariodepe.com.br\\\/cri\\\/2025\\\/11\\\/21\\\/o-caminho-da-transformacao-na-nova-era-revitalizacao-industrial-em-fulaerji\\\/\"]}]},{\"@type\":\"BreadcrumbList\",\"@id\":\"https:\\\/\\\/diariodepe.com.br\\\/cri\\\/2025\\\/11\\\/21\\\/o-caminho-da-transformacao-na-nova-era-revitalizacao-industrial-em-fulaerji\\\/#breadcrumb\",\"itemListElement\":[{\"@type\":\"ListItem\",\"position\":1,\"name\":\"In\u00edcio\",\"item\":\"https:\\\/\\\/diariodepe.com.br\\\/cri\\\/\"},{\"@type\":\"ListItem\",\"position\":2,\"name\":\"O caminho da transforma\u00e7\u00e3o na nova era : Revitaliza\u00e7\u00e3o industrial em Fulaerji\"}]},{\"@type\":\"WebSite\",\"@id\":\"https:\\\/\\\/diariodepe.com.br\\\/cri\\\/#website\",\"url\":\"https:\\\/\\\/diariodepe.com.br\\\/cri\\\/\",\"name\":\"CRI e Diario de Pernambuco\",\"description\":\"R\u00e1dio Internacional da China\",\"publisher\":{\"@id\":\"https:\\\/\\\/diariodepe.com.br\\\/cri\\\/#organization\"},\"potentialAction\":[{\"@type\":\"SearchAction\",\"target\":{\"@type\":\"EntryPoint\",\"urlTemplate\":\"https:\\\/\\\/diariodepe.com.br\\\/cri\\\/?s={search_term_string}\"},\"query-input\":{\"@type\":\"PropertyValueSpecification\",\"valueRequired\":true,\"valueName\":\"search_term_string\"}}],\"inLanguage\":\"pt-BR\"},{\"@type\":\"Organization\",\"@id\":\"https:\\\/\\\/diariodepe.com.br\\\/cri\\\/#organization\",\"name\":\"CRI e Diario de Pernambuco\",\"url\":\"https:\\\/\\\/diariodepe.com.br\\\/cri\\\/\",\"logo\":{\"@type\":\"ImageObject\",\"inLanguage\":\"pt-BR\",\"@id\":\"https:\\\/\\\/diariodepe.com.br\\\/cri\\\/#\\\/schema\\\/logo\\\/image\\\/\",\"url\":\"https:\\\/\\\/diariodepe.com.br\\\/cri\\\/wp-content\\\/uploads\\\/sites\\\/2\\\/2022\\\/12\\\/cropped-Logo.jpg\",\"contentUrl\":\"https:\\\/\\\/diariodepe.com.br\\\/cri\\\/wp-content\\\/uploads\\\/sites\\\/2\\\/2022\\\/12\\\/cropped-Logo.jpg\",\"width\":700,\"height\":59,\"caption\":\"CRI e Diario de Pernambuco\"},\"image\":{\"@id\":\"https:\\\/\\\/diariodepe.com.br\\\/cri\\\/#\\\/schema\\\/logo\\\/image\\\/\"}},{\"@type\":\"Person\",\"@id\":\"https:\\\/\\\/diariodepe.com.br\\\/cri\\\/#\\\/schema\\\/person\\\/e474aead631cd4098632e11d3fbce118\",\"name\":\"CRI Portugu\u00eas\",\"image\":{\"@type\":\"ImageObject\",\"inLanguage\":\"pt-BR\",\"@id\":\"https:\\\/\\\/secure.gravatar.com\\\/avatar\\\/e2ac889ef882d4dc53091b610766dce49106cf9fe98c76e06745abb0993b2763?s=96&d=mm&r=g\",\"url\":\"https:\\\/\\\/secure.gravatar.com\\\/avatar\\\/e2ac889ef882d4dc53091b610766dce49106cf9fe98c76e06745abb0993b2763?s=96&d=mm&r=g\",\"contentUrl\":\"https:\\\/\\\/secure.gravatar.com\\\/avatar\\\/e2ac889ef882d4dc53091b610766dce49106cf9fe98c76e06745abb0993b2763?s=96&d=mm&r=g\",\"caption\":\"CRI Portugu\u00eas\"},\"sameAs\":[\"https:\\\/\\\/www.diariodepernambuco.com.br\\\/\"],\"url\":\"https:\\\/\\\/diariodepe.com.br\\\/cri\\\/author\\\/agencia-cri\\\/\"}]}<\/script>\n<!-- \/ Yoast SEO plugin. -->","yoast_head_json":{"title":"O caminho da transforma\u00e7\u00e3o na nova era : Revitaliza\u00e7\u00e3o industrial em Fulaerji - CRI e Diario de Pernambuco","robots":{"index":"index","follow":"follow","max-snippet":"max-snippet:-1","max-image-preview":"max-image-preview:large","max-video-preview":"max-video-preview:-1"},"canonical":"https:\/\/diariodepe.com.br\/cri\/2025\/11\/21\/o-caminho-da-transformacao-na-nova-era-revitalizacao-industrial-em-fulaerji\/","og_locale":"pt_BR","og_type":"article","og_title":"O caminho da transforma\u00e7\u00e3o na nova era : Revitaliza\u00e7\u00e3o industrial em Fulaerji - CRI e Diario de Pernambuco","og_description":"Sabe uma companhia aclamada como a \u201cprimog\u00eanita da Rep\u00fablica Popular da China\u201d? Sim, \u00e9 China First Heavy Industries, CFHI, fundada em 1954 no nordeste do pa\u00eds, sendo um projeto importante de apoio da ent\u00e3o Uni\u00e3o Sovi\u00e9tica durante o per\u00edodo do...","og_url":"https:\/\/diariodepe.com.br\/cri\/2025\/11\/21\/o-caminho-da-transformacao-na-nova-era-revitalizacao-industrial-em-fulaerji\/","og_site_name":"CRI e Diario de Pernambuco","article_published_time":"2025-11-21T12:05:54+00:00","author":"CRI Portugu\u00eas","twitter_card":"summary_large_image","twitter_misc":{"Escrito por":"CRI Portugu\u00eas","Est. tempo de leitura":"1 minuto"},"schema":{"@context":"https:\/\/schema.org","@graph":[{"@type":"Article","@id":"https:\/\/diariodepe.com.br\/cri\/2025\/11\/21\/o-caminho-da-transformacao-na-nova-era-revitalizacao-industrial-em-fulaerji\/#article","isPartOf":{"@id":"https:\/\/diariodepe.com.br\/cri\/2025\/11\/21\/o-caminho-da-transformacao-na-nova-era-revitalizacao-industrial-em-fulaerji\/"},"author":{"name":"CRI Portugu\u00eas","@id":"https:\/\/diariodepe.com.br\/cri\/#\/schema\/person\/e474aead631cd4098632e11d3fbce118"},"headline":"O caminho da transforma\u00e7\u00e3o na nova era : Revitaliza\u00e7\u00e3o industrial em Fulaerji","datePublished":"2025-11-21T12:05:54+00:00","mainEntityOfPage":{"@id":"https:\/\/diariodepe.com.br\/cri\/2025\/11\/21\/o-caminho-da-transformacao-na-nova-era-revitalizacao-industrial-em-fulaerji\/"},"wordCount":110,"commentCount":0,"publisher":{"@id":"https:\/\/diariodepe.com.br\/cri\/#organization"},"articleSection":["Destaques Capa","V\u00eddeos"],"inLanguage":"pt-BR","potentialAction":[{"@type":"CommentAction","name":"Comment","target":["https:\/\/diariodepe.com.br\/cri\/2025\/11\/21\/o-caminho-da-transformacao-na-nova-era-revitalizacao-industrial-em-fulaerji\/#respond"]}]},{"@type":"WebPage","@id":"https:\/\/diariodepe.com.br\/cri\/2025\/11\/21\/o-caminho-da-transformacao-na-nova-era-revitalizacao-industrial-em-fulaerji\/","url":"https:\/\/diariodepe.com.br\/cri\/2025\/11\/21\/o-caminho-da-transformacao-na-nova-era-revitalizacao-industrial-em-fulaerji\/","name":"O caminho da transforma\u00e7\u00e3o na nova era : Revitaliza\u00e7\u00e3o industrial em Fulaerji - CRI e Diario de Pernambuco","isPartOf":{"@id":"https:\/\/diariodepe.com.br\/cri\/#website"},"datePublished":"2025-11-21T12:05:54+00:00","breadcrumb":{"@id":"https:\/\/diariodepe.com.br\/cri\/2025\/11\/21\/o-caminho-da-transformacao-na-nova-era-revitalizacao-industrial-em-fulaerji\/#breadcrumb"},"inLanguage":"pt-BR","potentialAction":[{"@type":"ReadAction","target":["https:\/\/diariodepe.com.br\/cri\/2025\/11\/21\/o-caminho-da-transformacao-na-nova-era-revitalizacao-industrial-em-fulaerji\/"]}]},{"@type":"BreadcrumbList","@id":"https:\/\/diariodepe.com.br\/cri\/2025\/11\/21\/o-caminho-da-transformacao-na-nova-era-revitalizacao-industrial-em-fulaerji\/#breadcrumb","itemListElement":[{"@type":"ListItem","position":1,"name":"In\u00edcio","item":"https:\/\/diariodepe.com.br\/cri\/"},{"@type":"ListItem","position":2,"name":"O caminho da transforma\u00e7\u00e3o na nova era : Revitaliza\u00e7\u00e3o industrial em Fulaerji"}]},{"@type":"WebSite","@id":"https:\/\/diariodepe.com.br\/cri\/#website","url":"https:\/\/diariodepe.com.br\/cri\/","name":"CRI e Diario de Pernambuco","description":"R\u00e1dio Internacional da China","publisher":{"@id":"https:\/\/diariodepe.com.br\/cri\/#organization"},"potentialAction":[{"@type":"SearchAction","target":{"@type":"EntryPoint","urlTemplate":"https:\/\/diariodepe.com.br\/cri\/?s={search_term_string}"},"query-input":{"@type":"PropertyValueSpecification","valueRequired":true,"valueName":"search_term_string"}}],"inLanguage":"pt-BR"},{"@type":"Organization","@id":"https:\/\/diariodepe.com.br\/cri\/#organization","name":"CRI e Diario de Pernambuco","url":"https:\/\/diariodepe.com.br\/cri\/","logo":{"@type":"ImageObject","inLanguage":"pt-BR","@id":"https:\/\/diariodepe.com.br\/cri\/#\/schema\/logo\/image\/","url":"https:\/\/diariodepe.com.br\/cri\/wp-content\/uploads\/sites\/2\/2022\/12\/cropped-Logo.jpg","contentUrl":"https:\/\/diariodepe.com.br\/cri\/wp-content\/uploads\/sites\/2\/2022\/12\/cropped-Logo.jpg","width":700,"height":59,"caption":"CRI e Diario de Pernambuco"},"image":{"@id":"https:\/\/diariodepe.com.br\/cri\/#\/schema\/logo\/image\/"}},{"@type":"Person","@id":"https:\/\/diariodepe.com.br\/cri\/#\/schema\/person\/e474aead631cd4098632e11d3fbce118","name":"CRI Portugu\u00eas","image":{"@type":"ImageObject","inLanguage":"pt-BR","@id":"https:\/\/secure.gravatar.com\/avatar\/e2ac889ef882d4dc53091b610766dce49106cf9fe98c76e06745abb0993b2763?s=96&d=mm&r=g","url":"https:\/\/secure.gravatar.com\/avatar\/e2ac889ef882d4dc53091b610766dce49106cf9fe98c76e06745abb0993b2763?s=96&d=mm&r=g","contentUrl":"https:\/\/secure.gravatar.com\/avatar\/e2ac889ef882d4dc53091b610766dce49106cf9fe98c76e06745abb0993b2763?s=96&d=mm&r=g","caption":"CRI Portugu\u00eas"},"sameAs":["https:\/\/www.diariodepernambuco.com.br\/"],"url":"https:\/\/diariodepe.com.br\/cri\/author\/agencia-cri\/"}]}},"cc_featured_image_caption":{"caption_text":"","source_text":"","source_url":""},"amp_enabled":true,"_links":{"self":[{"href":"https:\/\/diariodepe.com.br\/cri\/wp-json\/wp\/v2\/posts\/10013","targetHints":{"allow":["GET"]}}],"collection":[{"href":"https:\/\/diariodepe.com.br\/cri\/wp-json\/wp\/v2\/posts"}],"about":[{"href":"https:\/\/diariodepe.com.br\/cri\/wp-json\/wp\/v2\/types\/post"}],"author":[{"embeddable":true,"href":"https:\/\/diariodepe.com.br\/cri\/wp-json\/wp\/v2\/users\/5"}],"replies":[{"embeddable":true,"href":"https:\/\/diariodepe.com.br\/cri\/wp-json\/wp\/v2\/comments?post=10013"}],"version-history":[{"count":1,"href":"https:\/\/diariodepe.com.br\/cri\/wp-json\/wp\/v2\/posts\/10013\/revisions"}],"predecessor-version":[{"id":10014,"href":"https:\/\/diariodepe.com.br\/cri\/wp-json\/wp\/v2\/posts\/10013\/revisions\/10014"}],"wp:attachment":[{"href":"https:\/\/diariodepe.com.br\/cri\/wp-json\/wp\/v2\/media?parent=10013"}],"wp:term":[{"taxonomy":"category","embeddable":true,"href":"https:\/\/diariodepe.com.br\/cri\/wp-json\/wp\/v2\/categories?post=10013"},{"taxonomy":"post_tag","embeddable":true,"href":"https:\/\/diariodepe.com.br\/cri\/wp-json\/wp\/v2\/tags?post=10013"}],"curies":[{"name":"wp","href":"https:\/\/api.w.org\/{rel}","templated":true}]}}