{"id":10003,"date":"2025-11-16T23:59:56","date_gmt":"2025-11-17T02:59:56","guid":{"rendered":"https:\/\/diariodepe.com.br\/cri\/?p=10003"},"modified":"2025-11-16T23:59:56","modified_gmt":"2025-11-17T02:59:56","slug":"principio-da-uma-so-china-garantia-de-cooperacao-e-paz-entre-china-e-ue","status":"publish","type":"post","link":"https:\/\/diariodepe.com.br\/cri\/2025\/11\/16\/principio-da-uma-so-china-garantia-de-cooperacao-e-paz-entre-china-e-ue\/","title":{"rendered":"Princ\u00edpio da Uma S\u00f3 China: Garantia de coopera\u00e7\u00e3o e paz entre China e UE"},"content":{"rendered":"<p><img decoding=\"async\" src=\"https:\/\/38picres.cgtn.com\/photoAlbum\/page\/performance\/img\/2025\/11\/14\/1763124875220_226.png\" \/><\/p>\n<p>As autoridades de Taiwan, do l\u00edder \u00a0Lai Ching-te, eleito pelo Partido Progressista Democr\u00e1tico (PPD) com apenas 40% dos votos, beneficiando-se da divis\u00e3o da oposi\u00e7\u00e3o em duas candidaturas, tornaram-se cada vez mais minorit\u00e1rias no chamado \u201cYuan Legislativo\u201d da regi\u00e3o. Suas tentativas de reverter essa situa\u00e7\u00e3o por meio de referendos revogat\u00f3rios terminaram em fracasso retumbante, por isso a estrat\u00e9gia para se manter no poder tem sido de procurar no exterior os apoios dos governos dos EUA, do Jap\u00e3o, da Fran\u00e7a, da Alemanha e do Reino Unido.<\/p>\n<p>\u00c9, neste contexto, que se deve entender a recente visita a Bruxelas da representante de Taiwan, Bi-Khim Hsiao, \u00e0 margem das institui\u00e7\u00f5es da Uni\u00e3o Europeia (UE) e da denominada confer\u00eancia da \u201cAlian\u00e7a Interparlamentar sobre a China\u201d (IPAC), que re\u00fane deputados de predomin\u00e2ncia liberal e conservadora e define como\u00a0 miss\u00e3o \u201cDesenvolver uma resposta coerente \u00e0 ascens\u00e3o da Rep\u00fablica Popular da China (RPCh), liderada pelo Partido Comunista da China (PCCh)\u201d. Embora n\u00e3o mencione a origem do seu financiamento, das seis entidades identificadas pelo seu site, tr\u00eas t\u00eam sede em Taiwan e uma quarta \u00e9 o Instituto Republicano Internacional (IRI), institui\u00e7\u00e3o dos EUA criada por iniciativa do ex-presidente Ronald Wilson Reagan.<\/p>\n<p align=\"center\"><strong>As li\u00e7\u00f5es da crise da Nexperia (Chips)<\/strong><\/p>\n<p>A empresa, com sede em Nijmegen, nos Pa\u00edses Baixos, \u00e9 subsidi\u00e1ria da Wingtech Technology, cotada em Shanghai e com parte do capital do Estado chin\u00eas. No final de setembro e em outubro de 2025, o governo holand\u00eas avan\u00e7ou contra a Nexperia, invocando quest\u00f5es de seguran\u00e7a e amea\u00e7as vagas \u00e0 procura europeia por chips, recorrendo ao raramente postulado &#8220;Goods Availability Act&#8221;. Um tribunal suspendeu o presidente-executivo da Nexperia. Em resposta, a China congelou as exporta\u00e7\u00f5es de chips, e os construtores de autom\u00f3veis temeram pela paralisa\u00e7\u00e3o de f\u00e1bricas, pois muitos dos semicondutores de gera\u00e7\u00f5es anteriores n\u00e3o t\u00eam alternativas imediatas.<\/p>\n<p>Mas os sinais mais recentes de distens\u00e3o entre Beijing e Haia, quanto aos controlos de semicondutores, superaram a crise. Ao repor parte das exporta\u00e7\u00f5es, o governo chin\u00eas eliminou rapidamente o risco de perturba\u00e7\u00f5es na produ\u00e7\u00e3o na Europa, e os fabricantes de carros receberam os primeiros chips da Nexperia, confirmou o respons\u00e1vel da Volkswagen na China, ao jornal alem\u00e3o Handelsblatt. Ao mesmo tempo, a China suspendeu as restri\u00e7\u00f5es de envio aos Estados Unidos de \u00a0materiais cr\u00edticos usados em chips, eletr\u00f3nica e outros componentes de alta tecnologia. As medidas reduzem custos no curto prazo e aliviam a incerteza para as cadeias de abastecimento e o transporte mar\u00edtimo. A empresa m\u00e3e da Nexperia viu suas a\u00e7\u00f5es subirem entre 3,02% e 9,7%.<\/p>\n<p align=\"center\"><strong>Na promo\u00e7\u00e3o do desenvolvimento global sustent\u00e1vel e pac\u00edfico, em que dom\u00ednios podem a China e a UE cooperar?<\/strong><\/p>\n<p>Se a Europa ceder \u00e0s press\u00f5es do governo dos EUA, como o fez o Parlamento Europeu ao bloquear a aplica\u00e7\u00e3o do Acordo Global de Investimento (CAI), sob falsos pretextos associados a Xinjiang, e incentivar o separatismo em Taiwan, afetar\u00e1 irremediavelmente o futuro das rela\u00e7\u00f5es entre a UE e a China. Recordemos a hist\u00f3ria recente: em dezembro de 2020, Ursula Von der Leyen, presidente da Comiss\u00e3o Europeia, disse que o CAI permitir\u00e1 \u201cum acesso sem precedentes ao mercado chin\u00eas\u201d. Em mar\u00e7o de 2023, o CAI for \u00a0bloqueado pelo Parlamento Europeu, invocando as chamadas viola\u00e7\u00f5es dos Direitos Humanos em Xinjiang. Ent\u00e3o, Ursula Von der Leyen classificou a RPCh como um regime de capitalismo de Estado e um rival sist\u00e9mico (Mercator). Em setembro de 2023, perante sinais crescentes de estagna\u00e7\u00e3o e recess\u00e3o das principais economias europeias, Ursula Von der Leyen admitiu: &#8220;Temos de reconhecer que h\u00e1 um elemento expl\u00edcito de rivalidade na nossa rela\u00e7\u00e3o. Mas esta rivalidade n\u00e3o tem de ser hostil. Pode ser construtiva&#8221;. (Mercator)<\/p>\n<p>E, assim sendo, cito o pr\u00f3prio discurso da presidente da Comiss\u00e3o \u00a0Europeia, sobre a erradica\u00e7\u00e3o da pobreza e a diplomacia da paz da China, que constituem a ess\u00eancia da Declara\u00e7\u00e3o Universal dos Direitos do Homem e da Agenda 2030 das Na\u00e7\u00f5es Unidas para a transi\u00e7\u00e3o ecol\u00f3gica e o desenvolvimento sustent\u00e1vel. \u201cEm menos de 50 anos, a China saiu da pobreza generalizada e do isolamento econ\u00f4mico para se tornar a segunda maior economia do mundo e l\u00edder em muitas tecnologias de ponta. Desde 1978, o crescimento m\u00e9dio foi de mais de 9% ao ano e mais de 800 milh\u00f5es de pessoas sa\u00edram da pobreza. Esta \u00e9 uma das maiores realiza\u00e7\u00f5es do \u00faltimo meio s\u00e9culo\u201d\u2026 E continua a Sr\u00aa Von Leyen: \u201cExistem algumas ilhas de oportunidade nas quais podemos construir. Vejam as mudan\u00e7as clim\u00e1ticas e a prote\u00e7\u00e3o da natureza&#8230;&#8230; Num momento de conflito e tens\u00e3o global, essas s\u00e3o conquistas diplom\u00e1ticas not\u00e1veis, nas quais a China e a Uni\u00e3o Europeia trabalharam juntas\u201d, afirmou.<\/p>\n<p><strong>\u201c\u2026ilhas de oportunidade\u201d, segundo Ursula Von der Leyen<\/strong><\/p>\n<p>Para concluir: \u201cExistem algumas ilhas de oportunidade nas quais podemos construir. A diplomacia ainda pode funcionar, seja na prepara\u00e7\u00e3o para uma pandemia, na n\u00e3o prolifera\u00e7\u00e3o nuclear ou na estabilidade financeira global. A China \u00e9 um parceiro comercial vital. Enquanto os desequil\u00edbrios est\u00e3o crescendo, a maior parte do nosso com\u00e9rcio de bens e servi\u00e7os permanece mutuamente ben\u00e9fico e \u2018sem riscos\u2019. Isso mostra o que pode ser feito quando os interesses se alinham\u201d. \u00a0Refere ainda a Net-Zero Industry Act como uma parte fundamental do Plano Industrial Green Deal. O seu objetivo n\u00e3o pode ser atingido sem a parceria da China, o \u00fanico pa\u00eds que pode fornecer (\u00e0 Europa e aos EUA), em quantidade e seguran\u00e7a, os materiais cr\u00edticos, como g\u00e1lio, germ\u00e2nio e antim\u00f3nio, para\u00a0 produzir pelo menos 40% da tecnologia limpa de que a UE precisa para a transi\u00e7\u00e3o verde, como energia solar, e\u00f3lica e offshore, energia renov\u00e1vel no sentido mais amplo, baterias e armazenamento, bombas de calor e tecnologias de rede.<\/p>\n<p><strong>As pessoas de Taiwan defendem a coopera\u00e7\u00e3o e o di\u00e1logo com a parte continental da China<\/strong><\/p>\n<p>O investimento europeu na ilha de Taiwan atingiu US$ 73,4 bilh\u00f5es, superando o total combinado entre os Estados Unidos e o Jap\u00e3o. Os l\u00edderes e cidad\u00e3os europeus necessitam conhecer a realidade pol\u00edtica e escutar os apelos das pessoas em Taiwan. Na recente elei\u00e7\u00e3o no seio do Kuomintang (KMT) realizada em 18 de outubro, Cheng Li-wun foi eleita com 50,1% dos votos. Ela baseou a sua candidatura no Consenso de 1992, entendimento entre os dois lados do Estreito de Taiwan de que existe \u201cUma s\u00f3 China\u201d e que a ades\u00e3o a esse princ\u00edpio traria um \u201cs\u00e9culo de paz\u201d \u00e0 na\u00e7\u00e3o chinesa. Em quest\u00f5es de seguran\u00e7a, op\u00f5e-se \u00e0 vis\u00e3o do PPD sobre uma Taiwan militarizada e proclama que a \u201creconcilia\u00e7\u00e3o\u201d com a parte continental chinesa \u00e9 a melhor defesa.<\/p>\n<p>Por Ant\u00f3nio dos Santos Queir\u00f3s, professor e investigador. Universidade de Lisboa<\/p>\n<p>&nbsp;<\/p>\n","protected":false},"excerpt":{"rendered":"<p>As autoridades de Taiwan, do l\u00edder \u00a0Lai Ching-te, eleito pelo Partido Progressista Democr\u00e1tico (PPD) com apenas 40% dos votos, beneficiando-se da divis\u00e3o da oposi\u00e7\u00e3o em duas candidaturas, tornaram-se cada vez mais minorit\u00e1rias no chamado \u201cYuan Legislativo\u201d da regi\u00e3o. Suas tentativas&#8230;<\/p>\n","protected":false},"author":5,"featured_media":0,"comment_status":"open","ping_status":"open","sticky":false,"template":"","format":"standard","meta":{"footnotes":""},"categories":[7],"tags":[],"class_list":["post-10003","post","type-post","status-publish","format-standard","hentry","category-visao"],"yoast_head":"<!-- This site is optimized with the Yoast SEO plugin v27.4 - https:\/\/yoast.com\/product\/yoast-seo-wordpress\/ -->\n<title>Princ\u00edpio da Uma S\u00f3 China: Garantia de coopera\u00e7\u00e3o e paz entre China e UE - CRI e Diario de Pernambuco<\/title>\n<meta name=\"robots\" content=\"index, follow, max-snippet:-1, max-image-preview:large, max-video-preview:-1\" \/>\n<link rel=\"canonical\" href=\"https:\/\/diariodepe.com.br\/cri\/2025\/11\/16\/principio-da-uma-so-china-garantia-de-cooperacao-e-paz-entre-china-e-ue\/\" \/>\n<meta property=\"og:locale\" content=\"pt_BR\" \/>\n<meta property=\"og:type\" content=\"article\" \/>\n<meta property=\"og:title\" content=\"Princ\u00edpio da Uma S\u00f3 China: Garantia de coopera\u00e7\u00e3o e paz entre China e UE - CRI e Diario de Pernambuco\" \/>\n<meta property=\"og:description\" content=\"As autoridades de Taiwan, do l\u00edder \u00a0Lai Ching-te, eleito pelo Partido Progressista Democr\u00e1tico (PPD) com apenas 40% dos votos, beneficiando-se da divis\u00e3o da oposi\u00e7\u00e3o em duas candidaturas, tornaram-se cada vez mais minorit\u00e1rias no chamado \u201cYuan Legislativo\u201d da regi\u00e3o. Suas tentativas...\" \/>\n<meta property=\"og:url\" content=\"https:\/\/diariodepe.com.br\/cri\/2025\/11\/16\/principio-da-uma-so-china-garantia-de-cooperacao-e-paz-entre-china-e-ue\/\" \/>\n<meta property=\"og:site_name\" content=\"CRI e Diario de Pernambuco\" \/>\n<meta property=\"article:published_time\" content=\"2025-11-17T02:59:56+00:00\" \/>\n<meta property=\"og:image\" content=\"https:\/\/38picres.cgtn.com\/photoAlbum\/page\/performance\/img\/2025\/11\/14\/1763124875220_226.png\" \/>\n<meta name=\"author\" content=\"CRI Portugu\u00eas\" \/>\n<meta name=\"twitter:card\" content=\"summary_large_image\" \/>\n<meta name=\"twitter:label1\" content=\"Escrito por\" \/>\n\t<meta name=\"twitter:data1\" content=\"CRI Portugu\u00eas\" \/>\n\t<meta name=\"twitter:label2\" content=\"Est. tempo de leitura\" \/>\n\t<meta name=\"twitter:data2\" content=\"7 minutos\" \/>\n<script type=\"application\/ld+json\" class=\"yoast-schema-graph\">{\"@context\":\"https:\\\/\\\/schema.org\",\"@graph\":[{\"@type\":\"Article\",\"@id\":\"https:\\\/\\\/diariodepe.com.br\\\/cri\\\/2025\\\/11\\\/16\\\/principio-da-uma-so-china-garantia-de-cooperacao-e-paz-entre-china-e-ue\\\/#article\",\"isPartOf\":{\"@id\":\"https:\\\/\\\/diariodepe.com.br\\\/cri\\\/2025\\\/11\\\/16\\\/principio-da-uma-so-china-garantia-de-cooperacao-e-paz-entre-china-e-ue\\\/\"},\"author\":{\"name\":\"CRI Portugu\u00eas\",\"@id\":\"https:\\\/\\\/diariodepe.com.br\\\/cri\\\/#\\\/schema\\\/person\\\/e474aead631cd4098632e11d3fbce118\"},\"headline\":\"Princ\u00edpio da Uma S\u00f3 China: Garantia de coopera\u00e7\u00e3o e paz entre China e UE\",\"datePublished\":\"2025-11-17T02:59:56+00:00\",\"mainEntityOfPage\":{\"@id\":\"https:\\\/\\\/diariodepe.com.br\\\/cri\\\/2025\\\/11\\\/16\\\/principio-da-uma-so-china-garantia-de-cooperacao-e-paz-entre-china-e-ue\\\/\"},\"wordCount\":1198,\"commentCount\":0,\"publisher\":{\"@id\":\"https:\\\/\\\/diariodepe.com.br\\\/cri\\\/#organization\"},\"image\":{\"@id\":\"https:\\\/\\\/diariodepe.com.br\\\/cri\\\/2025\\\/11\\\/16\\\/principio-da-uma-so-china-garantia-de-cooperacao-e-paz-entre-china-e-ue\\\/#primaryimage\"},\"thumbnailUrl\":\"https:\\\/\\\/38picres.cgtn.com\\\/photoAlbum\\\/page\\\/performance\\\/img\\\/2025\\\/11\\\/14\\\/1763124875220_226.png\",\"articleSection\":[\"Vis\u00e3o\"],\"inLanguage\":\"pt-BR\",\"potentialAction\":[{\"@type\":\"CommentAction\",\"name\":\"Comment\",\"target\":[\"https:\\\/\\\/diariodepe.com.br\\\/cri\\\/2025\\\/11\\\/16\\\/principio-da-uma-so-china-garantia-de-cooperacao-e-paz-entre-china-e-ue\\\/#respond\"]}]},{\"@type\":\"WebPage\",\"@id\":\"https:\\\/\\\/diariodepe.com.br\\\/cri\\\/2025\\\/11\\\/16\\\/principio-da-uma-so-china-garantia-de-cooperacao-e-paz-entre-china-e-ue\\\/\",\"url\":\"https:\\\/\\\/diariodepe.com.br\\\/cri\\\/2025\\\/11\\\/16\\\/principio-da-uma-so-china-garantia-de-cooperacao-e-paz-entre-china-e-ue\\\/\",\"name\":\"Princ\u00edpio da Uma S\u00f3 China: Garantia de coopera\u00e7\u00e3o e paz entre China e UE - CRI e Diario de Pernambuco\",\"isPartOf\":{\"@id\":\"https:\\\/\\\/diariodepe.com.br\\\/cri\\\/#website\"},\"primaryImageOfPage\":{\"@id\":\"https:\\\/\\\/diariodepe.com.br\\\/cri\\\/2025\\\/11\\\/16\\\/principio-da-uma-so-china-garantia-de-cooperacao-e-paz-entre-china-e-ue\\\/#primaryimage\"},\"image\":{\"@id\":\"https:\\\/\\\/diariodepe.com.br\\\/cri\\\/2025\\\/11\\\/16\\\/principio-da-uma-so-china-garantia-de-cooperacao-e-paz-entre-china-e-ue\\\/#primaryimage\"},\"thumbnailUrl\":\"https:\\\/\\\/38picres.cgtn.com\\\/photoAlbum\\\/page\\\/performance\\\/img\\\/2025\\\/11\\\/14\\\/1763124875220_226.png\",\"datePublished\":\"2025-11-17T02:59:56+00:00\",\"breadcrumb\":{\"@id\":\"https:\\\/\\\/diariodepe.com.br\\\/cri\\\/2025\\\/11\\\/16\\\/principio-da-uma-so-china-garantia-de-cooperacao-e-paz-entre-china-e-ue\\\/#breadcrumb\"},\"inLanguage\":\"pt-BR\",\"potentialAction\":[{\"@type\":\"ReadAction\",\"target\":[\"https:\\\/\\\/diariodepe.com.br\\\/cri\\\/2025\\\/11\\\/16\\\/principio-da-uma-so-china-garantia-de-cooperacao-e-paz-entre-china-e-ue\\\/\"]}]},{\"@type\":\"ImageObject\",\"inLanguage\":\"pt-BR\",\"@id\":\"https:\\\/\\\/diariodepe.com.br\\\/cri\\\/2025\\\/11\\\/16\\\/principio-da-uma-so-china-garantia-de-cooperacao-e-paz-entre-china-e-ue\\\/#primaryimage\",\"url\":\"https:\\\/\\\/38picres.cgtn.com\\\/photoAlbum\\\/page\\\/performance\\\/img\\\/2025\\\/11\\\/14\\\/1763124875220_226.png\",\"contentUrl\":\"https:\\\/\\\/38picres.cgtn.com\\\/photoAlbum\\\/page\\\/performance\\\/img\\\/2025\\\/11\\\/14\\\/1763124875220_226.png\"},{\"@type\":\"BreadcrumbList\",\"@id\":\"https:\\\/\\\/diariodepe.com.br\\\/cri\\\/2025\\\/11\\\/16\\\/principio-da-uma-so-china-garantia-de-cooperacao-e-paz-entre-china-e-ue\\\/#breadcrumb\",\"itemListElement\":[{\"@type\":\"ListItem\",\"position\":1,\"name\":\"In\u00edcio\",\"item\":\"https:\\\/\\\/diariodepe.com.br\\\/cri\\\/\"},{\"@type\":\"ListItem\",\"position\":2,\"name\":\"Princ\u00edpio da Uma S\u00f3 China: Garantia de coopera\u00e7\u00e3o e paz entre China e UE\"}]},{\"@type\":\"WebSite\",\"@id\":\"https:\\\/\\\/diariodepe.com.br\\\/cri\\\/#website\",\"url\":\"https:\\\/\\\/diariodepe.com.br\\\/cri\\\/\",\"name\":\"CRI e Diario de Pernambuco\",\"description\":\"R\u00e1dio Internacional da China\",\"publisher\":{\"@id\":\"https:\\\/\\\/diariodepe.com.br\\\/cri\\\/#organization\"},\"potentialAction\":[{\"@type\":\"SearchAction\",\"target\":{\"@type\":\"EntryPoint\",\"urlTemplate\":\"https:\\\/\\\/diariodepe.com.br\\\/cri\\\/?s={search_term_string}\"},\"query-input\":{\"@type\":\"PropertyValueSpecification\",\"valueRequired\":true,\"valueName\":\"search_term_string\"}}],\"inLanguage\":\"pt-BR\"},{\"@type\":\"Organization\",\"@id\":\"https:\\\/\\\/diariodepe.com.br\\\/cri\\\/#organization\",\"name\":\"CRI e Diario de Pernambuco\",\"url\":\"https:\\\/\\\/diariodepe.com.br\\\/cri\\\/\",\"logo\":{\"@type\":\"ImageObject\",\"inLanguage\":\"pt-BR\",\"@id\":\"https:\\\/\\\/diariodepe.com.br\\\/cri\\\/#\\\/schema\\\/logo\\\/image\\\/\",\"url\":\"https:\\\/\\\/diariodepe.com.br\\\/cri\\\/wp-content\\\/uploads\\\/sites\\\/2\\\/2022\\\/12\\\/cropped-Logo.jpg\",\"contentUrl\":\"https:\\\/\\\/diariodepe.com.br\\\/cri\\\/wp-content\\\/uploads\\\/sites\\\/2\\\/2022\\\/12\\\/cropped-Logo.jpg\",\"width\":700,\"height\":59,\"caption\":\"CRI e Diario de Pernambuco\"},\"image\":{\"@id\":\"https:\\\/\\\/diariodepe.com.br\\\/cri\\\/#\\\/schema\\\/logo\\\/image\\\/\"}},{\"@type\":\"Person\",\"@id\":\"https:\\\/\\\/diariodepe.com.br\\\/cri\\\/#\\\/schema\\\/person\\\/e474aead631cd4098632e11d3fbce118\",\"name\":\"CRI Portugu\u00eas\",\"image\":{\"@type\":\"ImageObject\",\"inLanguage\":\"pt-BR\",\"@id\":\"https:\\\/\\\/secure.gravatar.com\\\/avatar\\\/e2ac889ef882d4dc53091b610766dce49106cf9fe98c76e06745abb0993b2763?s=96&d=mm&r=g\",\"url\":\"https:\\\/\\\/secure.gravatar.com\\\/avatar\\\/e2ac889ef882d4dc53091b610766dce49106cf9fe98c76e06745abb0993b2763?s=96&d=mm&r=g\",\"contentUrl\":\"https:\\\/\\\/secure.gravatar.com\\\/avatar\\\/e2ac889ef882d4dc53091b610766dce49106cf9fe98c76e06745abb0993b2763?s=96&d=mm&r=g\",\"caption\":\"CRI Portugu\u00eas\"},\"sameAs\":[\"https:\\\/\\\/www.diariodepernambuco.com.br\\\/\"],\"url\":\"https:\\\/\\\/diariodepe.com.br\\\/cri\\\/author\\\/agencia-cri\\\/\"}]}<\/script>\n<!-- \/ Yoast SEO plugin. -->","yoast_head_json":{"title":"Princ\u00edpio da Uma S\u00f3 China: Garantia de coopera\u00e7\u00e3o e paz entre China e UE - CRI e Diario de Pernambuco","robots":{"index":"index","follow":"follow","max-snippet":"max-snippet:-1","max-image-preview":"max-image-preview:large","max-video-preview":"max-video-preview:-1"},"canonical":"https:\/\/diariodepe.com.br\/cri\/2025\/11\/16\/principio-da-uma-so-china-garantia-de-cooperacao-e-paz-entre-china-e-ue\/","og_locale":"pt_BR","og_type":"article","og_title":"Princ\u00edpio da Uma S\u00f3 China: Garantia de coopera\u00e7\u00e3o e paz entre China e UE - CRI e Diario de Pernambuco","og_description":"As autoridades de Taiwan, do l\u00edder \u00a0Lai Ching-te, eleito pelo Partido Progressista Democr\u00e1tico (PPD) com apenas 40% dos votos, beneficiando-se da divis\u00e3o da oposi\u00e7\u00e3o em duas candidaturas, tornaram-se cada vez mais minorit\u00e1rias no chamado \u201cYuan Legislativo\u201d da regi\u00e3o. Suas tentativas...","og_url":"https:\/\/diariodepe.com.br\/cri\/2025\/11\/16\/principio-da-uma-so-china-garantia-de-cooperacao-e-paz-entre-china-e-ue\/","og_site_name":"CRI e Diario de Pernambuco","article_published_time":"2025-11-17T02:59:56+00:00","og_image":[{"url":"https:\/\/38picres.cgtn.com\/photoAlbum\/page\/performance\/img\/2025\/11\/14\/1763124875220_226.png","type":"","width":"","height":""}],"author":"CRI Portugu\u00eas","twitter_card":"summary_large_image","twitter_misc":{"Escrito por":"CRI Portugu\u00eas","Est. tempo de leitura":"7 minutos"},"schema":{"@context":"https:\/\/schema.org","@graph":[{"@type":"Article","@id":"https:\/\/diariodepe.com.br\/cri\/2025\/11\/16\/principio-da-uma-so-china-garantia-de-cooperacao-e-paz-entre-china-e-ue\/#article","isPartOf":{"@id":"https:\/\/diariodepe.com.br\/cri\/2025\/11\/16\/principio-da-uma-so-china-garantia-de-cooperacao-e-paz-entre-china-e-ue\/"},"author":{"name":"CRI Portugu\u00eas","@id":"https:\/\/diariodepe.com.br\/cri\/#\/schema\/person\/e474aead631cd4098632e11d3fbce118"},"headline":"Princ\u00edpio da Uma S\u00f3 China: Garantia de coopera\u00e7\u00e3o e paz entre China e UE","datePublished":"2025-11-17T02:59:56+00:00","mainEntityOfPage":{"@id":"https:\/\/diariodepe.com.br\/cri\/2025\/11\/16\/principio-da-uma-so-china-garantia-de-cooperacao-e-paz-entre-china-e-ue\/"},"wordCount":1198,"commentCount":0,"publisher":{"@id":"https:\/\/diariodepe.com.br\/cri\/#organization"},"image":{"@id":"https:\/\/diariodepe.com.br\/cri\/2025\/11\/16\/principio-da-uma-so-china-garantia-de-cooperacao-e-paz-entre-china-e-ue\/#primaryimage"},"thumbnailUrl":"https:\/\/38picres.cgtn.com\/photoAlbum\/page\/performance\/img\/2025\/11\/14\/1763124875220_226.png","articleSection":["Vis\u00e3o"],"inLanguage":"pt-BR","potentialAction":[{"@type":"CommentAction","name":"Comment","target":["https:\/\/diariodepe.com.br\/cri\/2025\/11\/16\/principio-da-uma-so-china-garantia-de-cooperacao-e-paz-entre-china-e-ue\/#respond"]}]},{"@type":"WebPage","@id":"https:\/\/diariodepe.com.br\/cri\/2025\/11\/16\/principio-da-uma-so-china-garantia-de-cooperacao-e-paz-entre-china-e-ue\/","url":"https:\/\/diariodepe.com.br\/cri\/2025\/11\/16\/principio-da-uma-so-china-garantia-de-cooperacao-e-paz-entre-china-e-ue\/","name":"Princ\u00edpio da Uma S\u00f3 China: Garantia de coopera\u00e7\u00e3o e paz entre China e UE - CRI e Diario de Pernambuco","isPartOf":{"@id":"https:\/\/diariodepe.com.br\/cri\/#website"},"primaryImageOfPage":{"@id":"https:\/\/diariodepe.com.br\/cri\/2025\/11\/16\/principio-da-uma-so-china-garantia-de-cooperacao-e-paz-entre-china-e-ue\/#primaryimage"},"image":{"@id":"https:\/\/diariodepe.com.br\/cri\/2025\/11\/16\/principio-da-uma-so-china-garantia-de-cooperacao-e-paz-entre-china-e-ue\/#primaryimage"},"thumbnailUrl":"https:\/\/38picres.cgtn.com\/photoAlbum\/page\/performance\/img\/2025\/11\/14\/1763124875220_226.png","datePublished":"2025-11-17T02:59:56+00:00","breadcrumb":{"@id":"https:\/\/diariodepe.com.br\/cri\/2025\/11\/16\/principio-da-uma-so-china-garantia-de-cooperacao-e-paz-entre-china-e-ue\/#breadcrumb"},"inLanguage":"pt-BR","potentialAction":[{"@type":"ReadAction","target":["https:\/\/diariodepe.com.br\/cri\/2025\/11\/16\/principio-da-uma-so-china-garantia-de-cooperacao-e-paz-entre-china-e-ue\/"]}]},{"@type":"ImageObject","inLanguage":"pt-BR","@id":"https:\/\/diariodepe.com.br\/cri\/2025\/11\/16\/principio-da-uma-so-china-garantia-de-cooperacao-e-paz-entre-china-e-ue\/#primaryimage","url":"https:\/\/38picres.cgtn.com\/photoAlbum\/page\/performance\/img\/2025\/11\/14\/1763124875220_226.png","contentUrl":"https:\/\/38picres.cgtn.com\/photoAlbum\/page\/performance\/img\/2025\/11\/14\/1763124875220_226.png"},{"@type":"BreadcrumbList","@id":"https:\/\/diariodepe.com.br\/cri\/2025\/11\/16\/principio-da-uma-so-china-garantia-de-cooperacao-e-paz-entre-china-e-ue\/#breadcrumb","itemListElement":[{"@type":"ListItem","position":1,"name":"In\u00edcio","item":"https:\/\/diariodepe.com.br\/cri\/"},{"@type":"ListItem","position":2,"name":"Princ\u00edpio da Uma S\u00f3 China: Garantia de coopera\u00e7\u00e3o e paz entre China e UE"}]},{"@type":"WebSite","@id":"https:\/\/diariodepe.com.br\/cri\/#website","url":"https:\/\/diariodepe.com.br\/cri\/","name":"CRI e Diario de Pernambuco","description":"R\u00e1dio Internacional da China","publisher":{"@id":"https:\/\/diariodepe.com.br\/cri\/#organization"},"potentialAction":[{"@type":"SearchAction","target":{"@type":"EntryPoint","urlTemplate":"https:\/\/diariodepe.com.br\/cri\/?s={search_term_string}"},"query-input":{"@type":"PropertyValueSpecification","valueRequired":true,"valueName":"search_term_string"}}],"inLanguage":"pt-BR"},{"@type":"Organization","@id":"https:\/\/diariodepe.com.br\/cri\/#organization","name":"CRI e Diario de Pernambuco","url":"https:\/\/diariodepe.com.br\/cri\/","logo":{"@type":"ImageObject","inLanguage":"pt-BR","@id":"https:\/\/diariodepe.com.br\/cri\/#\/schema\/logo\/image\/","url":"https:\/\/diariodepe.com.br\/cri\/wp-content\/uploads\/sites\/2\/2022\/12\/cropped-Logo.jpg","contentUrl":"https:\/\/diariodepe.com.br\/cri\/wp-content\/uploads\/sites\/2\/2022\/12\/cropped-Logo.jpg","width":700,"height":59,"caption":"CRI e Diario de Pernambuco"},"image":{"@id":"https:\/\/diariodepe.com.br\/cri\/#\/schema\/logo\/image\/"}},{"@type":"Person","@id":"https:\/\/diariodepe.com.br\/cri\/#\/schema\/person\/e474aead631cd4098632e11d3fbce118","name":"CRI Portugu\u00eas","image":{"@type":"ImageObject","inLanguage":"pt-BR","@id":"https:\/\/secure.gravatar.com\/avatar\/e2ac889ef882d4dc53091b610766dce49106cf9fe98c76e06745abb0993b2763?s=96&d=mm&r=g","url":"https:\/\/secure.gravatar.com\/avatar\/e2ac889ef882d4dc53091b610766dce49106cf9fe98c76e06745abb0993b2763?s=96&d=mm&r=g","contentUrl":"https:\/\/secure.gravatar.com\/avatar\/e2ac889ef882d4dc53091b610766dce49106cf9fe98c76e06745abb0993b2763?s=96&d=mm&r=g","caption":"CRI Portugu\u00eas"},"sameAs":["https:\/\/www.diariodepernambuco.com.br\/"],"url":"https:\/\/diariodepe.com.br\/cri\/author\/agencia-cri\/"}]}},"cc_featured_image_caption":{"caption_text":"","source_text":"","source_url":""},"amp_enabled":true,"_links":{"self":[{"href":"https:\/\/diariodepe.com.br\/cri\/wp-json\/wp\/v2\/posts\/10003","targetHints":{"allow":["GET"]}}],"collection":[{"href":"https:\/\/diariodepe.com.br\/cri\/wp-json\/wp\/v2\/posts"}],"about":[{"href":"https:\/\/diariodepe.com.br\/cri\/wp-json\/wp\/v2\/types\/post"}],"author":[{"embeddable":true,"href":"https:\/\/diariodepe.com.br\/cri\/wp-json\/wp\/v2\/users\/5"}],"replies":[{"embeddable":true,"href":"https:\/\/diariodepe.com.br\/cri\/wp-json\/wp\/v2\/comments?post=10003"}],"version-history":[{"count":1,"href":"https:\/\/diariodepe.com.br\/cri\/wp-json\/wp\/v2\/posts\/10003\/revisions"}],"predecessor-version":[{"id":10004,"href":"https:\/\/diariodepe.com.br\/cri\/wp-json\/wp\/v2\/posts\/10003\/revisions\/10004"}],"wp:attachment":[{"href":"https:\/\/diariodepe.com.br\/cri\/wp-json\/wp\/v2\/media?parent=10003"}],"wp:term":[{"taxonomy":"category","embeddable":true,"href":"https:\/\/diariodepe.com.br\/cri\/wp-json\/wp\/v2\/categories?post=10003"},{"taxonomy":"post_tag","embeddable":true,"href":"https:\/\/diariodepe.com.br\/cri\/wp-json\/wp\/v2\/tags?post=10003"}],"curies":[{"name":"wp","href":"https:\/\/api.w.org\/{rel}","templated":true}]}}